{"id":54935,"date":"2023-07-01T14:43:22","date_gmt":"2023-07-01T14:43:22","guid":{"rendered":"http:\/\/elterritorialweb.com.ar\/web\/?p=54935"},"modified":"2023-07-01T14:43:45","modified_gmt":"2023-07-01T14:43:45","slug":"se-viene-la-xx-feria-provincial-de-ciencia-y-tecnologia","status":"publish","type":"post","link":"https:\/\/elterritorialweb.com.ar\/web\/se-viene-la-xx-feria-provincial-de-ciencia-y-tecnologia\/","title":{"rendered":"SE VIENE LA XX FERIA PROVINCIAL DE CIENCIA Y TECNOLOG\u00cdA"},"content":{"rendered":"\n<p>La Secretar\u00eda de Ciencia y Tecnolog\u00eda y el Ministerio de Educaci\u00f3n, Ciencia y Tecnolog\u00eda, del Gobierno de la provincia, llevar\u00e1n a cabo la 20\u00b0 edici\u00f3n de la Feria Provincial en Ciencia y Tecnolog\u00eda, los d\u00edas 05, 06 y 07 de julio, en el predio ferial del Nodo Tecnol\u00f3gico.<\/p>\n\n\n\n<p>Participar\u00e1n 320 proyectos, en equipos constituidos por dos alumnos y un docente asesor, que expondr\u00e1n sus trabajos que visibilizan una diversidad de tem\u00e1ticas abordadas, con experiencias que atraviesan investigaciones en torno a las ciencias sociales, ciencias naturales, arte, matem\u00e1ticas, historia, tecnolog\u00eda y cultura de Santiago del Estero, entre otras.<\/p>\n\n\n\n<p>La fiesta m\u00e1xima de la educaci\u00f3n cient\u00edfico-t\u00e9cnica de la provincia tendr\u00e1 su acto inaugural el mi\u00e9rcoles 05 de julio a las 15:00 h, con la presencia de autoridades provinciales, municipales, educativas y de los expositores.<\/p>\n\n\n\n<p>Se invita al p\u00fablico interesado a recorrer los stands en los siguientes horarios: mi\u00e9rcoles 05, de 15:00 a 18:00 h, los d\u00edas jueves 06 y viernes 07 de 9:00 a 12:00 h.<\/p>\n\n\n\n<p>El equipo t\u00e9cnico organizador de ferias en Santiago del Estero, coordinado desde el Programa Jardines y Escuelas en Feria, celebra 20 a\u00f1os de realizaci\u00f3n ininterrumpida de este evento provincial, en la cual se presentan proyectos provenientes de todo el espectro educativo, promoviendo la pedagog\u00eda investigativa como base movilizadora de aprendizaje, fortaleciendo as\u00ed trayectos educativos de los alumnos, docentes y directivos al transitar por el camino de feria de ciencias. Haciendo de la indagaci\u00f3n cient\u00edfico-escolar una pol\u00edtica de estado.<\/p>\n","protected":false},"excerpt":{"rendered":"<p>Ser\u00e1 durante los d\u00edas 5, 6 y 7 de julio en el predio del Nodo Tecnol\u00f3gico.<\/p>\n","protected":false},"author":2,"featured_media":24949,"comment_status":"open","ping_status":"open","sticky":false,"template":"","format":"standard","meta":{"om_disable_all_campaigns":false,"_monsterinsights_skip_tracking":false,"_monsterinsights_sitenote_active":false,"_monsterinsights_sitenote_note":"","_monsterinsights_sitenote_category":0,"_uf_show_specific_survey":0,"_uf_disable_surveys":false,"jetpack_post_was_ever_published":false,"_jetpack_newsletter_access":"","_jetpack_dont_email_post_to_subs":false,"_jetpack_newsletter_tier_id":0,"_jetpack_memberships_contains_paywalled_content":false,"_jetpack_memberships_contains_paid_content":false,"footnotes":"","jetpack_publicize_message":"","jetpack_publicize_feature_enabled":true,"jetpack_social_post_already_shared":true,"jetpack_social_options":{"image_generator_settings":{"template":"highway","default_image_id":0,"font":"","enabled":false},"version":2}},"categories":[21],"tags":[],"class_list":["post-54935","post","type-post","status-publish","format-standard","has-post-thumbnail","hentry","category-locales"],"aioseo_notices":[],"views":11,"jetpack_publicize_connections":[],"jetpack_featured_media_url":"https:\/\/i0.wp.com\/elterritorialweb.com.ar\/web\/wp-content\/uploads\/2021\/07\/NODO-TECNOLOGICO.jpg?fit=700%2C466&ssl=1","jetpack_sharing_enabled":true,"_links":{"self":[{"href":"https:\/\/elterritorialweb.com.ar\/web\/wp-json\/wp\/v2\/posts\/54935","targetHints":{"allow":["GET"]}}],"collection":[{"href":"https:\/\/elterritorialweb.com.ar\/web\/wp-json\/wp\/v2\/posts"}],"about":[{"href":"https:\/\/elterritorialweb.com.ar\/web\/wp-json\/wp\/v2\/types\/post"}],"author":[{"embeddable":true,"href":"https:\/\/elterritorialweb.com.ar\/web\/wp-json\/wp\/v2\/users\/2"}],"replies":[{"embeddable":true,"href":"https:\/\/elterritorialweb.com.ar\/web\/wp-json\/wp\/v2\/comments?post=54935"}],"version-history":[{"count":1,"href":"https:\/\/elterritorialweb.com.ar\/web\/wp-json\/wp\/v2\/posts\/54935\/revisions"}],"predecessor-version":[{"id":54936,"href":"https:\/\/elterritorialweb.com.ar\/web\/wp-json\/wp\/v2\/posts\/54935\/revisions\/54936"}],"wp:featuredmedia":[{"embeddable":true,"href":"https:\/\/elterritorialweb.com.ar\/web\/wp-json\/wp\/v2\/media\/24949"}],"wp:attachment":[{"href":"https:\/\/elterritorialweb.com.ar\/web\/wp-json\/wp\/v2\/media?parent=54935"}],"wp:term":[{"taxonomy":"category","embeddable":true,"href":"https:\/\/elterritorialweb.com.ar\/web\/wp-json\/wp\/v2\/categories?post=54935"},{"taxonomy":"post_tag","embeddable":true,"href":"https:\/\/elterritorialweb.com.ar\/web\/wp-json\/wp\/v2\/tags?post=54935"}],"curies":[{"name":"wp","href":"https:\/\/api.w.org\/{rel}","templated":true}]}}