{"id":54941,"date":"2023-07-01T17:46:34","date_gmt":"2023-07-01T17:46:34","guid":{"rendered":"http:\/\/elterritorialweb.com.ar\/web\/?p=54941"},"modified":"2023-07-01T17:46:37","modified_gmt":"2023-07-01T17:46:37","slug":"presencia-santiaguena-en-los-juegos-mundiales-de-verano-en-berlin-2023","status":"publish","type":"post","link":"https:\/\/elterritorialweb.com.ar\/web\/presencia-santiaguena-en-los-juegos-mundiales-de-verano-en-berlin-2023\/","title":{"rendered":"PRESENCIA SANTIAGUE\u00d1A EN LOS JUEGOS MUNDIALES DE VERANO EN BERL\u00cdN 2023"},"content":{"rendered":"\n<p>Los <strong>Juegos Mundiales de Olimpiadas Especiales <\/strong>son celebrados cada 4 a\u00f1os, con un intervalo de 2 a\u00f1os entre Juegos Mundiales de Verano y Juegos Mundiales de Invierno, lo que da a los atletas el tiempo necesario para prepararse para competir.<\/p>\n\n\n\n<p>La delegaci\u00f3n Argentina estuvo conformada por 17 personas entre atletas, t\u00e9cnico, m\u00e9dico y Jefe de la Delegaci\u00f3n, que llegaron a este mundial con deportistas que participaron en Nataci\u00f3n, Atletismo, Bochas, Equitaci\u00f3n y Gimnasia R\u00edtmica.<\/p>\n\n\n\n<figure class=\"wp-block-image size-large\"><a href=\"https:\/\/i0.wp.com\/elterritorialweb.com.ar\/web\/wp-content\/uploads\/2023\/07\/WhatsApp-Image-2023-07-01-at-13.08.30-1-e1688233333214.jpeg\"><img data-recalc-dims=\"1\" decoding=\"async\" width=\"640\" height=\"642\" data-src=\"https:\/\/i0.wp.com\/elterritorialweb.com.ar\/web\/wp-content\/uploads\/2023\/07\/WhatsApp-Image-2023-07-01-at-13.08.30-1-e1688233333214-1021x1024.jpeg?resize=640%2C642\" alt=\"\" class=\"wp-image-54947 lazyload\" data-srcset=\"https:\/\/i0.wp.com\/elterritorialweb.com.ar\/web\/wp-content\/uploads\/2023\/07\/WhatsApp-Image-2023-07-01-at-13.08.30-1-e1688233333214.jpeg?resize=1021%2C1024&amp;ssl=1 1021w, https:\/\/i0.wp.com\/elterritorialweb.com.ar\/web\/wp-content\/uploads\/2023\/07\/WhatsApp-Image-2023-07-01-at-13.08.30-1-e1688233333214.jpeg?resize=300%2C300&amp;ssl=1 300w, https:\/\/i0.wp.com\/elterritorialweb.com.ar\/web\/wp-content\/uploads\/2023\/07\/WhatsApp-Image-2023-07-01-at-13.08.30-1-e1688233333214.jpeg?resize=150%2C150&amp;ssl=1 150w, https:\/\/i0.wp.com\/elterritorialweb.com.ar\/web\/wp-content\/uploads\/2023\/07\/WhatsApp-Image-2023-07-01-at-13.08.30-1-e1688233333214.jpeg?resize=768%2C770&amp;ssl=1 768w, https:\/\/i0.wp.com\/elterritorialweb.com.ar\/web\/wp-content\/uploads\/2023\/07\/WhatsApp-Image-2023-07-01-at-13.08.30-1-e1688233333214.jpeg?resize=1024%2C1027&amp;ssl=1 1024w, https:\/\/i0.wp.com\/elterritorialweb.com.ar\/web\/wp-content\/uploads\/2023\/07\/WhatsApp-Image-2023-07-01-at-13.08.30-1-e1688233333214.jpeg?w=1080&amp;ssl=1 1080w\" data-sizes=\"(max-width: 640px) 100vw, 640px\" src=\"data:image\/svg+xml;base64,PHN2ZyB3aWR0aD0iMSIgaGVpZ2h0PSIxIiB4bWxucz0iaHR0cDovL3d3dy53My5vcmcvMjAwMC9zdmciPjwvc3ZnPg==\" style=\"--smush-placeholder-width: 640px; --smush-placeholder-aspect-ratio: 640\/642;\" \/><\/a><\/figure>\n\n\n\n<h3 class=\"wp-block-heading\">PRESENCIA SANTIAGUE\u00d1A<\/h3>\n\n\n\n<p>El atleta local<strong> Juan Gabriel Mansilla<\/strong> alumno de la <strong>Instituci\u00f3n ASPADI<\/strong>, represent\u00f3 a nuestra provincia en este importante evento deportivo, integrando el<strong> equipo Nacional de Atletismo<\/strong>, en el cual logr\u00f3 superar varias etapas de competencias como el <strong>Torneo Provincial organizado por OEA local<\/strong> y el<strong> Torneo Nacional<\/strong> en el cual tuvo que viajar a la ciudad de <strong>Santa Rosa provincia de La Pampa<\/strong>, obteniendo resultados positivos para ser seleccionado.<\/p>\n\n\n\n<p>En el evento\u00a0mundial,<strong> Mansilla<\/strong> compiti\u00f3 en la prueba,\u00a0finales de 100 mts, obteniendo el 5\u00b0 Puesto y en la etapa de clasificaci\u00f3n de la prueba de los 200 mts, obtuvo gallardete de participaci\u00f3n.<\/p>\n\n\n\n<figure class=\"wp-block-gallery has-nested-images columns-default is-cropped wp-block-gallery-1 is-layout-flex wp-block-gallery-is-layout-flex\">\n<figure class=\"wp-block-image size-full\"><a href=\"https:\/\/i0.wp.com\/elterritorialweb.com.ar\/web\/wp-content\/uploads\/2023\/07\/WhatsApp-Image-2023-07-01-at-13.08.33-2.jpeg\"><img data-recalc-dims=\"1\" decoding=\"async\" width=\"576\" height=\"721\" data-id=\"54949\" data-src=\"https:\/\/i0.wp.com\/elterritorialweb.com.ar\/web\/wp-content\/uploads\/2023\/07\/WhatsApp-Image-2023-07-01-at-13.08.33-2.jpeg?resize=576%2C721\" alt=\"\" class=\"wp-image-54949 lazyload\" data-srcset=\"https:\/\/i0.wp.com\/elterritorialweb.com.ar\/web\/wp-content\/uploads\/2023\/07\/WhatsApp-Image-2023-07-01-at-13.08.33-2.jpeg?w=576&amp;ssl=1 576w, https:\/\/i0.wp.com\/elterritorialweb.com.ar\/web\/wp-content\/uploads\/2023\/07\/WhatsApp-Image-2023-07-01-at-13.08.33-2.jpeg?resize=240%2C300&amp;ssl=1 240w\" data-sizes=\"(max-width: 576px) 100vw, 576px\" src=\"data:image\/svg+xml;base64,PHN2ZyB3aWR0aD0iMSIgaGVpZ2h0PSIxIiB4bWxucz0iaHR0cDovL3d3dy53My5vcmcvMjAwMC9zdmciPjwvc3ZnPg==\" style=\"--smush-placeholder-width: 576px; --smush-placeholder-aspect-ratio: 576\/721;\" \/><\/a><\/figure>\n\n\n\n<figure class=\"wp-block-image size-full\"><a href=\"https:\/\/i0.wp.com\/elterritorialweb.com.ar\/web\/wp-content\/uploads\/2023\/07\/WhatsApp-Image-2023-07-01-at-13.08.33-1.jpeg\"><img data-recalc-dims=\"1\" decoding=\"async\" width=\"576\" height=\"721\" data-id=\"54948\" data-src=\"https:\/\/i0.wp.com\/elterritorialweb.com.ar\/web\/wp-content\/uploads\/2023\/07\/WhatsApp-Image-2023-07-01-at-13.08.33-1.jpeg?resize=576%2C721\" alt=\"\" class=\"wp-image-54948 lazyload\" data-srcset=\"https:\/\/i0.wp.com\/elterritorialweb.com.ar\/web\/wp-content\/uploads\/2023\/07\/WhatsApp-Image-2023-07-01-at-13.08.33-1.jpeg?w=576&amp;ssl=1 576w, https:\/\/i0.wp.com\/elterritorialweb.com.ar\/web\/wp-content\/uploads\/2023\/07\/WhatsApp-Image-2023-07-01-at-13.08.33-1.jpeg?resize=240%2C300&amp;ssl=1 240w\" data-sizes=\"(max-width: 576px) 100vw, 576px\" src=\"data:image\/svg+xml;base64,PHN2ZyB3aWR0aD0iMSIgaGVpZ2h0PSIxIiB4bWxucz0iaHR0cDovL3d3dy53My5vcmcvMjAwMC9zdmciPjwvc3ZnPg==\" style=\"--smush-placeholder-width: 576px; --smush-placeholder-aspect-ratio: 576\/721;\" \/><\/a><\/figure>\n<\/figure>\n\n\n\n<h3 class=\"wp-block-heading\">RESULTADOS OBTENIDOS POR LA DELEGACI\u00d3N ARGENTINA<\/h3>\n\n\n\n<ul class=\"wp-block-list\">\n<li><strong>Equitaci\u00f3n:<\/strong> 2 medallas doradas, 2 medallas de plata y un 4to Puesto.<\/li>\n\n\n\n<li><strong>Bochas:<\/strong> un 4to Puesto, un 5to Puesto y un 6to Puesto.<\/li>\n\n\n\n<li><strong>Nataci\u00f3n:<\/strong> un 5to Puesto, un 6to Puesto y 2 gallardetes de participaci\u00f3n.<\/li>\n\n\n\n<li><strong>Atletismo: <\/strong>un 5to Puesto, un 7mo Puesto y 2 gallardetes de participaci\u00f3n.<\/li>\n\n\n\n<li><strong>Gimnasia R\u00edtmica: <\/strong>1 medalla dorada, 3 medallas de plata, 2 medallas de bronce, un 4to Puesto, un 5to Puesto y dos 6to Puesto.<\/li>\n<\/ul>\n\n\n\n<p>Los&nbsp;<strong>Juegos Mundiales de Verano de Special Olympics, Berl\u00edn 2023<\/strong>&nbsp;fueron una experiencia incre\u00edble,&nbsp;nuestra delegaci\u00f3n disfrut\u00f3&nbsp;y demostr\u00f3 una vez m\u00e1s que el deporte es una herramienta inclusiva maravillosa que empodera y enriquece la vida de nuestros atletas.<\/p>\n\n\n\n<p>El pr\u00f3ximo evento global ser\u00e1 en Italia,\u00a0los\u00a0<strong>Juegos Mundiales de Invierno de Special Olympics, Torino 2025.<\/strong> Desde <strong>Olimpiadas Especiales Argentina<\/strong> informaron que seguiran trabajando diariamente para promover la inclusi\u00f3n de personas con discapacidad intelectual a trav\u00e9s del deporte y celebrar sus logros con la comunidad.\u00a0<\/p>\n\n\n\n<figure class=\"wp-block-gallery has-nested-images columns-default is-cropped wp-block-gallery-2 is-layout-flex wp-block-gallery-is-layout-flex\">\n<figure class=\"wp-block-image size-large\"><a href=\"https:\/\/i0.wp.com\/elterritorialweb.com.ar\/web\/wp-content\/uploads\/2023\/07\/WhatsApp-Image-2023-07-01-at-13.08.29-1.jpeg\"><img data-recalc-dims=\"1\" decoding=\"async\" width=\"640\" height=\"853\" data-id=\"54945\" data-src=\"https:\/\/i0.wp.com\/elterritorialweb.com.ar\/web\/wp-content\/uploads\/2023\/07\/WhatsApp-Image-2023-07-01-at-13.08.29-1.jpeg?resize=640%2C853\" alt=\"\" class=\"wp-image-54945 lazyload\" data-srcset=\"https:\/\/i0.wp.com\/elterritorialweb.com.ar\/web\/wp-content\/uploads\/2023\/07\/WhatsApp-Image-2023-07-01-at-13.08.29-1.jpeg?w=768&amp;ssl=1 768w, https:\/\/i0.wp.com\/elterritorialweb.com.ar\/web\/wp-content\/uploads\/2023\/07\/WhatsApp-Image-2023-07-01-at-13.08.29-1.jpeg?resize=225%2C300&amp;ssl=1 225w\" data-sizes=\"(max-width: 640px) 100vw, 640px\" src=\"data:image\/svg+xml;base64,PHN2ZyB3aWR0aD0iMSIgaGVpZ2h0PSIxIiB4bWxucz0iaHR0cDovL3d3dy53My5vcmcvMjAwMC9zdmciPjwvc3ZnPg==\" style=\"--smush-placeholder-width: 640px; --smush-placeholder-aspect-ratio: 640\/853;\" \/><\/a><\/figure>\n\n\n\n<figure class=\"wp-block-image size-large\"><a href=\"https:\/\/i0.wp.com\/elterritorialweb.com.ar\/web\/wp-content\/uploads\/2023\/07\/WhatsApp-Image-2023-07-01-at-13.08.29.jpeg\"><img data-recalc-dims=\"1\" decoding=\"async\" width=\"640\" height=\"853\" data-id=\"54946\" data-src=\"https:\/\/i0.wp.com\/elterritorialweb.com.ar\/web\/wp-content\/uploads\/2023\/07\/WhatsApp-Image-2023-07-01-at-13.08.29.jpeg?resize=640%2C853\" alt=\"\" class=\"wp-image-54946 lazyload\" data-srcset=\"https:\/\/i0.wp.com\/elterritorialweb.com.ar\/web\/wp-content\/uploads\/2023\/07\/WhatsApp-Image-2023-07-01-at-13.08.29.jpeg?resize=768%2C1024&amp;ssl=1 768w, https:\/\/i0.wp.com\/elterritorialweb.com.ar\/web\/wp-content\/uploads\/2023\/07\/WhatsApp-Image-2023-07-01-at-13.08.29.jpeg?resize=225%2C300&amp;ssl=1 225w, https:\/\/i0.wp.com\/elterritorialweb.com.ar\/web\/wp-content\/uploads\/2023\/07\/WhatsApp-Image-2023-07-01-at-13.08.29.jpeg?resize=1024%2C1365&amp;ssl=1 1024w, https:\/\/i0.wp.com\/elterritorialweb.com.ar\/web\/wp-content\/uploads\/2023\/07\/WhatsApp-Image-2023-07-01-at-13.08.29.jpeg?w=1080&amp;ssl=1 1080w\" data-sizes=\"(max-width: 640px) 100vw, 640px\" src=\"data:image\/svg+xml;base64,PHN2ZyB3aWR0aD0iMSIgaGVpZ2h0PSIxIiB4bWxucz0iaHR0cDovL3d3dy53My5vcmcvMjAwMC9zdmciPjwvc3ZnPg==\" style=\"--smush-placeholder-width: 640px; --smush-placeholder-aspect-ratio: 640\/853;\" \/><\/a><\/figure>\n<\/figure>\n\n\n\n<h3 class=\"wp-block-heading\">Emotiva bienvenida al atleta santiague\u00f1o<\/h3>\n\n\n\n<p>En la ma\u00f1ana de este s\u00e1bado, el atleta santiague\u00f1o <strong>Juan Gabriel Mansilla<\/strong>, que particip\u00f3 en los<strong> Juegos Mundiales de Verano Berl\u00edn 2023<\/strong>, tuvo una c\u00e1lida bienvenida por el Responsable Deportivo Mat\u00edas Guti\u00e9rrez, en representaci\u00f3n de la Presidente de OEA local, Mar\u00eda Ang\u00e9lica Paladea de Luna, compa\u00f1eros y familiares recibieron con carteles y banderas para felicitarlo por su participaci\u00f3n y dejar bien alto a la provincia en estos juegos mundiales. <\/p>\n\n\n\n<p>Luego el atleta se sumi\u00f3 a un fraternal abrazo con su<strong> profesor Carlos Paz de ASPADI<\/strong>, quien estuvo a cargo de su preparaci\u00f3n. Lo felicito y alent\u00f3 a todos los atletas especiales a seguir entrenando <em>\u201cesta experiencia que tuvo Juan, es un largo trabajo que se viene realizando a\u00f1o tras a\u00f1o para darles la posibilidad y oportunidades a todos\u201d<\/em>, expreso.<\/p>\n\n\n\n<p>Despu\u00e9s continuo el <strong>profesor Mat\u00edas Guti\u00e9rrez<\/strong>, agradeci\u00f3 a sus compa\u00f1eras voluntarias\u00a0de <strong>OEA Santiago del Estero<\/strong>, al prof. Carlos Paz <em>\u201cpor el arduo trabajo que vienen realizando en conjunto\u201d<\/em>, a las familia del atleta por el acompa\u00f1amiento que considero, <em>\u201clo m\u00e1s importante\u201d<\/em>. Agradeci\u00f3 a la<strong> Sra. Chicha Paladea de Luna<\/strong> por seguir trabajando para que las personas con discapacidad intelectual tengan esta experiencia \u00fanica en sus vidas.<\/p>\n\n\n\n<p>Finalmente, agradeci\u00f3 a la subsecretaria de la provincia por el constate apoyo al programa de Olimpiadas Especiales Argentina en nuestra provincia.<\/p>\n","protected":false},"excerpt":{"rendered":"<p>Se desarrollaron desde el 17 al 25 de junio en Berl\u00edn, Alemania, y estuvo organizado por Special Olympics.<\/p>\n","protected":false},"author":2,"featured_media":54942,"comment_status":"open","ping_status":"open","sticky":false,"template":"","format":"standard","meta":{"om_disable_all_campaigns":false,"_monsterinsights_skip_tracking":false,"_monsterinsights_sitenote_active":false,"_monsterinsights_sitenote_note":"","_monsterinsights_sitenote_category":0,"_uf_show_specific_survey":0,"_uf_disable_surveys":false,"jetpack_post_was_ever_published":false,"_jetpack_newsletter_access":"","_jetpack_dont_email_post_to_subs":false,"_jetpack_newsletter_tier_id":0,"_jetpack_memberships_contains_paywalled_content":false,"_jetpack_memberships_contains_paid_content":false,"footnotes":"","jetpack_publicize_message":"","jetpack_publicize_feature_enabled":true,"jetpack_social_post_already_shared":true,"jetpack_social_options":{"image_generator_settings":{"template":"highway","default_image_id":0,"font":"","enabled":false},"version":2}},"categories":[6,4],"tags":[],"class_list":["post-54941","post","type-post","status-publish","format-standard","has-post-thumbnail","hentry","category-deportes","category-destacadas"],"aioseo_notices":[],"views":98,"jetpack_publicize_connections":[],"jetpack_featured_media_url":"https:\/\/i0.wp.com\/elterritorialweb.com.ar\/web\/wp-content\/uploads\/2023\/07\/WhatsApp-Image-2023-07-01-at-13.08.34-e1688233232500.jpeg?fit=972%2C648&ssl=1","jetpack_sharing_enabled":true,"_links":{"self":[{"href":"https:\/\/elterritorialweb.com.ar\/web\/wp-json\/wp\/v2\/posts\/54941","targetHints":{"allow":["GET"]}}],"collection":[{"href":"https:\/\/elterritorialweb.com.ar\/web\/wp-json\/wp\/v2\/posts"}],"about":[{"href":"https:\/\/elterritorialweb.com.ar\/web\/wp-json\/wp\/v2\/types\/post"}],"author":[{"embeddable":true,"href":"https:\/\/elterritorialweb.com.ar\/web\/wp-json\/wp\/v2\/users\/2"}],"replies":[{"embeddable":true,"href":"https:\/\/elterritorialweb.com.ar\/web\/wp-json\/wp\/v2\/comments?post=54941"}],"version-history":[{"count":1,"href":"https:\/\/elterritorialweb.com.ar\/web\/wp-json\/wp\/v2\/posts\/54941\/revisions"}],"predecessor-version":[{"id":54950,"href":"https:\/\/elterritorialweb.com.ar\/web\/wp-json\/wp\/v2\/posts\/54941\/revisions\/54950"}],"wp:featuredmedia":[{"embeddable":true,"href":"https:\/\/elterritorialweb.com.ar\/web\/wp-json\/wp\/v2\/media\/54942"}],"wp:attachment":[{"href":"https:\/\/elterritorialweb.com.ar\/web\/wp-json\/wp\/v2\/media?parent=54941"}],"wp:term":[{"taxonomy":"category","embeddable":true,"href":"https:\/\/elterritorialweb.com.ar\/web\/wp-json\/wp\/v2\/categories?post=54941"},{"taxonomy":"post_tag","embeddable":true,"href":"https:\/\/elterritorialweb.com.ar\/web\/wp-json\/wp\/v2\/tags?post=54941"}],"curies":[{"name":"wp","href":"https:\/\/api.w.org\/{rel}","templated":true}]}}