{"id":54951,"date":"2023-07-01T18:01:42","date_gmt":"2023-07-01T18:01:42","guid":{"rendered":"http:\/\/elterritorialweb.com.ar\/web\/?p=54951"},"modified":"2023-07-01T18:01:45","modified_gmt":"2023-07-01T18:01:45","slug":"comenzo-a-desarrollarse-el-festival-entramada-de-los-emprendedores-y-food-truck","status":"publish","type":"post","link":"https:\/\/elterritorialweb.com.ar\/web\/comenzo-a-desarrollarse-el-festival-entramada-de-los-emprendedores-y-food-truck\/","title":{"rendered":"COMENZ\u00d3 A DESARROLLARSE EL FESTIVAL \u00abENTRAMADA DE LOS EMPRENDEDORES Y FOOD TRUCK\u00bb"},"content":{"rendered":"\n<p>Este festival se presentar\u00e1 hasta el domingo 2 de julio, a partir de las 17, en la plaza Manuel Belgrano, donde actuar\u00e1n grupos musicales en vivo, Djs y tambi\u00e9n habr\u00e1 sorteos de importantes premios, feria de artesanos y emprendedores.<br>El director de la Juventud, Delfor Ger\u00e9z, declar\u00f3: \u00abEs una enorme alegr\u00eda recibirlos en esta segunda edici\u00f3n del Festival &#8216;Entramada de los Emprendedores y Food Trucks&#8217;. En esta oportunidad nos est\u00e1n acompa\u00f1ando la Oficina de la Diversidad que est\u00e1 conmemorando el cierre del Mes del Orgullo junto a diferentes organizaciones, lo que viene a ser el broche de oro para ellos de lo que fue un mes de festejos, reivindicaci\u00f3n y lucha constante. Esto es lo que Iris Casta\u00f1ares est\u00e1 apelando desde la Oficina de la Diversidad y es tambi\u00e9n una pol\u00edtica de la gesti\u00f3n del intendente Roger Nediani\u00bb.<\/p>\n\n\n\n<figure class=\"wp-block-image size-large\"><a href=\"https:\/\/i0.wp.com\/elterritorialweb.com.ar\/web\/wp-content\/uploads\/2023\/07\/WhatsApp-Image-2023-07-01-at-12.38.58-1.jpeg\"><img data-recalc-dims=\"1\" decoding=\"async\" width=\"640\" height=\"426\" data-src=\"https:\/\/i0.wp.com\/elterritorialweb.com.ar\/web\/wp-content\/uploads\/2023\/07\/WhatsApp-Image-2023-07-01-at-12.38.58-1.jpeg?resize=640%2C426\" alt=\"\" class=\"wp-image-54953 lazyload\" data-srcset=\"https:\/\/i0.wp.com\/elterritorialweb.com.ar\/web\/wp-content\/uploads\/2023\/07\/WhatsApp-Image-2023-07-01-at-12.38.58-1.jpeg?resize=1024%2C682&amp;ssl=1 1024w, https:\/\/i0.wp.com\/elterritorialweb.com.ar\/web\/wp-content\/uploads\/2023\/07\/WhatsApp-Image-2023-07-01-at-12.38.58-1.jpeg?resize=300%2C200&amp;ssl=1 300w, https:\/\/i0.wp.com\/elterritorialweb.com.ar\/web\/wp-content\/uploads\/2023\/07\/WhatsApp-Image-2023-07-01-at-12.38.58-1.jpeg?resize=768%2C512&amp;ssl=1 768w, https:\/\/i0.wp.com\/elterritorialweb.com.ar\/web\/wp-content\/uploads\/2023\/07\/WhatsApp-Image-2023-07-01-at-12.38.58-1.jpeg?resize=1536%2C1023&amp;ssl=1 1536w, https:\/\/i0.wp.com\/elterritorialweb.com.ar\/web\/wp-content\/uploads\/2023\/07\/WhatsApp-Image-2023-07-01-at-12.38.58-1.jpeg?w=1600&amp;ssl=1 1600w, https:\/\/i0.wp.com\/elterritorialweb.com.ar\/web\/wp-content\/uploads\/2023\/07\/WhatsApp-Image-2023-07-01-at-12.38.58-1.jpeg?w=1280 1280w\" data-sizes=\"(max-width: 640px) 100vw, 640px\" src=\"data:image\/svg+xml;base64,PHN2ZyB3aWR0aD0iMSIgaGVpZ2h0PSIxIiB4bWxucz0iaHR0cDovL3d3dy53My5vcmcvMjAwMC9zdmciPjwvc3ZnPg==\" style=\"--smush-placeholder-width: 640px; --smush-placeholder-aspect-ratio: 640\/426;\" \/><\/a><\/figure>\n\n\n\n<p>\u00abNosotros como Direcci\u00f3n de la Juventud y organizadores del evento la Entramada, no quer\u00edamos dejar pasar la oportunidad de incluirlos para que todos juntos podamos brindar una propuesta diferente que es lo que se busca con este evento. La idea del intendente Nediani es apostar por los microemprendiemientos y la econom\u00eda popular. Desde un principio, la secretaria de Gobierno, Victoria Torres, nos acept\u00f3 la propuesta de este evento y nos dijo que pongamos todo nuestro empe\u00f1o; como as\u00ed tambi\u00e9n todo el municipio en s\u00ed est\u00e1 colaborando a trav\u00e9s de las diferentes secretar\u00edas\u00bb.<br>Agreg\u00f3: \u00abEn esta edici\u00f3n tenemos una gran cartelera, la propuesta cultural es bastante variada. Hay folclore, cumbia, cuarteto, guaracha, m\u00fasica del recuerdo, pasando por muchos ritmos latinos tambi\u00e9n\u00bb.<br>\u201cCada encuentro comenzar\u00e1 a las 17 y se extender\u00e1n hasta cerca la medianoche. Todas las familias bande\u00f1as est\u00e1n invitadas a pasar una gran tarde y disfrutar de las propuestas gastron\u00f3micas y bebidas de los Food Trucks\u00bb, finaliz\u00f3 Ger\u00e9z.<\/p>\n\n\n\n<figure class=\"wp-block-image size-large\"><a href=\"https:\/\/i0.wp.com\/elterritorialweb.com.ar\/web\/wp-content\/uploads\/2023\/07\/WhatsApp-Image-2023-07-01-at-12.38.57.jpeg\"><img data-recalc-dims=\"1\" decoding=\"async\" width=\"640\" height=\"423\" data-src=\"https:\/\/i0.wp.com\/elterritorialweb.com.ar\/web\/wp-content\/uploads\/2023\/07\/WhatsApp-Image-2023-07-01-at-12.38.57.jpeg?resize=640%2C423\" alt=\"\" class=\"wp-image-54955 lazyload\" data-srcset=\"https:\/\/i0.wp.com\/elterritorialweb.com.ar\/web\/wp-content\/uploads\/2023\/07\/WhatsApp-Image-2023-07-01-at-12.38.57.jpeg?resize=1024%2C676&amp;ssl=1 1024w, https:\/\/i0.wp.com\/elterritorialweb.com.ar\/web\/wp-content\/uploads\/2023\/07\/WhatsApp-Image-2023-07-01-at-12.38.57.jpeg?resize=300%2C198&amp;ssl=1 300w, https:\/\/i0.wp.com\/elterritorialweb.com.ar\/web\/wp-content\/uploads\/2023\/07\/WhatsApp-Image-2023-07-01-at-12.38.57.jpeg?resize=768%2C507&amp;ssl=1 768w, https:\/\/i0.wp.com\/elterritorialweb.com.ar\/web\/wp-content\/uploads\/2023\/07\/WhatsApp-Image-2023-07-01-at-12.38.57.jpeg?resize=1536%2C1015&amp;ssl=1 1536w, https:\/\/i0.wp.com\/elterritorialweb.com.ar\/web\/wp-content\/uploads\/2023\/07\/WhatsApp-Image-2023-07-01-at-12.38.57.jpeg?w=1600&amp;ssl=1 1600w, https:\/\/i0.wp.com\/elterritorialweb.com.ar\/web\/wp-content\/uploads\/2023\/07\/WhatsApp-Image-2023-07-01-at-12.38.57.jpeg?w=1280 1280w\" data-sizes=\"(max-width: 640px) 100vw, 640px\" src=\"data:image\/svg+xml;base64,PHN2ZyB3aWR0aD0iMSIgaGVpZ2h0PSIxIiB4bWxucz0iaHR0cDovL3d3dy53My5vcmcvMjAwMC9zdmciPjwvc3ZnPg==\" style=\"--smush-placeholder-width: 640px; --smush-placeholder-aspect-ratio: 640\/423;\" \/><\/a><\/figure>\n\n\n\n<p>Por \u00faltimo, cabe destacar que durante los tres d\u00edas del festival se presentar\u00e1n artistas como Ram\u00f3n \u00c1lvarez, Mart\u00edn Figueroa, Sebasti\u00e1n Vega, Warmikuna, JL y Los Buenos, D\u00fao Renacer, Desendensia, Arena Folk, Vitrola Rock, entre otros artistas.<\/p>\n","protected":false},"excerpt":{"rendered":"<p>El d\u00eda viernes comenz\u00f3 a desarrollarse el Festival \u201cEntramada de los Emprendedores y Food Truck\u201d organizado por la Direcci\u00f3n de la Juventud dependiente de la Secretar\u00eda de Gobierno de la Municipalidad de La Banda.<\/p>\n","protected":false},"author":2,"featured_media":54954,"comment_status":"open","ping_status":"open","sticky":false,"template":"","format":"standard","meta":{"om_disable_all_campaigns":false,"_monsterinsights_skip_tracking":false,"_monsterinsights_sitenote_active":false,"_monsterinsights_sitenote_note":"","_monsterinsights_sitenote_category":0,"_uf_show_specific_survey":0,"_uf_disable_surveys":false,"jetpack_post_was_ever_published":false,"_jetpack_newsletter_access":"","_jetpack_dont_email_post_to_subs":false,"_jetpack_newsletter_tier_id":0,"_jetpack_memberships_contains_paywalled_content":false,"_jetpack_memberships_contains_paid_content":false,"footnotes":"","jetpack_publicize_message":"","jetpack_publicize_feature_enabled":true,"jetpack_social_post_already_shared":true,"jetpack_social_options":{"image_generator_settings":{"template":"highway","default_image_id":0,"font":"","enabled":false},"version":2}},"categories":[9],"tags":[71],"class_list":["post-54951","post","type-post","status-publish","format-standard","has-post-thumbnail","hentry","category-banda","tag-municipalidad-de-la-banda"],"aioseo_notices":[],"views":18,"jetpack_publicize_connections":[],"jetpack_featured_media_url":"https:\/\/i0.wp.com\/elterritorialweb.com.ar\/web\/wp-content\/uploads\/2023\/07\/WhatsApp-Image-2023-07-01-at-12.38.58.jpeg?fit=1600%2C1057&ssl=1","jetpack_sharing_enabled":true,"_links":{"self":[{"href":"https:\/\/elterritorialweb.com.ar\/web\/wp-json\/wp\/v2\/posts\/54951","targetHints":{"allow":["GET"]}}],"collection":[{"href":"https:\/\/elterritorialweb.com.ar\/web\/wp-json\/wp\/v2\/posts"}],"about":[{"href":"https:\/\/elterritorialweb.com.ar\/web\/wp-json\/wp\/v2\/types\/post"}],"author":[{"embeddable":true,"href":"https:\/\/elterritorialweb.com.ar\/web\/wp-json\/wp\/v2\/users\/2"}],"replies":[{"embeddable":true,"href":"https:\/\/elterritorialweb.com.ar\/web\/wp-json\/wp\/v2\/comments?post=54951"}],"version-history":[{"count":1,"href":"https:\/\/elterritorialweb.com.ar\/web\/wp-json\/wp\/v2\/posts\/54951\/revisions"}],"predecessor-version":[{"id":54956,"href":"https:\/\/elterritorialweb.com.ar\/web\/wp-json\/wp\/v2\/posts\/54951\/revisions\/54956"}],"wp:featuredmedia":[{"embeddable":true,"href":"https:\/\/elterritorialweb.com.ar\/web\/wp-json\/wp\/v2\/media\/54954"}],"wp:attachment":[{"href":"https:\/\/elterritorialweb.com.ar\/web\/wp-json\/wp\/v2\/media?parent=54951"}],"wp:term":[{"taxonomy":"category","embeddable":true,"href":"https:\/\/elterritorialweb.com.ar\/web\/wp-json\/wp\/v2\/categories?post=54951"},{"taxonomy":"post_tag","embeddable":true,"href":"https:\/\/elterritorialweb.com.ar\/web\/wp-json\/wp\/v2\/tags?post=54951"}],"curies":[{"name":"wp","href":"https:\/\/api.w.org\/{rel}","templated":true}]}}