{"id":54957,"date":"2023-07-01T18:13:18","date_gmt":"2023-07-01T18:13:18","guid":{"rendered":"http:\/\/elterritorialweb.com.ar\/web\/?p=54957"},"modified":"2023-07-01T18:13:20","modified_gmt":"2023-07-01T18:13:20","slug":"convocan-a-docentes-para-opciones-de-cargos-de-jardines-municipales-de-la-banda","status":"publish","type":"post","link":"https:\/\/elterritorialweb.com.ar\/web\/convocan-a-docentes-para-opciones-de-cargos-de-jardines-municipales-de-la-banda\/","title":{"rendered":"CONVOCAN A DOCENTES PARA OPCIONES DE CARGOS DE JARDINES MUNICIPALES DE LA BANDA"},"content":{"rendered":"\n<p>El acto se llevar\u00e1 a cabo a partir de las 9:30 en instalaciones de la Escuela de Programaci\u00f3n y Rob\u00f3tica, situada en avenida Besares y S\u00e1enz Pe\u00f1a, y ser\u00e1 con un puntaje a partir de 46,32.<br>El llamado abarca los siguientes cargos: Maestra de secci\u00f3n interino, vacante por renuncia en el Jard\u00edn N\u00b014 \u201cDuendecitos\u201d, y Maestra de Secci\u00f3n Suplente, Art. 30\u00b0; \u201cPor cargo de mayor jerarqu\u00eda\u201d en el Jard\u00edn N\u00b05 \u201cJulia A. Valdivia\u201d (turno ma\u00f1ana); un cargo de Maestra de Sala de car\u00e1cter suplente (turno ma\u00f1ana) en el Jard\u00edn N\u00b0 12 \u00abAlbergue de Sue\u00f1os\u00bb, vacante por Art. 6\u00b0 b.<br>En el momento de la opci\u00f3n, las docentes deber\u00e1n presentar: fotocopia y original del t\u00edtulo docente; fotocopia y original del DNI; r\u00e9gimen de incompatibilidad original y firmado hasta 48 horas antes del d\u00eda de la designaci\u00f3n; declaraci\u00f3n jurada de cargo (en caso de no poseer cargo); CUIL; certificado de buena conducta actualizado; acta de nacimiento de los hijos para dirimir en caso de empate. Se recuerda que sin alguno de estos requisitos las docentes no podr\u00e1n participar en el acto de opci\u00f3n de cargos.<\/p>\n","protected":false},"excerpt":{"rendered":"<p>La Subsecretar\u00eda de Educaci\u00f3n y Cultura y la Junta de Calificaciones y Clasificaciones de Nivel Inicial de la Municipalidad de La Banda, informan que el 5 de julio se realizar\u00e1n opciones de cargos de interinatos y suplencias de Directora y Maestras de Secci\u00f3n\/Celadoras seg\u00fan LOM 2023.<\/p>\n","protected":false},"author":2,"featured_media":54958,"comment_status":"open","ping_status":"open","sticky":false,"template":"","format":"standard","meta":{"om_disable_all_campaigns":false,"_monsterinsights_skip_tracking":false,"_monsterinsights_sitenote_active":false,"_monsterinsights_sitenote_note":"","_monsterinsights_sitenote_category":0,"_uf_show_specific_survey":0,"_uf_disable_surveys":false,"jetpack_post_was_ever_published":false,"_jetpack_newsletter_access":"","_jetpack_dont_email_post_to_subs":false,"_jetpack_newsletter_tier_id":0,"_jetpack_memberships_contains_paywalled_content":false,"_jetpack_memberships_contains_paid_content":false,"footnotes":"","jetpack_publicize_message":"","jetpack_publicize_feature_enabled":true,"jetpack_social_post_already_shared":true,"jetpack_social_options":{"image_generator_settings":{"template":"highway","default_image_id":0,"font":"","enabled":false},"version":2}},"categories":[9],"tags":[313,71],"class_list":["post-54957","post","type-post","status-publish","format-standard","has-post-thumbnail","hentry","category-banda","tag-jardines-de-infantes-municipales","tag-municipalidad-de-la-banda"],"aioseo_notices":[],"views":33,"jetpack_publicize_connections":[],"jetpack_featured_media_url":"https:\/\/i0.wp.com\/elterritorialweb.com.ar\/web\/wp-content\/uploads\/2023\/07\/WhatsApp-Image-2023-07-01-at-12.38.56.jpeg?fit=782%2C500&ssl=1","jetpack_sharing_enabled":true,"_links":{"self":[{"href":"https:\/\/elterritorialweb.com.ar\/web\/wp-json\/wp\/v2\/posts\/54957","targetHints":{"allow":["GET"]}}],"collection":[{"href":"https:\/\/elterritorialweb.com.ar\/web\/wp-json\/wp\/v2\/posts"}],"about":[{"href":"https:\/\/elterritorialweb.com.ar\/web\/wp-json\/wp\/v2\/types\/post"}],"author":[{"embeddable":true,"href":"https:\/\/elterritorialweb.com.ar\/web\/wp-json\/wp\/v2\/users\/2"}],"replies":[{"embeddable":true,"href":"https:\/\/elterritorialweb.com.ar\/web\/wp-json\/wp\/v2\/comments?post=54957"}],"version-history":[{"count":1,"href":"https:\/\/elterritorialweb.com.ar\/web\/wp-json\/wp\/v2\/posts\/54957\/revisions"}],"predecessor-version":[{"id":54959,"href":"https:\/\/elterritorialweb.com.ar\/web\/wp-json\/wp\/v2\/posts\/54957\/revisions\/54959"}],"wp:featuredmedia":[{"embeddable":true,"href":"https:\/\/elterritorialweb.com.ar\/web\/wp-json\/wp\/v2\/media\/54958"}],"wp:attachment":[{"href":"https:\/\/elterritorialweb.com.ar\/web\/wp-json\/wp\/v2\/media?parent=54957"}],"wp:term":[{"taxonomy":"category","embeddable":true,"href":"https:\/\/elterritorialweb.com.ar\/web\/wp-json\/wp\/v2\/categories?post=54957"},{"taxonomy":"post_tag","embeddable":true,"href":"https:\/\/elterritorialweb.com.ar\/web\/wp-json\/wp\/v2\/tags?post=54957"}],"curies":[{"name":"wp","href":"https:\/\/api.w.org\/{rel}","templated":true}]}}