{"id":55091,"date":"2023-07-04T18:09:15","date_gmt":"2023-07-04T18:09:15","guid":{"rendered":"http:\/\/elterritorialweb.com.ar\/web\/?p=55091"},"modified":"2023-07-05T02:31:02","modified_gmt":"2023-07-05T02:31:02","slug":"el-aniversario-470-de-la-ciudad-se-celebra-en-la-pena-del-bombo-con-la-ronda-leguera","status":"publish","type":"post","link":"https:\/\/elterritorialweb.com.ar\/web\/el-aniversario-470-de-la-ciudad-se-celebra-en-la-pena-del-bombo-con-la-ronda-leguera\/","title":{"rendered":"EL ANIVERSARIO 470\u00b0 DE LA CIUDAD SE CELEBRA EN \u00abLA PE\u00d1A DE LOS BOMBOS\u00bb CON LA RONDA LEGUERA"},"content":{"rendered":"\n<p>En conjunto con Retumbo, integrado por los hermanos Saavedra, la noche del 22 de julio ser\u00e1 inolvidable. En ese mismo d\u00eda que los bombos marchar\u00e1n por las calles de la ciudad durante la ma\u00f1ana, este espacio propone seguir haciendo repicar los parches desde las 21 horas en \u201cLa Sede\u201d, ubicada en el barrio 8 de abril.<\/p>\n\n\n\n<p>El movimiento nacido hace 10 a\u00f1os que lleva al frente Juan Cruz \u201cJuani Rojas\u201d, busca dar visibilidad a la cultura del tambor nativo, aportando al desarrollo de generar la identidad de pertenencia, proponiendo espacios de encuentro e intercambio, talleres y propuestas que permiten la inclusi\u00f3n a la cultura folcl\u00f3rica desde la percusi\u00f3n, la danza y el aprendizaje permanente.<\/p>\n\n\n\n<p>Basado en compartir colectivamente para una conciencia de reconocimiento de la naturaleza y sus virtudes, las culturas y su preservaci\u00f3n, desde Buenos Aires desarrollan presentaciones art\u00edstico-culturales con un sentido propio de integraci\u00f3n y difusi\u00f3n, un trabajo que ha tenido su alcance a nivel internacional con la creaci\u00f3n del Encuentro de Bombos Leg\u00fceros en Uruguay durante el 2013. Sumado a ello, la participaci\u00f3n como invitados en el festival \u201cSonidos de \u00c1frica\u201d llevado a cabo en el Centro Cultural N\u00e9stor Kirchner, en el mes de marzo, donde fueron la parte nativa en percusi\u00f3n argentina, fortaleciendo el v\u00ednculo con la ra\u00edz afrodescendiente existente en los ritmos leg\u00fceros, ReApertura del espacio cultural Tecn\u00f3polis 2019.<\/p>\n\n\n\n<p>Asimismo, fueron parte de la producci\u00f3n integral \u201cFestival Malvinas Leg\u00fcera\u201d en Malvinas Argentinas, Buenos Aires, en dos ediciones consecutivas. Tambi\u00e9n tienen en su haber, presentaciones en vivo en eventos culturales en diferentes localidades como Navarro, San Pedro, Arrecifes, Rosario, Laprida, Escobar, Tigre, Pilar, San Mart\u00edn, Merlo, Caba. Todo ello en Buenos Aires.<\/p>\n\n\n\n<h3 class=\"wp-block-heading\">Marcha de los Bombos<\/h3>\n\n\n\n<p>Cabe destacar que el movimiento tambi\u00e9n lleva adelante la promoci\u00f3n y difusi\u00f3n de \u201cLa Marcha de los Bombos en Santiago del Estero\u201d, donde en la edici\u00f3n pasada vinieron a la provincia con una delegaci\u00f3n de m\u00e1s de 500 personas. Algunas de ellas oriundas del sur del pa\u00eds, c\u00f3mo Neuqu\u00e9n, que, por segunda vez, estuvieron presentes.<\/p>\n\n\n\n<p>Teniendo en cuenta esta relaci\u00f3n con el bombo, mantienen un programa de concientizaci\u00f3n sobre la siembra de \u00e1rboles, principalmente del Ceibo, del cual se construye el bombo. Con el proyecto \u201cSemillas Latiendo\u201d, recolectan, germinan y reparten semillas de Ceibo en los talleres que brindan sobre iniciaci\u00f3n a la percusi\u00f3n folcl\u00f3rica.<\/p>\n\n\n\n<p>\u201c\u00a8Semillas Latiendo\u00b4 es un espacio principalmente para los ni\u00f1os, y adultos, que deseen acompa\u00f1ar la intenci\u00f3n de devolver a la madre tierra un poco de lo tanto que nos ha dado. Reparto de semillas en talleres, juegos, y juntadas en plazas p\u00fablicas\u201d, manifiesta Juani sobre uno de los proyectos que sin dudas tambi\u00e9n tendr\u00e1 presencia el pr\u00f3ximo 22 de julio.<\/p>\n\n\n\n<p>Actualmente, tienen como objetivo la construcci\u00f3n de un espacio para el desarrollo de actividades culturales de formaci\u00f3n, como canto, guitarra, bombo leg\u00fcero, danza, artesan\u00edas, entre otras propuestas, en el barrio de Tortuguitas, situado en Malvinas Argentinas, zona norte del Gran Buenos Aires.<\/p>\n\n\n\n<p>De manera complementaria a estas actividades, brindan talleres de bombo leg\u00fcero de forma itinerante en: Neuqu\u00e9n, Rosario, Tigre, Del Visto, C\u00f3rdoba, Montevideo y en Buenos Aires.<\/p>\n\n\n\n<p>El s\u00edmbolo del bombo leg\u00fcero, instrumento musical propio de Santiago del Estero, dan nombre y esp\u00edritu a este colectivo que busca indagar en las profundidades de la identidad nacional, y que por primera vez tendr\u00e1 su espacio de pe\u00f1a en el m\u00edtico barrio 8 de abril.<\/p>\n\n\n\n<h3 class=\"wp-block-heading\">Artistas invitados<\/h3>\n\n\n\n<p>Entre los artistas que animar\u00e1n la noche del s\u00e1bado 22, est\u00e1n confirmados: Roxana Carabajal, Retumbo, Demi Carbajal, La Brasita de mi Chala, Pablo Carbajal, Juan Saavedra y Sandra Far\u00edas, Quique Oyola, Silvina Galli, Vero Cumbia, La Repercuta, Gretel Toloza, Gabriel Acosta, Facu Robles y la buena vibra, Toby Villa, Danza Rota, La Ronda Leguera, Bombos de Echeverrianos y Nacidos del Tiempo. Al frente de la conducci\u00f3n estar\u00e1 Olga Jim\u00e9nez.<\/p>\n","protected":false},"excerpt":{"rendered":"<p>Santiago del Estero en un bombo latiendo cada mes de julio. Y en el aniversario 470 a\u00f1os de la \u201cMadre de Ciudades\u201d, aquel m\u00edtico instrumento tendr\u00e1 su pe\u00f1a organizada por el movimiento de bombistos de Buenos Aires, \u201cLa Ronda Leguera\u201d.<\/p>\n","protected":false},"author":2,"featured_media":55092,"comment_status":"open","ping_status":"open","sticky":false,"template":"","format":"standard","meta":{"om_disable_all_campaigns":false,"_monsterinsights_skip_tracking":false,"_monsterinsights_sitenote_active":false,"_monsterinsights_sitenote_note":"","_monsterinsights_sitenote_category":0,"_uf_show_specific_survey":0,"_uf_disable_surveys":false,"jetpack_post_was_ever_published":false,"_jetpack_newsletter_access":"","_jetpack_dont_email_post_to_subs":false,"_jetpack_newsletter_tier_id":0,"_jetpack_memberships_contains_paywalled_content":false,"_jetpack_memberships_contains_paid_content":false,"footnotes":"","jetpack_publicize_message":"","jetpack_publicize_feature_enabled":true,"jetpack_social_post_already_shared":true,"jetpack_social_options":{"image_generator_settings":{"template":"highway","default_image_id":0,"font":"","enabled":false},"version":2}},"categories":[4,20],"tags":[],"class_list":["post-55091","post","type-post","status-publish","format-standard","has-post-thumbnail","hentry","category-destacadas","category-especysociales"],"aioseo_notices":[],"views":9,"jetpack_publicize_connections":[],"jetpack_featured_media_url":"https:\/\/i0.wp.com\/elterritorialweb.com.ar\/web\/wp-content\/uploads\/2023\/07\/WhatsApp-Image-2023-07-04-at-11.10.51.jpeg?fit=720%2C408&ssl=1","jetpack_sharing_enabled":true,"_links":{"self":[{"href":"https:\/\/elterritorialweb.com.ar\/web\/wp-json\/wp\/v2\/posts\/55091","targetHints":{"allow":["GET"]}}],"collection":[{"href":"https:\/\/elterritorialweb.com.ar\/web\/wp-json\/wp\/v2\/posts"}],"about":[{"href":"https:\/\/elterritorialweb.com.ar\/web\/wp-json\/wp\/v2\/types\/post"}],"author":[{"embeddable":true,"href":"https:\/\/elterritorialweb.com.ar\/web\/wp-json\/wp\/v2\/users\/2"}],"replies":[{"embeddable":true,"href":"https:\/\/elterritorialweb.com.ar\/web\/wp-json\/wp\/v2\/comments?post=55091"}],"version-history":[{"count":2,"href":"https:\/\/elterritorialweb.com.ar\/web\/wp-json\/wp\/v2\/posts\/55091\/revisions"}],"predecessor-version":[{"id":55115,"href":"https:\/\/elterritorialweb.com.ar\/web\/wp-json\/wp\/v2\/posts\/55091\/revisions\/55115"}],"wp:featuredmedia":[{"embeddable":true,"href":"https:\/\/elterritorialweb.com.ar\/web\/wp-json\/wp\/v2\/media\/55092"}],"wp:attachment":[{"href":"https:\/\/elterritorialweb.com.ar\/web\/wp-json\/wp\/v2\/media?parent=55091"}],"wp:term":[{"taxonomy":"category","embeddable":true,"href":"https:\/\/elterritorialweb.com.ar\/web\/wp-json\/wp\/v2\/categories?post=55091"},{"taxonomy":"post_tag","embeddable":true,"href":"https:\/\/elterritorialweb.com.ar\/web\/wp-json\/wp\/v2\/tags?post=55091"}],"curies":[{"name":"wp","href":"https:\/\/api.w.org\/{rel}","templated":true}]}}