{"id":55094,"date":"2023-07-04T18:23:35","date_gmt":"2023-07-04T18:23:35","guid":{"rendered":"http:\/\/elterritorialweb.com.ar\/web\/?p=55094"},"modified":"2023-07-04T18:23:38","modified_gmt":"2023-07-04T18:23:38","slug":"el-gobernador-se-reunio-con-autoridades-del-comando-electoral","status":"publish","type":"post","link":"https:\/\/elterritorialweb.com.ar\/web\/el-gobernador-se-reunio-con-autoridades-del-comando-electoral\/","title":{"rendered":"EL GOBERNADOR SE REUNI\u00d3 CON AUTORIDADES DEL COMANDO ELECTORAL"},"content":{"rendered":"\n<p>Del encuentro participaron el comandante electoral, comodoro Gabriel Otero; acompa\u00f1ado por el jefe del Estado Mayor, vice comodoro Cristian Dom\u00ednguez; el jefe de Operaciones, mayor Andr\u00e9s Els; el jefe de Inteligencia y Personal, mayor Enzo Velardez; el jefe de Asesor\u00eda Jur\u00eddica, capit\u00e1n Mart\u00edn D\u00edaz, y el enlace local de Fuerza A\u00e9rea en Santiago del Estero, Sergio Ochoa.<br>La reuni\u00f3n se realiz\u00f3 con la finalidad de informar sobre las funciones de coordinaci\u00f3n durante las elecciones Primarias, Abiertas, Simult\u00e1neas y Obligatorias del pr\u00f3ximo 13 de agosto, tambi\u00e9n durante las generales del 22 de octubre y una eventual segunda vuelta.<\/p>\n","protected":false},"excerpt":{"rendered":"<p>El gobernador Gerardo Zamora recibi\u00f3 este martes por la ma\u00f1ana en el Sal\u00f3n de Acuerdos de Casa de Gobierno la visita de autoridades del Comando Electoral, en el marco de los preparativos de cara a los pr\u00f3ximos comicios en cuanto a las medidas de seguridad que establece el C\u00f3digo Nacional.<\/p>\n","protected":false},"author":2,"featured_media":55095,"comment_status":"open","ping_status":"open","sticky":false,"template":"","format":"standard","meta":{"om_disable_all_campaigns":false,"_monsterinsights_skip_tracking":false,"_monsterinsights_sitenote_active":false,"_monsterinsights_sitenote_note":"","_monsterinsights_sitenote_category":0,"_uf_show_specific_survey":0,"_uf_disable_surveys":false,"jetpack_post_was_ever_published":false,"_jetpack_newsletter_access":"","_jetpack_dont_email_post_to_subs":false,"_jetpack_newsletter_tier_id":0,"_jetpack_memberships_contains_paywalled_content":false,"_jetpack_memberships_contains_paid_content":false,"footnotes":"","jetpack_publicize_message":"","jetpack_publicize_feature_enabled":true,"jetpack_social_post_already_shared":true,"jetpack_social_options":{"image_generator_settings":{"template":"highway","default_image_id":0,"font":"","enabled":false},"version":2}},"categories":[4,21],"tags":[59,49],"class_list":["post-55094","post","type-post","status-publish","format-standard","has-post-thumbnail","hentry","category-destacadas","category-locales","tag-gerardo-zamora","tag-gobierno-de-santiago-del-estero"],"aioseo_notices":[],"views":8,"jetpack_publicize_connections":[],"jetpack_featured_media_url":"https:\/\/i0.wp.com\/elterritorialweb.com.ar\/web\/wp-content\/uploads\/2023\/07\/WhatsApp-Image-2023-07-04-at-13.50.27.jpeg?fit=1600%2C1066&ssl=1","jetpack_sharing_enabled":true,"_links":{"self":[{"href":"https:\/\/elterritorialweb.com.ar\/web\/wp-json\/wp\/v2\/posts\/55094","targetHints":{"allow":["GET"]}}],"collection":[{"href":"https:\/\/elterritorialweb.com.ar\/web\/wp-json\/wp\/v2\/posts"}],"about":[{"href":"https:\/\/elterritorialweb.com.ar\/web\/wp-json\/wp\/v2\/types\/post"}],"author":[{"embeddable":true,"href":"https:\/\/elterritorialweb.com.ar\/web\/wp-json\/wp\/v2\/users\/2"}],"replies":[{"embeddable":true,"href":"https:\/\/elterritorialweb.com.ar\/web\/wp-json\/wp\/v2\/comments?post=55094"}],"version-history":[{"count":1,"href":"https:\/\/elterritorialweb.com.ar\/web\/wp-json\/wp\/v2\/posts\/55094\/revisions"}],"predecessor-version":[{"id":55096,"href":"https:\/\/elterritorialweb.com.ar\/web\/wp-json\/wp\/v2\/posts\/55094\/revisions\/55096"}],"wp:featuredmedia":[{"embeddable":true,"href":"https:\/\/elterritorialweb.com.ar\/web\/wp-json\/wp\/v2\/media\/55095"}],"wp:attachment":[{"href":"https:\/\/elterritorialweb.com.ar\/web\/wp-json\/wp\/v2\/media?parent=55094"}],"wp:term":[{"taxonomy":"category","embeddable":true,"href":"https:\/\/elterritorialweb.com.ar\/web\/wp-json\/wp\/v2\/categories?post=55094"},{"taxonomy":"post_tag","embeddable":true,"href":"https:\/\/elterritorialweb.com.ar\/web\/wp-json\/wp\/v2\/tags?post=55094"}],"curies":[{"name":"wp","href":"https:\/\/api.w.org\/{rel}","templated":true}]}}