{"id":55097,"date":"2023-07-04T18:56:33","date_gmt":"2023-07-04T18:56:33","guid":{"rendered":"http:\/\/elterritorialweb.com.ar\/web\/?p=55097"},"modified":"2023-07-04T18:57:10","modified_gmt":"2023-07-04T18:57:10","slug":"fernandez-el-mercosur-es-el-proceso-de-integracion-mas-solido-que-la-america-del-sur-ha-desplegado","status":"publish","type":"post","link":"https:\/\/elterritorialweb.com.ar\/web\/fernandez-el-mercosur-es-el-proceso-de-integracion-mas-solido-que-la-america-del-sur-ha-desplegado\/","title":{"rendered":"FERN\u00c1NDEZ: \u00abEl MERCOSUR ES EL PROCESO DE INTEGRACI\u00d3N M\u00c1S S\u00d3LIDO QUE LA AM\u00c9RICA DEL SUR HA DESPLEGADO\u00bb"},"content":{"rendered":"\n<p>\u201cEn este contexto signado por las tensiones geopol\u00edticas, el recrudecimiento de las inequidades distributivas y el impacto del cambio clim\u00e1tico, las regiones comienzan a florecer como un mecanismo adecuado para hacer frente a estos nuevos tiempos que vivimos\u201d, se\u00f1al\u00f3 el jefe de Estado, acompa\u00f1ado por el ministro de Relaciones Exteriores y Culto, Santiago Cafiero, el ministro de Econom\u00eda, Sergio Massa, y la secretaria de Relaciones Econ\u00f3micas Internacionales, Cecilia Todesca Bocco.<\/p>\n\n\n\n<p>Junto a los presidentes de Brasil, Luiz In\u00e1cio \u201cLula\u201d da Silva; de Uruguay, Luis Lacalle Pou; del Estado Plurinacional de Bolivia, Luis Arce; de Paraguay, Mario Abdo; y al mandatario electo de ese pa\u00eds, Santiago Pe\u00f1a, Alberto Fern\u00e1ndez asegur\u00f3 que \u201cser miembro de este bloque nos fortalece. Sin \u00e9l, en un escenario internacional de pa\u00edses centrales que conforman enormes bloques econ\u00f3micos, ser\u00edamos m\u00e1s d\u00e9biles y m\u00e1s peque\u00f1os\u201d.<\/p>\n\n\n\n<p>Asimismo, el jefe de Estado argentino indic\u00f3 que \u201cel shock clim\u00e1tico acentu\u00f3 las fragilidades de nuestra econom\u00eda, ya afectada por la calamidad de una deuda irresponsablemente pedida por un gobierno argentino e irresponsablemente otorgada por el FMI\u201d, y agradeci\u00f3 a sus pares del bloque regional por \u201cel acompa\u00f1amiento que nos han brindado en el marco de una arquitectura financiera internacional muy injusta que preserva las desigualdades en lugar de socorrer a los pueblos en momentos de estr\u00e9s como el que atravesamos\u201d.<\/p>\n\n\n\n<p>Con respecto a las negociaciones para alcanzar un acuerdo entre el MERCOSUR y la Uni\u00f3n Europea, sostuvo que representa \u201cuna oportunidad concreta en el marco de la reconfiguraci\u00f3n de los mapas productivos, de nuevas tecnolog\u00edas y nuevos empleos que suponen las nuevas cadenas de valor\u201d, y a\u00f1adi\u00f3: \u201cAspiramos a que las negociaciones en marcha arrojen resultados equilibrados para todas las partes\u201d.<\/p>\n\n\n\n<p>En referencia al traspaso de la Presidencia Pro Tempore del bloque regional a Brasil por el pr\u00f3ximo semestre, Alberto Fern\u00e1ndez expres\u00f3 su \u00abenorme cari\u00f1o y profunda admiraci\u00f3n\u00bb por Lula da Silva, de quien record\u00f3 que \u00abfue v\u00edctima de la persecuci\u00f3n y de la injusticia, pero el pueblo de Brasil ha sabido reparar semejante da\u00f1o d\u00e1ndole el liderazgo de esa naci\u00f3n hermana\u201d.<\/p>\n\n\n\n<p>\u00abEstemos orgullosos de lo que somos. Aqu\u00ed, en la paz del sur, est\u00e1 el presente y el futuro, mientras que en el norte, donde las bombas estallan, solo anida el fr\u00edo c\u00e1lculo de los poderosos\u201d, concluy\u00f3.<\/p>\n\n\n\n<figure class=\"wp-block-image size-large\"><a href=\"https:\/\/i0.wp.com\/elterritorialweb.com.ar\/web\/wp-content\/uploads\/2023\/07\/ALBERTO-FERNANDEZ.jpg\"><img data-recalc-dims=\"1\" decoding=\"async\" width=\"640\" height=\"426\" data-src=\"https:\/\/i0.wp.com\/elterritorialweb.com.ar\/web\/wp-content\/uploads\/2023\/07\/ALBERTO-FERNANDEZ.jpg?resize=640%2C426\" alt=\"\" class=\"wp-image-55098 lazyload\" data-srcset=\"https:\/\/i0.wp.com\/elterritorialweb.com.ar\/web\/wp-content\/uploads\/2023\/07\/ALBERTO-FERNANDEZ.jpg?resize=1024%2C682&amp;ssl=1 1024w, https:\/\/i0.wp.com\/elterritorialweb.com.ar\/web\/wp-content\/uploads\/2023\/07\/ALBERTO-FERNANDEZ.jpg?resize=300%2C200&amp;ssl=1 300w, https:\/\/i0.wp.com\/elterritorialweb.com.ar\/web\/wp-content\/uploads\/2023\/07\/ALBERTO-FERNANDEZ.jpg?resize=768%2C512&amp;ssl=1 768w, https:\/\/i0.wp.com\/elterritorialweb.com.ar\/web\/wp-content\/uploads\/2023\/07\/ALBERTO-FERNANDEZ.jpg?resize=1536%2C1024&amp;ssl=1 1536w, https:\/\/i0.wp.com\/elterritorialweb.com.ar\/web\/wp-content\/uploads\/2023\/07\/ALBERTO-FERNANDEZ.jpg?w=1940&amp;ssl=1 1940w, https:\/\/i0.wp.com\/elterritorialweb.com.ar\/web\/wp-content\/uploads\/2023\/07\/ALBERTO-FERNANDEZ.jpg?w=1280 1280w\" data-sizes=\"(max-width: 640px) 100vw, 640px\" src=\"data:image\/svg+xml;base64,PHN2ZyB3aWR0aD0iMSIgaGVpZ2h0PSIxIiB4bWxucz0iaHR0cDovL3d3dy53My5vcmcvMjAwMC9zdmciPjwvc3ZnPg==\" style=\"--smush-placeholder-width: 640px; --smush-placeholder-aspect-ratio: 640\/426;\" \/><\/a><\/figure>\n\n\n\n<p>Al presentar el informe de la Presidencia Pro Tempore Argentina, el canciller Santiago Cafiero resalt\u00f3 la aprobaci\u00f3n de la reforma del R\u00e9gimen de Origen del MERCOSUR, que representa \u201cun instrumento central para la integraci\u00f3n de los sectores productivos de los Estados Parte que se moderniza con el objetivo de simplificar sus reglas para adaptarlas a la realidad cambiante del comercio internacional\u201d. Y subray\u00f3 que \u201ctiene importantes ventajas y traer\u00e1 beneficios concretos para el comercio regional, al facilitar la operatoria de las empresas conforme est\u00e1ndares internacionales\u201d.<\/p>\n\n\n\n<p>Tambi\u00e9n asistieron a la Cumbre el primer ministro de Guyana, Phillips Mark Anthony; el ministro de Relaciones Exteriores de Chile, Alberto van Klaveren; la viceministra de Relaciones Exteriores de Colombia, Taylor Jay Elizabeth; la subsecretaria de Am\u00e9rica Latina y el Caribe de Ecuador, Lotty Farah Andrade Abdo; y el embajador de Per\u00fa en Argentina, Carlos Alberto Chocano Burga.<\/p>\n\n\n\n<p>La comitiva argentina estuvo adem\u00e1s conformada por la primera dama, Fabiola Ya\u00f1ez; la portavoz de la Presidencia, Gabriela Cerruti; el diputado nacional Eduardo Vald\u00e9s; el legislador por la ciudad de Buenos Aires, Juan Manuel Vald\u00e9s y el embajador en Uruguay, Alberto Iribarne.<\/p>\n\n\n\n<p>Estuvieron presentes, asimismo, la directora ejecutiva del Instituto Social del MERCOSUR, Mariana Penades; el director ejecutivo del Instituto de Pol\u00edticas P\u00fablicas en Derechos Humanos, Remo Carlotto; el embajador de Argentina ante el MERCOSUR y ALADI, Mariano Kestelboim; el director de la Secretar\u00eda del MERCOSUR, Hugo Saguier Caballero; el presidente del Parlamento del MERCOSUR, Mario Colman; el director de la CEPAL en Argentina, Mart\u00edn Pablo Abeles; la gerenta del Cono Sur del BID, Mar\u00eda Florencia Attademo-Hirt; el vicepresidente de la CAF, Christian Asinelli; la presidenta ejecutiva de FONPLATA, Luciana Botafogo; y el secretario general de la ALADI, Sergio Abreu.<\/p>\n","protected":false},"excerpt":{"rendered":"<p>El presidente Alberto Fern\u00e1ndez afirm\u00f3 hoy que \u201cel MERCOSUR es el proceso de integraci\u00f3n m\u00e1s s\u00f3lido que la Am\u00e9rica del Sur ha desplegado\u201d al encabezar la 62\u00b0 Reuni\u00f3n del Consejo del Mercado Com\u00fan y Cumbre de Jefes y Jefas de Estado del MERCOSUR y Estados Asociados, en la ciudad misionera de Puerto Iguaz\u00fa.<\/p>\n","protected":false},"author":2,"featured_media":55099,"comment_status":"open","ping_status":"open","sticky":false,"template":"","format":"standard","meta":{"om_disable_all_campaigns":false,"_monsterinsights_skip_tracking":false,"_monsterinsights_sitenote_active":false,"_monsterinsights_sitenote_note":"","_monsterinsights_sitenote_category":0,"_uf_show_specific_survey":0,"_uf_disable_surveys":false,"jetpack_post_was_ever_published":false,"_jetpack_newsletter_access":"","_jetpack_dont_email_post_to_subs":false,"_jetpack_newsletter_tier_id":0,"_jetpack_memberships_contains_paywalled_content":false,"_jetpack_memberships_contains_paid_content":false,"footnotes":"","jetpack_publicize_message":"","jetpack_publicize_feature_enabled":true,"jetpack_social_post_already_shared":true,"jetpack_social_options":{"image_generator_settings":{"template":"highway","default_image_id":0,"font":"","enabled":false},"version":2}},"categories":[4,18],"tags":[],"class_list":["post-55097","post","type-post","status-publish","format-standard","has-post-thumbnail","hentry","category-destacadas","category-politica"],"aioseo_notices":[],"views":9,"jetpack_publicize_connections":[],"jetpack_featured_media_url":"https:\/\/i0.wp.com\/elterritorialweb.com.ar\/web\/wp-content\/uploads\/2023\/07\/Mersocur1.jpg?fit=1940%2C1293&ssl=1","jetpack_sharing_enabled":true,"_links":{"self":[{"href":"https:\/\/elterritorialweb.com.ar\/web\/wp-json\/wp\/v2\/posts\/55097","targetHints":{"allow":["GET"]}}],"collection":[{"href":"https:\/\/elterritorialweb.com.ar\/web\/wp-json\/wp\/v2\/posts"}],"about":[{"href":"https:\/\/elterritorialweb.com.ar\/web\/wp-json\/wp\/v2\/types\/post"}],"author":[{"embeddable":true,"href":"https:\/\/elterritorialweb.com.ar\/web\/wp-json\/wp\/v2\/users\/2"}],"replies":[{"embeddable":true,"href":"https:\/\/elterritorialweb.com.ar\/web\/wp-json\/wp\/v2\/comments?post=55097"}],"version-history":[{"count":2,"href":"https:\/\/elterritorialweb.com.ar\/web\/wp-json\/wp\/v2\/posts\/55097\/revisions"}],"predecessor-version":[{"id":55101,"href":"https:\/\/elterritorialweb.com.ar\/web\/wp-json\/wp\/v2\/posts\/55097\/revisions\/55101"}],"wp:featuredmedia":[{"embeddable":true,"href":"https:\/\/elterritorialweb.com.ar\/web\/wp-json\/wp\/v2\/media\/55099"}],"wp:attachment":[{"href":"https:\/\/elterritorialweb.com.ar\/web\/wp-json\/wp\/v2\/media?parent=55097"}],"wp:term":[{"taxonomy":"category","embeddable":true,"href":"https:\/\/elterritorialweb.com.ar\/web\/wp-json\/wp\/v2\/categories?post=55097"},{"taxonomy":"post_tag","embeddable":true,"href":"https:\/\/elterritorialweb.com.ar\/web\/wp-json\/wp\/v2\/tags?post=55097"}],"curies":[{"name":"wp","href":"https:\/\/api.w.org\/{rel}","templated":true}]}}