{"id":55105,"date":"2023-07-04T19:30:18","date_gmt":"2023-07-04T19:30:18","guid":{"rendered":"http:\/\/elterritorialweb.com.ar\/web\/?p=55105"},"modified":"2023-07-04T19:30:21","modified_gmt":"2023-07-04T19:30:21","slug":"invitan-a-participar-de-los-festejos-por-el-5-aniversario-de-la-sala-de-primeros-auxilios-del-barrio-san-javier","status":"publish","type":"post","link":"https:\/\/elterritorialweb.com.ar\/web\/invitan-a-participar-de-los-festejos-por-el-5-aniversario-de-la-sala-de-primeros-auxilios-del-barrio-san-javier\/","title":{"rendered":"INVITAN A PARTICIPAR DE LOS FESTEJOS POR EL 5\u00b0 ANIVERSARIO DE LA SALA DE PRIMEROS AUXILIOS DEL BARRIO SAN JAVIER"},"content":{"rendered":"\n<p>La Municipalidad de La Banda, a trav\u00e9s de la Secretar\u00eda de Salud invita a la comunidad a participar de las actividades alusivas al 5\u00ba Aniversario de la Sala de primero auxilios del barrio San Javier que se realizar\u00e1 el jueves 6 de julio a las 15.<br>Dicha actividad se desarrollar\u00e1 en la sede de C\u00e1ritas del barrio ubicada en calle Saavedra N\u00b0 135 donde los vecinos podr\u00e1n realizar consultas m\u00e9dicas gratuitas por parte de profesionales de obstetricia, odontolog\u00eda, neumolog\u00eda y nutricionista.<br>Asimismo, se realizar\u00e1n testeos r\u00e1pidos y gratuitos de VIH, controles de signos vitales, inmunizaciones varias, entrega de medicamentos, clases de ritmos latinos, talleres sociales y dem\u00e1s.<\/p>\n","protected":false},"excerpt":{"rendered":"<p>Se desarrollar\u00e1 en la sede de C\u00e1ritas del barrio ubicada en calle Saavedra N\u00b0 135.<\/p>\n","protected":false},"author":2,"featured_media":55106,"comment_status":"open","ping_status":"open","sticky":false,"template":"","format":"standard","meta":{"om_disable_all_campaigns":false,"_monsterinsights_skip_tracking":false,"_monsterinsights_sitenote_active":false,"_monsterinsights_sitenote_note":"","_monsterinsights_sitenote_category":0,"_uf_show_specific_survey":0,"_uf_disable_surveys":false,"jetpack_post_was_ever_published":false,"_jetpack_newsletter_access":"","_jetpack_dont_email_post_to_subs":false,"_jetpack_newsletter_tier_id":0,"_jetpack_memberships_contains_paywalled_content":false,"_jetpack_memberships_contains_paid_content":false,"footnotes":"","jetpack_publicize_message":"","jetpack_publicize_feature_enabled":true,"jetpack_social_post_already_shared":true,"jetpack_social_options":{"image_generator_settings":{"template":"highway","default_image_id":0,"font":"","enabled":false},"version":2}},"categories":[9],"tags":[],"class_list":["post-55105","post","type-post","status-publish","format-standard","has-post-thumbnail","hentry","category-banda"],"aioseo_notices":[],"views":7,"jetpack_publicize_connections":[],"jetpack_featured_media_url":"https:\/\/i0.wp.com\/elterritorialweb.com.ar\/web\/wp-content\/uploads\/2023\/07\/WhatsApp-Image-2023-07-04-at-13.10.47.jpeg?fit=1600%2C982&ssl=1","jetpack_sharing_enabled":true,"_links":{"self":[{"href":"https:\/\/elterritorialweb.com.ar\/web\/wp-json\/wp\/v2\/posts\/55105","targetHints":{"allow":["GET"]}}],"collection":[{"href":"https:\/\/elterritorialweb.com.ar\/web\/wp-json\/wp\/v2\/posts"}],"about":[{"href":"https:\/\/elterritorialweb.com.ar\/web\/wp-json\/wp\/v2\/types\/post"}],"author":[{"embeddable":true,"href":"https:\/\/elterritorialweb.com.ar\/web\/wp-json\/wp\/v2\/users\/2"}],"replies":[{"embeddable":true,"href":"https:\/\/elterritorialweb.com.ar\/web\/wp-json\/wp\/v2\/comments?post=55105"}],"version-history":[{"count":1,"href":"https:\/\/elterritorialweb.com.ar\/web\/wp-json\/wp\/v2\/posts\/55105\/revisions"}],"predecessor-version":[{"id":55107,"href":"https:\/\/elterritorialweb.com.ar\/web\/wp-json\/wp\/v2\/posts\/55105\/revisions\/55107"}],"wp:featuredmedia":[{"embeddable":true,"href":"https:\/\/elterritorialweb.com.ar\/web\/wp-json\/wp\/v2\/media\/55106"}],"wp:attachment":[{"href":"https:\/\/elterritorialweb.com.ar\/web\/wp-json\/wp\/v2\/media?parent=55105"}],"wp:term":[{"taxonomy":"category","embeddable":true,"href":"https:\/\/elterritorialweb.com.ar\/web\/wp-json\/wp\/v2\/categories?post=55105"},{"taxonomy":"post_tag","embeddable":true,"href":"https:\/\/elterritorialweb.com.ar\/web\/wp-json\/wp\/v2\/tags?post=55105"}],"curies":[{"name":"wp","href":"https:\/\/api.w.org\/{rel}","templated":true}]}}