{"id":55108,"date":"2023-07-04T19:33:25","date_gmt":"2023-07-04T19:33:25","guid":{"rendered":"http:\/\/elterritorialweb.com.ar\/web\/?p=55108"},"modified":"2023-07-04T19:33:27","modified_gmt":"2023-07-04T19:33:27","slug":"zamora-recibio-a-estudiantes-de-los-departamentos-banda-copo-y-figueroa","status":"publish","type":"post","link":"https:\/\/elterritorialweb.com.ar\/web\/zamora-recibio-a-estudiantes-de-los-departamentos-banda-copo-y-figueroa\/","title":{"rendered":"ZAMORA RECIBI\u00d3 A ESTUDIANTES DE LOS DEPARTAMENTOS BANDA, COPO Y FIGUEROA"},"content":{"rendered":"\n<p>En total fueron 98 chicos que fueron recibidos por el mandatario en el marco de un recorrido que realizan por distintos lugares de la ciudad Capital, Las Termas de R\u00edo Hondo y de Villa La Punta como parte del programa \u201cConociendo mi Provincia\u201d.<br>Durante el encuentro los docentes de cada una de las instituciones expresaron su agradecimiento al gobierno por brindar especialmente a los alumnos del interior esta oportunidad de conocer un poco m\u00e1s de la provincia y ampliar sus horizontes.<br>Por su parte, Zamora hizo un reconocimiento a los docentes por su acompa\u00f1amiento cotidiano a los alumnos y su esfuerzo para hacer posible este viaje. Tambi\u00e9n destac\u00f3 los objetivos de este programa y de otros como el \u00abMetas\u201d, que ofrece herramientas tecnol\u00f3gicas y acceso a Internet de manera gratuita para \u201cromper asimetr\u00edas y lograr m\u00e1s igualdad de oportunidades\u201d, como tambi\u00e9n las inversiones para brindar mejor infraestructura edilicia en todos los niveles educativos.<\/p>\n","protected":false},"excerpt":{"rendered":"<p>El gobernador Gerardo Zamora recibi\u00f3 este martes en Casa de Gobierno a estudiantes que cursan el \u00faltimo a\u00f1o en los colegios secundarios de la localidad de San Ram\u00f3n, departamento Banda; en el San Juan Newman de Monte Quemado, Copo; de Colonia San Juan y en el Arcadio Su\u00e1rez de La Ca\u00f1ada. Estos dos \u00faltimos ubicados en el departamento Figueroa.<\/p>\n","protected":false},"author":2,"featured_media":55109,"comment_status":"open","ping_status":"open","sticky":false,"template":"","format":"standard","meta":{"om_disable_all_campaigns":false,"_monsterinsights_skip_tracking":false,"_monsterinsights_sitenote_active":false,"_monsterinsights_sitenote_note":"","_monsterinsights_sitenote_category":0,"_uf_show_specific_survey":0,"_uf_disable_surveys":false,"jetpack_post_was_ever_published":false,"_jetpack_newsletter_access":"","_jetpack_dont_email_post_to_subs":false,"_jetpack_newsletter_tier_id":0,"_jetpack_memberships_contains_paywalled_content":false,"_jetpack_memberships_contains_paid_content":false,"footnotes":"","jetpack_publicize_message":"","jetpack_publicize_feature_enabled":true,"jetpack_social_post_already_shared":true,"jetpack_social_options":{"image_generator_settings":{"template":"highway","default_image_id":0,"font":"","enabled":false},"version":2}},"categories":[21],"tags":[59,49,201],"class_list":["post-55108","post","type-post","status-publish","format-standard","has-post-thumbnail","hentry","category-locales","tag-gerardo-zamora","tag-gobierno-de-santiago-del-estero","tag-programa-conociendo-mi-provincia"],"aioseo_notices":[],"views":7,"jetpack_publicize_connections":[],"jetpack_featured_media_url":"https:\/\/i0.wp.com\/elterritorialweb.com.ar\/web\/wp-content\/uploads\/2023\/07\/WhatsApp-Image-2023-07-04-at-15.44.05.jpeg?fit=1600%2C1029&ssl=1","jetpack_sharing_enabled":true,"_links":{"self":[{"href":"https:\/\/elterritorialweb.com.ar\/web\/wp-json\/wp\/v2\/posts\/55108","targetHints":{"allow":["GET"]}}],"collection":[{"href":"https:\/\/elterritorialweb.com.ar\/web\/wp-json\/wp\/v2\/posts"}],"about":[{"href":"https:\/\/elterritorialweb.com.ar\/web\/wp-json\/wp\/v2\/types\/post"}],"author":[{"embeddable":true,"href":"https:\/\/elterritorialweb.com.ar\/web\/wp-json\/wp\/v2\/users\/2"}],"replies":[{"embeddable":true,"href":"https:\/\/elterritorialweb.com.ar\/web\/wp-json\/wp\/v2\/comments?post=55108"}],"version-history":[{"count":1,"href":"https:\/\/elterritorialweb.com.ar\/web\/wp-json\/wp\/v2\/posts\/55108\/revisions"}],"predecessor-version":[{"id":55110,"href":"https:\/\/elterritorialweb.com.ar\/web\/wp-json\/wp\/v2\/posts\/55108\/revisions\/55110"}],"wp:featuredmedia":[{"embeddable":true,"href":"https:\/\/elterritorialweb.com.ar\/web\/wp-json\/wp\/v2\/media\/55109"}],"wp:attachment":[{"href":"https:\/\/elterritorialweb.com.ar\/web\/wp-json\/wp\/v2\/media?parent=55108"}],"wp:term":[{"taxonomy":"category","embeddable":true,"href":"https:\/\/elterritorialweb.com.ar\/web\/wp-json\/wp\/v2\/categories?post=55108"},{"taxonomy":"post_tag","embeddable":true,"href":"https:\/\/elterritorialweb.com.ar\/web\/wp-json\/wp\/v2\/tags?post=55108"}],"curies":[{"name":"wp","href":"https:\/\/api.w.org\/{rel}","templated":true}]}}