{"id":55128,"date":"2023-07-05T19:45:23","date_gmt":"2023-07-05T19:45:23","guid":{"rendered":"http:\/\/elterritorialweb.com.ar\/web\/?p=55128"},"modified":"2023-07-05T19:45:25","modified_gmt":"2023-07-05T19:45:25","slug":"la-unse-entrego-certificados-de-salud-comunitaria-en-garza","status":"publish","type":"post","link":"https:\/\/elterritorialweb.com.ar\/web\/la-unse-entrego-certificados-de-salud-comunitaria-en-garza\/","title":{"rendered":"LA UNSE ENTREG\u00d3 CERTIFICADOS DE SALUD COMUNITARIA EN GARZA"},"content":{"rendered":"\n<p>Esta capacitaci\u00f3n se realiz\u00f3 en el marco del Ciclo de Formaci\u00f3n a los Gobiernos Locales, dependiente de la Facultad de Humanidades, Ciencias Sociales y de la Salud de la UNSE y la Comisi\u00f3n Municipal de Garza, y fue dictado por la licenciada Cristina Isabel Cruz en el per\u00edodo 2022\/ 2023<br>Presidieron la ceremonia el rector de nuestra Universidad, H\u00e9ctor Rub\u00e9n Paz; la vicerrectora Hilda Marcela Ju\u00e1rez; el decano de la Facultad de Humanidades, Marcelino Ledesma; la vicedecana Sandra Moreira y el comisionado Municipal de Garza, Marcos Tenaglia.<br>M\u00e1s de 50 egresados y egresadas recibieron su correspondiente diploma, al igual que la profesora Cristina Isabel Cruz, como capacitadora.<\/p>\n\n\n\n<figure class=\"wp-block-image size-full\"><a href=\"https:\/\/i0.wp.com\/elterritorialweb.com.ar\/web\/wp-content\/uploads\/2023\/07\/IMG-20230705-WA0011.jpg\"><img data-recalc-dims=\"1\" decoding=\"async\" width=\"640\" height=\"427\" data-src=\"https:\/\/i0.wp.com\/elterritorialweb.com.ar\/web\/wp-content\/uploads\/2023\/07\/IMG-20230705-WA0011.jpg?resize=640%2C427\" alt=\"\" class=\"wp-image-55130 lazyload\" data-srcset=\"https:\/\/i0.wp.com\/elterritorialweb.com.ar\/web\/wp-content\/uploads\/2023\/07\/IMG-20230705-WA0011.jpg?w=720&amp;ssl=1 720w, https:\/\/i0.wp.com\/elterritorialweb.com.ar\/web\/wp-content\/uploads\/2023\/07\/IMG-20230705-WA0011.jpg?resize=300%2C200&amp;ssl=1 300w\" data-sizes=\"(max-width: 640px) 100vw, 640px\" src=\"data:image\/svg+xml;base64,PHN2ZyB3aWR0aD0iMSIgaGVpZ2h0PSIxIiB4bWxucz0iaHR0cDovL3d3dy53My5vcmcvMjAwMC9zdmciPjwvc3ZnPg==\" style=\"--smush-placeholder-width: 640px; --smush-placeholder-aspect-ratio: 640\/427;\" \/><\/a><\/figure>\n\n\n\n<p>Cruz destac\u00f3 la importancia de este curso en el interior de la provincia y agradeci\u00f3 que la \u201cUNSE haya puesto en el mapa a Garza, poniendo en valor su gente y sus capacidades. Esto es s\u00f3lo el comienzo\u201d, dijo.<br>A su turno, el comisionado agradeci\u00f3 la posibilidad de que hombres y mujeres \u201cde mi pueblo puedan acceder a una educaci\u00f3n de calidad y que adem\u00e1s pueda ser volcada en pos de toda la comunidad\u201d.<br>Esta capacitaci\u00f3n que surgi\u00f3 como iniciativa de la Facultad de Humanidades con el aval de nuestra universidad y la Comisi\u00f3n Municipal de Garza, tuvo como prop\u00f3sito formar agentes que puedan sumarse a la comunidad como agentes multiplicadores de salud.<\/p>\n","protected":false},"excerpt":{"rendered":"<p>En el Paraninfo de la UNSE, alumnos del curso Salud Comunitaria, dictado en la localidad de Garza, recibieron su diploma.<\/p>\n","protected":false},"author":2,"featured_media":55129,"comment_status":"open","ping_status":"open","sticky":false,"template":"","format":"standard","meta":{"om_disable_all_campaigns":false,"_monsterinsights_skip_tracking":false,"_monsterinsights_sitenote_active":false,"_monsterinsights_sitenote_note":"","_monsterinsights_sitenote_category":0,"_uf_show_specific_survey":0,"_uf_disable_surveys":false,"jetpack_post_was_ever_published":false,"_jetpack_newsletter_access":"","_jetpack_dont_email_post_to_subs":false,"_jetpack_newsletter_tier_id":0,"_jetpack_memberships_contains_paywalled_content":false,"_jetpack_memberships_contains_paid_content":false,"footnotes":"","jetpack_publicize_message":"","jetpack_publicize_feature_enabled":true,"jetpack_social_post_already_shared":true,"jetpack_social_options":{"image_generator_settings":{"template":"highway","default_image_id":0,"font":"","enabled":false},"version":2}},"categories":[4,19],"tags":[74],"class_list":["post-55128","post","type-post","status-publish","format-standard","has-post-thumbnail","hentry","category-destacadas","category-educacion","tag-unse"],"aioseo_notices":[],"views":23,"jetpack_publicize_connections":[],"jetpack_featured_media_url":"https:\/\/i0.wp.com\/elterritorialweb.com.ar\/web\/wp-content\/uploads\/2023\/07\/IMG-20230705-WA0013.jpg?fit=1600%2C900&ssl=1","jetpack_sharing_enabled":true,"_links":{"self":[{"href":"https:\/\/elterritorialweb.com.ar\/web\/wp-json\/wp\/v2\/posts\/55128","targetHints":{"allow":["GET"]}}],"collection":[{"href":"https:\/\/elterritorialweb.com.ar\/web\/wp-json\/wp\/v2\/posts"}],"about":[{"href":"https:\/\/elterritorialweb.com.ar\/web\/wp-json\/wp\/v2\/types\/post"}],"author":[{"embeddable":true,"href":"https:\/\/elterritorialweb.com.ar\/web\/wp-json\/wp\/v2\/users\/2"}],"replies":[{"embeddable":true,"href":"https:\/\/elterritorialweb.com.ar\/web\/wp-json\/wp\/v2\/comments?post=55128"}],"version-history":[{"count":1,"href":"https:\/\/elterritorialweb.com.ar\/web\/wp-json\/wp\/v2\/posts\/55128\/revisions"}],"predecessor-version":[{"id":55131,"href":"https:\/\/elterritorialweb.com.ar\/web\/wp-json\/wp\/v2\/posts\/55128\/revisions\/55131"}],"wp:featuredmedia":[{"embeddable":true,"href":"https:\/\/elterritorialweb.com.ar\/web\/wp-json\/wp\/v2\/media\/55129"}],"wp:attachment":[{"href":"https:\/\/elterritorialweb.com.ar\/web\/wp-json\/wp\/v2\/media?parent=55128"}],"wp:term":[{"taxonomy":"category","embeddable":true,"href":"https:\/\/elterritorialweb.com.ar\/web\/wp-json\/wp\/v2\/categories?post=55128"},{"taxonomy":"post_tag","embeddable":true,"href":"https:\/\/elterritorialweb.com.ar\/web\/wp-json\/wp\/v2\/tags?post=55128"}],"curies":[{"name":"wp","href":"https:\/\/api.w.org\/{rel}","templated":true}]}}