{"id":55132,"date":"2023-07-05T20:54:17","date_gmt":"2023-07-05T20:54:17","guid":{"rendered":"http:\/\/elterritorialweb.com.ar\/web\/?p=55132"},"modified":"2023-07-05T20:54:20","modified_gmt":"2023-07-05T20:54:20","slug":"santiago-del-estero-sera-sede-de-las-34-olimpiadas-nacionales-inter-obras-sociales-provinciales","status":"publish","type":"post","link":"https:\/\/elterritorialweb.com.ar\/web\/santiago-del-estero-sera-sede-de-las-34-olimpiadas-nacionales-inter-obras-sociales-provinciales\/","title":{"rendered":"SANTIAGO DEL ESTERO SER\u00c1 SEDE DE LAS 34\u00b0 OLIMPIADAS NACIONALES INTER-OBRAS SOCIALES PROVINCIALES"},"content":{"rendered":"\n<p>El anuncio fue realizado por el secretario de Deportes de la provincia, Carlos Dapello, junto con el titular del Iosep, Ra\u00fal Ayuch, y el presidente de la Asociaci\u00f3n Civil de Empleados de Obras Sociales Provinciales de la Rep\u00fablica Argentina (Aceospra), Juan Donoso.<br>Se confirm\u00f3 la participaci\u00f3n de m\u00e1s de 1200 personas de todo el pa\u00eds, que competir\u00e1n en f\u00fatbol 5, f\u00fatbol 11, hockey, b\u00e1squet, v\u00f3ley, tenis, p\u00e1del, nataci\u00f3n, tiro al blanco, atletismo, marat\u00f3n, ciclismo, bochas, golf, truco, pesca y artes esc\u00e9nicas.<br>En este marco, Ayuch destac\u00f3 que se trata de una oportunidad \u00fanica de realizar un evento tan importante en la ciudad. \u201cUn agradecimiento que hayan elegido a Santiago como sede y ratificar el compromiso de desarrollar unas olimpiadas plena. Estamos preparados y trabajando fuertemente para que sea un \u00e9xito\u201d, dijo.<br>A su turno, el presidente de Aceospra resalt\u00f3 la participaci\u00f3n de 23 provincias, m\u00e1s Capital Federal, y augur\u00f3 unas olimpiadas exitosas, \u201cporque en Santiago tenemos la infraestructura necesaria tanto en lo deportivo, hotelero y gastron\u00f3mico\u201d.<br>Para finalizar, Carlos Dapello agradeci\u00f3 la elecci\u00f3n de que Santiago del Estero sea sede de las olimpiadas y destac\u00f3 la gesti\u00f3n del gobernador Gerardo Zamora con el deporte como pol\u00edtica de estado, \u201ccon una infraestructura deportiva muy importante\u201d.<\/p>\n","protected":false},"excerpt":{"rendered":"<p>Desde el 10 al 15 de septiembre de este a\u00f1o, Santiago del Estero ser\u00e1 sede de las 34\u00b0 Olimpiadas Nacionales Inter-Obras Sociales Provinciales, que se desarrollar\u00e1 con la participaci\u00f3n de equipos de 23 provincias m\u00e1s Capital Federal.<\/p>\n","protected":false},"author":2,"featured_media":55133,"comment_status":"open","ping_status":"open","sticky":false,"template":"","format":"standard","meta":{"om_disable_all_campaigns":false,"_monsterinsights_skip_tracking":false,"_monsterinsights_sitenote_active":false,"_monsterinsights_sitenote_note":"","_monsterinsights_sitenote_category":0,"_uf_show_specific_survey":0,"_uf_disable_surveys":false,"jetpack_post_was_ever_published":false,"_jetpack_newsletter_access":"","_jetpack_dont_email_post_to_subs":false,"_jetpack_newsletter_tier_id":0,"_jetpack_memberships_contains_paywalled_content":false,"_jetpack_memberships_contains_paid_content":false,"footnotes":"","jetpack_publicize_message":"","jetpack_publicize_feature_enabled":true,"jetpack_social_post_already_shared":true,"jetpack_social_options":{"image_generator_settings":{"template":"highway","default_image_id":0,"font":"","enabled":false},"version":2}},"categories":[6,4],"tags":[423,424],"class_list":["post-55132","post","type-post","status-publish","format-standard","has-post-thumbnail","hentry","category-deportes","category-destacadas","tag-iosep","tag-olimpiadas-nacionales-inter-obras-sociales"],"aioseo_notices":[],"views":16,"jetpack_publicize_connections":[],"jetpack_featured_media_url":"https:\/\/i0.wp.com\/elterritorialweb.com.ar\/web\/wp-content\/uploads\/2023\/07\/IMG-20230705-WA0014.jpg?fit=1280%2C853&ssl=1","jetpack_sharing_enabled":true,"_links":{"self":[{"href":"https:\/\/elterritorialweb.com.ar\/web\/wp-json\/wp\/v2\/posts\/55132","targetHints":{"allow":["GET"]}}],"collection":[{"href":"https:\/\/elterritorialweb.com.ar\/web\/wp-json\/wp\/v2\/posts"}],"about":[{"href":"https:\/\/elterritorialweb.com.ar\/web\/wp-json\/wp\/v2\/types\/post"}],"author":[{"embeddable":true,"href":"https:\/\/elterritorialweb.com.ar\/web\/wp-json\/wp\/v2\/users\/2"}],"replies":[{"embeddable":true,"href":"https:\/\/elterritorialweb.com.ar\/web\/wp-json\/wp\/v2\/comments?post=55132"}],"version-history":[{"count":1,"href":"https:\/\/elterritorialweb.com.ar\/web\/wp-json\/wp\/v2\/posts\/55132\/revisions"}],"predecessor-version":[{"id":55134,"href":"https:\/\/elterritorialweb.com.ar\/web\/wp-json\/wp\/v2\/posts\/55132\/revisions\/55134"}],"wp:featuredmedia":[{"embeddable":true,"href":"https:\/\/elterritorialweb.com.ar\/web\/wp-json\/wp\/v2\/media\/55133"}],"wp:attachment":[{"href":"https:\/\/elterritorialweb.com.ar\/web\/wp-json\/wp\/v2\/media?parent=55132"}],"wp:term":[{"taxonomy":"category","embeddable":true,"href":"https:\/\/elterritorialweb.com.ar\/web\/wp-json\/wp\/v2\/categories?post=55132"},{"taxonomy":"post_tag","embeddable":true,"href":"https:\/\/elterritorialweb.com.ar\/web\/wp-json\/wp\/v2\/tags?post=55132"}],"curies":[{"name":"wp","href":"https:\/\/api.w.org\/{rel}","templated":true}]}}