{"id":55135,"date":"2023-07-05T20:58:21","date_gmt":"2023-07-05T20:58:21","guid":{"rendered":"http:\/\/elterritorialweb.com.ar\/web\/?p=55135"},"modified":"2023-07-05T20:58:24","modified_gmt":"2023-07-05T20:58:24","slug":"el-iosep-firmo-convenio-con-el-colegio-notarial","status":"publish","type":"post","link":"https:\/\/elterritorialweb.com.ar\/web\/el-iosep-firmo-convenio-con-el-colegio-notarial\/","title":{"rendered":"EL IOSEP FIRM\u00d3 CONVENIO CON EL COLEGIO NOTARIAL"},"content":{"rendered":"\n<p>Suscribieron este acuerdo el presidente de la obra social del Estado provincial, Ra\u00fal Ayuch; el presidente del colegio, Gustavo Darchuk, y el tesorero del mismo, Felipe Ledesma.<br>Podr\u00e1n ser afiliadas todos los asociados miembros del Colegio Notarial, siempre que sean mayores de edad (incluidos menores emancipados) y que opten por ingresar al Iosep, suscribiendo y cumpliendo las reglamentaciones, que establecen que: Ninguna persona podr\u00e1 ingresar como afiliado directo colectivo con m\u00e1s de 65 a\u00f1os; el titular podr\u00e1 solicitar la incorporaci\u00f3n de su grupo familiar (esposa e hijos menores). Los hijos nacidos dentro del sistema que sean afiliados dentro de los primeros 30 d\u00edas de vida se incorporar\u00e1n en forma autom\u00e1tica sin examen de admisi\u00f3n: no cumplir\u00e1n con el periodo de carencia, salvo que sus progenitores tengan carencias en cuyo caso ingresar\u00e1n con las mismas.<br>Los beneficiarios podr\u00e1n utilizar los servicios desde el momento de su incorporaci\u00f3n al sistema y pago de la primera cuota. Los per\u00edodos de carencia empezar\u00e1n a regir desde la fecha de ingreso al sistema y pago de la primera cuota.<br>En este sentido, Ayuch remarc\u00f3 la importancia de poder brindar el servicio para los profesionales y familiares del colegio, y se mostr\u00f3 agradecido de poder llegar a m\u00e1s santiague\u00f1os con los beneficios.<br>Por su parte, Darchuk agradeci\u00f3 el apoyo del Gobierno de la provincia. \u201cEs una alegr\u00eda poder permitirles a todos los escribanos tener una cobertura de calidad en toda la provincia\u201d, dijo.<\/p>\n","protected":false},"excerpt":{"rendered":"<p>El Instituto de Obra Social del empleado Provincial (IOSEP) y el Colegio Notarial de Santiago del Estero firmaron este mi\u00e9rcoles un convenio para la afiliaci\u00f3n colectiva al Iosep de todos los profesionales pertenecientes al colegio.<\/p>\n","protected":false},"author":2,"featured_media":55136,"comment_status":"open","ping_status":"open","sticky":false,"template":"","format":"standard","meta":{"om_disable_all_campaigns":false,"_monsterinsights_skip_tracking":false,"_monsterinsights_sitenote_active":false,"_monsterinsights_sitenote_note":"","_monsterinsights_sitenote_category":0,"_uf_show_specific_survey":0,"_uf_disable_surveys":false,"jetpack_post_was_ever_published":false,"_jetpack_newsletter_access":"","_jetpack_dont_email_post_to_subs":false,"_jetpack_newsletter_tier_id":0,"_jetpack_memberships_contains_paywalled_content":false,"_jetpack_memberships_contains_paid_content":false,"footnotes":"","jetpack_publicize_message":"","jetpack_publicize_feature_enabled":true,"jetpack_social_post_already_shared":true,"jetpack_social_options":{"image_generator_settings":{"template":"highway","default_image_id":0,"font":"","enabled":false},"version":2}},"categories":[21],"tags":[122,423],"class_list":["post-55135","post","type-post","status-publish","format-standard","has-post-thumbnail","hentry","category-locales","tag-convenio","tag-iosep"],"aioseo_notices":[],"views":14,"jetpack_publicize_connections":[],"jetpack_featured_media_url":"https:\/\/i0.wp.com\/elterritorialweb.com.ar\/web\/wp-content\/uploads\/2023\/07\/IMG-20230705-WA0015.jpg?fit=1280%2C853&ssl=1","jetpack_sharing_enabled":true,"_links":{"self":[{"href":"https:\/\/elterritorialweb.com.ar\/web\/wp-json\/wp\/v2\/posts\/55135","targetHints":{"allow":["GET"]}}],"collection":[{"href":"https:\/\/elterritorialweb.com.ar\/web\/wp-json\/wp\/v2\/posts"}],"about":[{"href":"https:\/\/elterritorialweb.com.ar\/web\/wp-json\/wp\/v2\/types\/post"}],"author":[{"embeddable":true,"href":"https:\/\/elterritorialweb.com.ar\/web\/wp-json\/wp\/v2\/users\/2"}],"replies":[{"embeddable":true,"href":"https:\/\/elterritorialweb.com.ar\/web\/wp-json\/wp\/v2\/comments?post=55135"}],"version-history":[{"count":1,"href":"https:\/\/elterritorialweb.com.ar\/web\/wp-json\/wp\/v2\/posts\/55135\/revisions"}],"predecessor-version":[{"id":55137,"href":"https:\/\/elterritorialweb.com.ar\/web\/wp-json\/wp\/v2\/posts\/55135\/revisions\/55137"}],"wp:featuredmedia":[{"embeddable":true,"href":"https:\/\/elterritorialweb.com.ar\/web\/wp-json\/wp\/v2\/media\/55136"}],"wp:attachment":[{"href":"https:\/\/elterritorialweb.com.ar\/web\/wp-json\/wp\/v2\/media?parent=55135"}],"wp:term":[{"taxonomy":"category","embeddable":true,"href":"https:\/\/elterritorialweb.com.ar\/web\/wp-json\/wp\/v2\/categories?post=55135"},{"taxonomy":"post_tag","embeddable":true,"href":"https:\/\/elterritorialweb.com.ar\/web\/wp-json\/wp\/v2\/tags?post=55135"}],"curies":[{"name":"wp","href":"https:\/\/api.w.org\/{rel}","templated":true}]}}