{"id":56144,"date":"2023-07-28T19:32:05","date_gmt":"2023-07-28T19:32:05","guid":{"rendered":"http:\/\/elterritorialweb.com.ar\/web\/?p=56144"},"modified":"2023-07-28T19:48:36","modified_gmt":"2023-07-28T19:48:36","slug":"referentes-santiaguenos-en-festivales-de-cine","status":"publish","type":"post","link":"https:\/\/elterritorialweb.com.ar\/web\/referentes-santiaguenos-en-festivales-de-cine\/","title":{"rendered":"REFERENTES SANTIAGUE\u00d1OS PARTICIPAN EN FESTIVALES DE CINE"},"content":{"rendered":"\n<p>En ese marco, del 25 al 30 julio se lleva a cabo la\u00a0<strong>primera edici\u00f3n del FIC.UBA, Festival Internacional de Cine organizado por la Universidad de Buenos Aires<\/strong>\u00a0y la Facultad de Arquitectura, Dise\u00f1o y Urbanismo (FADU).<br>En el marco de las celebraciones por los 40 a\u00f1os de democracia ininterrumpida en nuestro pa\u00eds, este\u00a0<strong>Festival tiene como objetivo promover el arraigo de los valores del sistema democr\u00e1tico<\/strong>; y cuenta con la Direcci\u00f3n General de Ricardo Alfons\u00edn, la Direcci\u00f3n Art\u00edstica de Marcelo Altmark y la Direcci\u00f3n Institucional de Paula Quattrocchi.<br><br><strong>Dentro de la programaci\u00f3n del FIC.UBA<\/strong>, que contempla grandes figuras de la cinematograf\u00eda internacional como Lucrecia Martel, Alex de la Iglesia o Sergei Loznitsa,\u00a0<strong>se encuentra la pel\u00edcula \u201cOfrenda\u201d, proyecto colectivo que cont\u00f3 con la participaci\u00f3n de Lorena Jozami<\/strong>\u00a0(El Zoco de la Buri Buri, Contratados) dentro de su equipo de direcci\u00f3n.<\/p>\n\n\n\n<p>Realizada en homenaje a los 35 a\u00f1os de la asociaci\u00f3n La Mujer y el Cine,<strong>&nbsp;la pel\u00edcula fue presentada por Jozami en la \u00faltima edici\u00f3n del Santiago del Estero Film Fest<\/strong>, donde comparti\u00f3 trabajo con directoras argentinas de gran renombre, como Anahi Bernieri, Albertina Carri, Paula de Luque, Sabrina Farj\u00ed, entre muchas otras.<\/p>\n\n\n\n<p>OFRENDA:&nbsp;<a href=\"https:\/\/seff.com.ar\/panorama-largometraje\/ofrenda\/\">https:\/\/seff.com.ar\/panorama-largometraje\/ofrenda\/<\/a><\/p>\n\n\n\n<p>Por su parte, J<strong>uan Pablo Salom\u00f3n (SEFF, Estudio Cine) formar\u00e1 parte del jurado de Tucum\u00e1n Cine, festival internacional\u00a0<\/strong>que realizar\u00e1 su edici\u00f3n n\u00famero 18 en la capital de la vecina provincia desde el 27 de julio al 5 de agosto y\u00a0<strong>cuenta con una notable grilla de los m\u00e1s destacado del cine latinoamericano del \u00faltimo a\u00f1o.<\/strong><\/p>\n\n\n\n<figure class=\"wp-block-image size-full\"><a href=\"https:\/\/i0.wp.com\/elterritorialweb.com.ar\/web\/wp-content\/uploads\/2023\/07\/JuanPabloSalomon.png\"><img data-recalc-dims=\"1\" decoding=\"async\" width=\"626\" height=\"571\" data-src=\"https:\/\/i0.wp.com\/elterritorialweb.com.ar\/web\/wp-content\/uploads\/2023\/07\/JuanPabloSalomon.png?resize=626%2C571\" alt=\"\" class=\"wp-image-56145 lazyload\" data-srcset=\"https:\/\/i0.wp.com\/elterritorialweb.com.ar\/web\/wp-content\/uploads\/2023\/07\/JuanPabloSalomon.png?w=626&amp;ssl=1 626w, https:\/\/i0.wp.com\/elterritorialweb.com.ar\/web\/wp-content\/uploads\/2023\/07\/JuanPabloSalomon.png?resize=300%2C274&amp;ssl=1 300w\" data-sizes=\"(max-width: 626px) 100vw, 626px\" src=\"data:image\/svg+xml;base64,PHN2ZyB3aWR0aD0iMSIgaGVpZ2h0PSIxIiB4bWxucz0iaHR0cDovL3d3dy53My5vcmcvMjAwMC9zdmciPjwvc3ZnPg==\" style=\"--smush-placeholder-width: 626px; --smush-placeholder-aspect-ratio: 626\/571;\" \/><\/a><\/figure>\n\n\n\n<p><strong>El festival tucumano, cuyo fundamento es fomentar y poner en valor la producci\u00f3n audiovisual latinoamericana, nacional y local<\/strong>, contar\u00e1 con la presencia de destacados invitados del medio, como ser las actrices Julieta D\u00edaz y Cecilia Dopazo, los directores Ana Garc\u00eda Blaya y Fernando Spiner, los actores Alan Ricardo Sabbagh y Dar\u00edo Gonzalo Villarroel, entre otros.<\/p>\n\n\n\n<p>La extensa y variada grilla de actividades incluir\u00e1 adem\u00e1s proyecciones especiales, charlas con destacados actores, actrices y realizadores audiovisuales, mesas panel, capacitaciones, homenajes y mucho m\u00e1s.<\/p>\n","protected":false},"excerpt":{"rendered":"<p>Lorena Jozami y Juan Pablo Salom\u00f3n, se encuentran participando de diferente manera de la agenda de festivales internacionales de cine que se desarrollan en diversos puntos del pa\u00eds durante los meses de julio y agosto.<\/p>\n","protected":false},"author":2,"featured_media":56146,"comment_status":"open","ping_status":"open","sticky":false,"template":"","format":"standard","meta":{"om_disable_all_campaigns":false,"_monsterinsights_skip_tracking":false,"_monsterinsights_sitenote_active":false,"_monsterinsights_sitenote_note":"","_monsterinsights_sitenote_category":0,"_uf_show_specific_survey":0,"_uf_disable_surveys":false,"jetpack_post_was_ever_published":false,"_jetpack_newsletter_access":"","_jetpack_dont_email_post_to_subs":false,"_jetpack_newsletter_tier_id":0,"_jetpack_memberships_contains_paywalled_content":false,"_jetpack_memberships_contains_paid_content":false,"footnotes":"","jetpack_publicize_message":"","jetpack_publicize_feature_enabled":true,"jetpack_social_post_already_shared":false,"jetpack_social_options":{"image_generator_settings":{"template":"highway","default_image_id":0,"font":"","enabled":false},"version":2}},"categories":[34,20],"tags":[525,524],"class_list":["post-56144","post","type-post","status-publish","format-standard","has-post-thumbnail","hentry","category-cultura","category-especysociales","tag-juan-pablo-salomon","tag-lorena-jozami"],"aioseo_notices":[],"views":33,"jetpack_publicize_connections":[],"jetpack_featured_media_url":"https:\/\/i0.wp.com\/elterritorialweb.com.ar\/web\/wp-content\/uploads\/2023\/07\/LORENA-JOZAMI.webp?fit=720%2C944&ssl=1","jetpack_sharing_enabled":true,"_links":{"self":[{"href":"https:\/\/elterritorialweb.com.ar\/web\/wp-json\/wp\/v2\/posts\/56144","targetHints":{"allow":["GET"]}}],"collection":[{"href":"https:\/\/elterritorialweb.com.ar\/web\/wp-json\/wp\/v2\/posts"}],"about":[{"href":"https:\/\/elterritorialweb.com.ar\/web\/wp-json\/wp\/v2\/types\/post"}],"author":[{"embeddable":true,"href":"https:\/\/elterritorialweb.com.ar\/web\/wp-json\/wp\/v2\/users\/2"}],"replies":[{"embeddable":true,"href":"https:\/\/elterritorialweb.com.ar\/web\/wp-json\/wp\/v2\/comments?post=56144"}],"version-history":[{"count":2,"href":"https:\/\/elterritorialweb.com.ar\/web\/wp-json\/wp\/v2\/posts\/56144\/revisions"}],"predecessor-version":[{"id":56148,"href":"https:\/\/elterritorialweb.com.ar\/web\/wp-json\/wp\/v2\/posts\/56144\/revisions\/56148"}],"wp:featuredmedia":[{"embeddable":true,"href":"https:\/\/elterritorialweb.com.ar\/web\/wp-json\/wp\/v2\/media\/56146"}],"wp:attachment":[{"href":"https:\/\/elterritorialweb.com.ar\/web\/wp-json\/wp\/v2\/media?parent=56144"}],"wp:term":[{"taxonomy":"category","embeddable":true,"href":"https:\/\/elterritorialweb.com.ar\/web\/wp-json\/wp\/v2\/categories?post=56144"},{"taxonomy":"post_tag","embeddable":true,"href":"https:\/\/elterritorialweb.com.ar\/web\/wp-json\/wp\/v2\/tags?post=56144"}],"curies":[{"name":"wp","href":"https:\/\/api.w.org\/{rel}","templated":true}]}}