{"id":56149,"date":"2023-07-28T21:54:26","date_gmt":"2023-07-28T21:54:26","guid":{"rendered":"http:\/\/elterritorialweb.com.ar\/web\/?p=56149"},"modified":"2023-07-28T23:03:38","modified_gmt":"2023-07-28T23:03:38","slug":"nediani-realizo-el-relanzamiento-de-la-aplicacion-la-banda-en-movimiento","status":"publish","type":"post","link":"https:\/\/elterritorialweb.com.ar\/web\/nediani-realizo-el-relanzamiento-de-la-aplicacion-la-banda-en-movimiento\/","title":{"rendered":"NEDIANI REALIZ\u00d3 EL RELANZAMIENTO DE LA APLICACI\u00d3N \u00abLA BANDA EN MOVIMIENTO\u00bb"},"content":{"rendered":"\n<p>La misma se realiz\u00f3 desde las instalaciones del cine teatro Renzi donde se realiz\u00f3 un acto de presentaci\u00f3n de las nuevas funciones de esta innovadora herramienta que fue gestionada desde la Secretar\u00eda de Comunicaci\u00f3n, a cargo de Fernanda Raschi, con el objetivo de habilitar un nuevo canal de interacci\u00f3n con los vecinos de la ciudad.<br>En la oportunidad, se dieron a conocer detalles de las secciones con las que cuenta la aplicaci\u00f3n entre las que se encuentran:<\/p>\n\n\n\n<figure class=\"wp-block-image size-large\"><a href=\"https:\/\/i0.wp.com\/elterritorialweb.com.ar\/web\/wp-content\/uploads\/2023\/07\/WhatsApp-Image-2023-07-28-at-14.43.10.jpeg\"><img data-recalc-dims=\"1\" decoding=\"async\" width=\"477\" height=\"1024\" data-src=\"https:\/\/i0.wp.com\/elterritorialweb.com.ar\/web\/wp-content\/uploads\/2023\/07\/WhatsApp-Image-2023-07-28-at-14.43.10.jpeg?resize=477%2C1024\" alt=\"\" class=\"wp-image-56152 lazyload\" data-srcset=\"https:\/\/i0.wp.com\/elterritorialweb.com.ar\/web\/wp-content\/uploads\/2023\/07\/WhatsApp-Image-2023-07-28-at-14.43.10.jpeg?resize=477%2C1024&amp;ssl=1 477w, https:\/\/i0.wp.com\/elterritorialweb.com.ar\/web\/wp-content\/uploads\/2023\/07\/WhatsApp-Image-2023-07-28-at-14.43.10.jpeg?resize=140%2C300&amp;ssl=1 140w, https:\/\/i0.wp.com\/elterritorialweb.com.ar\/web\/wp-content\/uploads\/2023\/07\/WhatsApp-Image-2023-07-28-at-14.43.10.jpeg?resize=716%2C1536&amp;ssl=1 716w, https:\/\/i0.wp.com\/elterritorialweb.com.ar\/web\/wp-content\/uploads\/2023\/07\/WhatsApp-Image-2023-07-28-at-14.43.10.jpeg?w=746&amp;ssl=1 746w\" data-sizes=\"(max-width: 477px) 100vw, 477px\" src=\"data:image\/svg+xml;base64,PHN2ZyB3aWR0aD0iMSIgaGVpZ2h0PSIxIiB4bWxucz0iaHR0cDovL3d3dy53My5vcmcvMjAwMC9zdmciPjwvc3ZnPg==\" style=\"--smush-placeholder-width: 477px; --smush-placeholder-aspect-ratio: 477\/1024;\" \/><\/a><\/figure>\n\n\n\n<p><strong>MuniSeguridad: <\/strong>permite de una manera sencilla, r\u00e1pida y eficaz, generar una alerta de seguridad que de inmediato y en simult\u00e1neo ingresa con prioridad a la central de monitoreo y a los m\u00f3viles de Seguridad Ciudadana de la ciudad.<\/p>\n\n\n\n<p><strong>MuniSocial: <\/strong>Sistema integral para el registro y control digital de la asistencia social. Por medio de una plataforma web y m\u00f3vil contempla la carga y gesti\u00f3n de las ayudas sociales municipales.<\/p>\n\n\n\n<p><strong>MuniMascotas:<\/strong> registro de mascotas de los ciudadanos, con carnet de identificaci\u00f3n, geolocalizaci\u00f3n y pedido de alerta en caso de p\u00e9rdida a la comunidad.<\/p>\n\n\n\n<p><strong>Munigesti\u00f3n:<\/strong> m\u00f3dulo que facilita y optimiza todas las actividades operativas de la gesti\u00f3n municipal, desde la recepci\u00f3n de reclamos y la generaci\u00f3n de \u00f3rdenes de trabajo hasta el monitoreo de la resoluci\u00f3n de cada uno de ellos.<\/p>\n\n\n\n<p><strong>MuniBus y Camiones de residuos:<\/strong> seguimiento en tiempo real del recorrido de colectivos y camiones de residuos en tu mano.<\/p>\n\n\n\n<p>En este sentido el intendente Nediani enfatiz\u00f3 en que esta aplicaci\u00f3n representa un avance importante para la gesti\u00f3n p\u00fablica, as\u00ed como una v\u00eda para fortalecer la participaci\u00f3n ciudadana en la toma de decisiones municipales. La interacci\u00f3n entre los vecinos y el municipio ser\u00e1 m\u00e1s fluida, lo que permitir\u00e1 una respuesta m\u00e1s oportuna a las necesidades y demandas de la comunidad.<br>Asimismo, resalt\u00f3, que la aplicaci\u00f3n es una muestra del compromiso de la Municipalidad de La Banda con la modernizaci\u00f3n y la utilizaci\u00f3n de la tecnolog\u00eda para mejorar la calidad de vida de los ciudadanos. Se prev\u00e9 que este recurso se convierta en un canal clave para el fortalecimiento de los lazos entre el gobierno local y la comunidad, impulsando la colaboraci\u00f3n en beneficio de todos los habitantes de la ciudad.<\/p>\n\n\n\n<figure class=\"wp-block-image size-large\"><a href=\"https:\/\/i0.wp.com\/elterritorialweb.com.ar\/web\/wp-content\/uploads\/2023\/07\/WhatsApp-Image-2023-07-28-at-14.37.11-1.jpeg\"><img data-recalc-dims=\"1\" decoding=\"async\" width=\"640\" height=\"423\" data-src=\"https:\/\/i0.wp.com\/elterritorialweb.com.ar\/web\/wp-content\/uploads\/2023\/07\/WhatsApp-Image-2023-07-28-at-14.37.11-1.jpeg?resize=640%2C423\" alt=\"\" class=\"wp-image-56150 lazyload\" data-srcset=\"https:\/\/i0.wp.com\/elterritorialweb.com.ar\/web\/wp-content\/uploads\/2023\/07\/WhatsApp-Image-2023-07-28-at-14.37.11-1.jpeg?resize=1024%2C676&amp;ssl=1 1024w, https:\/\/i0.wp.com\/elterritorialweb.com.ar\/web\/wp-content\/uploads\/2023\/07\/WhatsApp-Image-2023-07-28-at-14.37.11-1.jpeg?resize=300%2C198&amp;ssl=1 300w, https:\/\/i0.wp.com\/elterritorialweb.com.ar\/web\/wp-content\/uploads\/2023\/07\/WhatsApp-Image-2023-07-28-at-14.37.11-1.jpeg?resize=768%2C507&amp;ssl=1 768w, https:\/\/i0.wp.com\/elterritorialweb.com.ar\/web\/wp-content\/uploads\/2023\/07\/WhatsApp-Image-2023-07-28-at-14.37.11-1.jpeg?w=1280&amp;ssl=1 1280w\" data-sizes=\"(max-width: 640px) 100vw, 640px\" src=\"data:image\/svg+xml;base64,PHN2ZyB3aWR0aD0iMSIgaGVpZ2h0PSIxIiB4bWxucz0iaHR0cDovL3d3dy53My5vcmcvMjAwMC9zdmciPjwvc3ZnPg==\" style=\"--smush-placeholder-width: 640px; --smush-placeholder-aspect-ratio: 640\/423;\" \/><\/a><\/figure>\n\n\n\n<p>En este sentido, se hizo especial hincapi\u00e9 en la transparencia de la gesti\u00f3n y la participaci\u00f3n activa de los ciudadanos en la construcci\u00f3n de la ciudad.<br>La aplicaci\u00f3n \u00abLa Banda en Movimiento\u00bb se convierte as\u00ed, en un puente que conecta a los vecinos con las autoridades, ofreci\u00e9ndoles una herramienta \u00fatil y accesible para tener un mayor control sobre la gesti\u00f3n municipal y contribuir al desarrollo de la ciudad.<br>Esta App se encuentra disponible en la tienda Play Store, y su descarga es gratuita por lo que invita a todos los bande\u00f1os a sumarse a esta iniciativa, que se espera sea un pilar fundamental en la construcci\u00f3n de un municipio m\u00e1s conectado, moderno y comprometido con el bienestar de sus ciudadanos.<br>Los vecinos interesados en recibir mayor informaci\u00f3n o asesoramiento pueden acercarse al sector de Informes en el acceso al Palacio Municipal con sus tel\u00e9fonos Smartphone.<\/p>\n","protected":false},"excerpt":{"rendered":"<p>Con el objetivo de profundizar la incorporaci\u00f3n de nuevas tecnolog\u00edas y ponerlas al servicio de los vecinos, el intendente Roger Nediani, acompa\u00f1ado por miembros de su gabinete presidi\u00f3 el relanzamiento de la aplicaci\u00f3n m\u00f3vil \u201cLa Banda en Movimiento\u201d.<\/p>\n","protected":false},"author":2,"featured_media":56151,"comment_status":"open","ping_status":"open","sticky":false,"template":"","format":"standard","meta":{"om_disable_all_campaigns":false,"_monsterinsights_skip_tracking":false,"_monsterinsights_sitenote_active":false,"_monsterinsights_sitenote_note":"","_monsterinsights_sitenote_category":0,"_uf_show_specific_survey":0,"_uf_disable_surveys":false,"jetpack_post_was_ever_published":false,"_jetpack_newsletter_access":"","_jetpack_dont_email_post_to_subs":false,"_jetpack_newsletter_tier_id":0,"_jetpack_memberships_contains_paywalled_content":false,"_jetpack_memberships_contains_paid_content":false,"footnotes":"","jetpack_publicize_message":"","jetpack_publicize_feature_enabled":true,"jetpack_social_post_already_shared":false,"jetpack_social_options":{"image_generator_settings":{"template":"highway","default_image_id":0,"font":"","enabled":false},"version":2}},"categories":[9,4],"tags":[71,51],"class_list":["post-56149","post","type-post","status-publish","format-standard","has-post-thumbnail","hentry","category-banda","category-destacadas","tag-municipalidad-de-la-banda","tag-roger-nediani"],"aioseo_notices":[],"views":8,"jetpack_publicize_connections":[],"jetpack_featured_media_url":"https:\/\/i0.wp.com\/elterritorialweb.com.ar\/web\/wp-content\/uploads\/2023\/07\/WhatsApp-Image-2023-07-28-at-14.37.11.jpeg?fit=1280%2C845&ssl=1","jetpack_sharing_enabled":true,"_links":{"self":[{"href":"https:\/\/elterritorialweb.com.ar\/web\/wp-json\/wp\/v2\/posts\/56149","targetHints":{"allow":["GET"]}}],"collection":[{"href":"https:\/\/elterritorialweb.com.ar\/web\/wp-json\/wp\/v2\/posts"}],"about":[{"href":"https:\/\/elterritorialweb.com.ar\/web\/wp-json\/wp\/v2\/types\/post"}],"author":[{"embeddable":true,"href":"https:\/\/elterritorialweb.com.ar\/web\/wp-json\/wp\/v2\/users\/2"}],"replies":[{"embeddable":true,"href":"https:\/\/elterritorialweb.com.ar\/web\/wp-json\/wp\/v2\/comments?post=56149"}],"version-history":[{"count":2,"href":"https:\/\/elterritorialweb.com.ar\/web\/wp-json\/wp\/v2\/posts\/56149\/revisions"}],"predecessor-version":[{"id":56155,"href":"https:\/\/elterritorialweb.com.ar\/web\/wp-json\/wp\/v2\/posts\/56149\/revisions\/56155"}],"wp:featuredmedia":[{"embeddable":true,"href":"https:\/\/elterritorialweb.com.ar\/web\/wp-json\/wp\/v2\/media\/56151"}],"wp:attachment":[{"href":"https:\/\/elterritorialweb.com.ar\/web\/wp-json\/wp\/v2\/media?parent=56149"}],"wp:term":[{"taxonomy":"category","embeddable":true,"href":"https:\/\/elterritorialweb.com.ar\/web\/wp-json\/wp\/v2\/categories?post=56149"},{"taxonomy":"post_tag","embeddable":true,"href":"https:\/\/elterritorialweb.com.ar\/web\/wp-json\/wp\/v2\/tags?post=56149"}],"curies":[{"name":"wp","href":"https:\/\/api.w.org\/{rel}","templated":true}]}}