{"id":56156,"date":"2023-07-28T23:11:47","date_gmt":"2023-07-28T23:11:47","guid":{"rendered":"http:\/\/elterritorialweb.com.ar\/web\/?p=56156"},"modified":"2023-07-28T23:11:50","modified_gmt":"2023-07-28T23:11:50","slug":"fuentes-encabezo-el-acto-por-los-65-anos-de-obras-publicas","status":"publish","type":"post","link":"https:\/\/elterritorialweb.com.ar\/web\/fuentes-encabezo-el-acto-por-los-65-anos-de-obras-publicas\/","title":{"rendered":"FUENTES ENCABEZ\u00d3 EL ACTO POR LOS 65 A\u00d1OS DE OBRAS P\u00daBLICAS"},"content":{"rendered":"\n<p>Durante la ceremonia, se record\u00f3 a los obreros fallecidos, se entregaron reconocimientos a los empleados que se jubilaron y tambi\u00e9n nuevos uniformes a los 320 trabajadores activos de la repartici\u00f3n, compuestos por camisa, pantal\u00f3n y botines.<\/p>\n\n\n\n<p>En esta oportunidad, acompa\u00f1aron a la Ing. Fuentes el presidente del Concejo Deliberante, Humberto Santill\u00e1n; concejales, funcionarios del gabinete municipal y personal de la dependencia.<\/p>\n\n\n\n<p>La jefa comunal indic\u00f3 que \u00bb en estos a\u00f1os siempre logramos mantenernos unidos como familia municipal y trabajar en beneficio de la comunidad, procurando brindar las mejores condiciones para nuestros empleados\u00bb.<\/p>\n\n\n\n<p>\u00abMe siento muy orgullosa por su labor cotidiana pero, sobre todo, por el compromiso que pusieron para mantener la ciudad en \u00f3ptimas condiciones durante todo el mes de julio, cuando recibimos a una enorme cantidad de turistas para celebrar nuestro 470\u00b0 aniversario\u00bb, expres\u00f3.<\/p>\n\n\n\n<p>Por su parte, el director de Obras P\u00fablicas, Hugo Sequeira, agradeci\u00f3 a la intendente Fuentes \u00abpor proveernos permanentemente de indumentaria, equipamiento y maquinarias que nos facilita las tareas y nos permite desarrollarlas de forma \u00e1gil y segura, dando respuesta a todos los vecinos en una ciudad que ha crecido much\u00edsimo en los \u00faltimos a\u00f1os\u00bb.<\/p>\n","protected":false},"excerpt":{"rendered":"<p>La intendente de la Capital, Ing. Norma Fuentes, encabez\u00f3 el acto de celebraci\u00f3n de los 65 a\u00f1os de vida institucional de la Direcci\u00f3n de Obras P\u00fablicas, donde destac\u00f3 el trabajo que realizan los empleados en beneficio de la comunidad.<\/p>\n","protected":false},"author":2,"featured_media":56157,"comment_status":"open","ping_status":"open","sticky":false,"template":"","format":"standard","meta":{"om_disable_all_campaigns":false,"_monsterinsights_skip_tracking":false,"_monsterinsights_sitenote_active":false,"_monsterinsights_sitenote_note":"","_monsterinsights_sitenote_category":0,"_uf_show_specific_survey":0,"_uf_disable_surveys":false,"jetpack_post_was_ever_published":false,"_jetpack_newsletter_access":"","_jetpack_dont_email_post_to_subs":false,"_jetpack_newsletter_tier_id":0,"_jetpack_memberships_contains_paywalled_content":false,"_jetpack_memberships_contains_paid_content":false,"footnotes":"","jetpack_publicize_message":"","jetpack_publicize_feature_enabled":true,"jetpack_social_post_already_shared":false,"jetpack_social_options":{"image_generator_settings":{"template":"highway","default_image_id":0,"font":"","enabled":false},"version":2}},"categories":[4,21],"tags":[73,116],"class_list":["post-56156","post","type-post","status-publish","format-standard","has-post-thumbnail","hentry","category-destacadas","category-locales","tag-municipalidad-de-la-capital","tag-norma-fuentes"],"aioseo_notices":[],"views":7,"jetpack_publicize_connections":[],"jetpack_featured_media_url":"https:\/\/i0.wp.com\/elterritorialweb.com.ar\/web\/wp-content\/uploads\/2023\/07\/Intendente-aniversario-Obras-Publicas.jpg?fit=1280%2C727&ssl=1","jetpack_sharing_enabled":true,"_links":{"self":[{"href":"https:\/\/elterritorialweb.com.ar\/web\/wp-json\/wp\/v2\/posts\/56156","targetHints":{"allow":["GET"]}}],"collection":[{"href":"https:\/\/elterritorialweb.com.ar\/web\/wp-json\/wp\/v2\/posts"}],"about":[{"href":"https:\/\/elterritorialweb.com.ar\/web\/wp-json\/wp\/v2\/types\/post"}],"author":[{"embeddable":true,"href":"https:\/\/elterritorialweb.com.ar\/web\/wp-json\/wp\/v2\/users\/2"}],"replies":[{"embeddable":true,"href":"https:\/\/elterritorialweb.com.ar\/web\/wp-json\/wp\/v2\/comments?post=56156"}],"version-history":[{"count":1,"href":"https:\/\/elterritorialweb.com.ar\/web\/wp-json\/wp\/v2\/posts\/56156\/revisions"}],"predecessor-version":[{"id":56158,"href":"https:\/\/elterritorialweb.com.ar\/web\/wp-json\/wp\/v2\/posts\/56156\/revisions\/56158"}],"wp:featuredmedia":[{"embeddable":true,"href":"https:\/\/elterritorialweb.com.ar\/web\/wp-json\/wp\/v2\/media\/56157"}],"wp:attachment":[{"href":"https:\/\/elterritorialweb.com.ar\/web\/wp-json\/wp\/v2\/media?parent=56156"}],"wp:term":[{"taxonomy":"category","embeddable":true,"href":"https:\/\/elterritorialweb.com.ar\/web\/wp-json\/wp\/v2\/categories?post=56156"},{"taxonomy":"post_tag","embeddable":true,"href":"https:\/\/elterritorialweb.com.ar\/web\/wp-json\/wp\/v2\/tags?post=56156"}],"curies":[{"name":"wp","href":"https:\/\/api.w.org\/{rel}","templated":true}]}}