{"id":56159,"date":"2023-07-28T23:27:48","date_gmt":"2023-07-28T23:27:48","guid":{"rendered":"http:\/\/elterritorialweb.com.ar\/web\/?p=56159"},"modified":"2023-07-28T23:27:51","modified_gmt":"2023-07-28T23:27:51","slug":"la-banda-conmemoro-el-dia-nacional-de-la-concientizacion-sobre-el-tdah","status":"publish","type":"post","link":"https:\/\/elterritorialweb.com.ar\/web\/la-banda-conmemoro-el-dia-nacional-de-la-concientizacion-sobre-el-tdah\/","title":{"rendered":"LA BANDA CONMEMOR\u00d3 EL \u00abD\u00cdA NACIONAL DE LA CONCIENTIZACI\u00d3N SOBRE EL TDAH\u00bb"},"content":{"rendered":"\n<p>En este sentido, la directora de Discapacidad, Alejandra Nallar destac\u00f3: \u201cHoy 28 de julio se conmemora el d\u00eda nacional de la concientizaci\u00f3n sobre el trastorno por d\u00e9ficit de atenci\u00f3n e hiperactividad (TDAH) y un poco el mensaje y la idea de esta jornada es acompa\u00f1ar y visibilizar a nuestra comunidad que ha sido diagnosticada con este trastorno. Un poco la invitaci\u00f3n es poner en agenda todas las cuestiones que tenga que ver con la discapacidad y a trav\u00e9s de un acto conmemorativo, un color que en este caso es el naranja\u201d.<br>Asimismo, la presidenta de la asociaci\u00f3n \u201cTDAH Neurodiversidad Santiago\u201d, Paola Mazo, agreg\u00f3: \u201cNosotros estamos ya hace 6 a\u00f1os desde que empezamos siempre la municipalidad de La Banda nos ha estado acompa\u00f1ando y este es el 3 a\u00f1o que pasamos este d\u00eda tan importante para todos nuestros ni\u00f1os ac\u00e1 en el cine Renzi, por lo cual agradezco el apoyo y as\u00ed tambi\u00e9n con la iluminaci\u00f3n del palacio del color naranja ya que se hace en todas las partes del pa\u00eds, inclusive en todo el mundo. Tenemos la cuenta de Facebook e Instagram que es asociaci\u00f3n \u00b4TDAH Neurodiversidad Santiago\u00b4 por ah\u00ed nos pueden encontrar, despu\u00e9s nosotros hacemos mucho hincapi\u00e9 en lo que es el acompa\u00f1amiento a la familia y el apoyo a lo que es la detecci\u00f3n temprana\u201d.<br>\u201cTambi\u00e9n poseemos el proyecto que se llama TDAH va a la escuela ya que la mayor problem\u00e1tica que se produce en esa instituci\u00f3n, entonces poder acompa\u00f1ar a los docentes y darles las herramientas para que puedan mejorar\u201d, finaliz\u00f3 Mazo.<br>Cabe destacar, que el color naranja surge del rojo, que simboliza la calidez, el amor y el compromiso; y de su mezcla con el amarillo, que expresa al intelecto; el cual genera conocimiento, comunicaci\u00f3n, organizaci\u00f3n y logro de objetivos. El naranja sintetiza entonces el afecto, el compromiso, el conocimiento y la comunicaci\u00f3n para trabajar en favor de aquellos que padecen TDAH.<br>El Trastorno por D\u00e9ficit de Atenci\u00f3n con Hiperactividad, tambi\u00e9n conocido por sus siglas TDAH y en ingl\u00e9s como ADHD (Attention Deficit and Hyperactivity Disorder) es un trastorno del neurodesarrollo que se manifiesta en la ni\u00f1ez, adolescencia y adultez en diversos grados, formas y posibles combinaciones con comorbilidades y que se caracteriza por niveles de distracci\u00f3n de moderados a graves, breves periodos de atenci\u00f3n, inquietud motora, inestabilidad emocional y conductas impulsivas. Todo ello acarrea dificultades para quienes lo padecen, implicando problemas en el desarrollo normal de sus actividades cotidianas y sus experiencias sociales.<br>En el caso de ni\u00f1ez y adolescencia, el principal impacto, aunque sin excluir a otros espacios, se produce en relaci\u00f3n al \u00e1mbito escolar, en aspectos conductuales y\/o cognitivos. Esto significa que el TDAH tambi\u00e9n se vincula con las denominadas Dificultades Espec\u00edficas del Aprendizaje (DEA).<\/p>\n","protected":false},"excerpt":{"rendered":"<p>El Palacio Municipal y el Honorable Concejo Deliberante de la ciudad de La Banda fueron iluminados de color Naranja para conmemorar el D\u00eda Nacional de la Concientizaci\u00f3n, Sensibilizaci\u00f3n e Informaci\u00f3n sobre el Trastorno por D\u00e9ficit de Atenci\u00f3n e Hiperactividad (TDAH).<\/p>\n","protected":false},"author":2,"featured_media":56160,"comment_status":"open","ping_status":"open","sticky":false,"template":"","format":"standard","meta":{"om_disable_all_campaigns":false,"_monsterinsights_skip_tracking":false,"_monsterinsights_sitenote_active":false,"_monsterinsights_sitenote_note":"","_monsterinsights_sitenote_category":0,"_uf_show_specific_survey":0,"_uf_disable_surveys":false,"jetpack_post_was_ever_published":false,"_jetpack_newsletter_access":"","_jetpack_dont_email_post_to_subs":false,"_jetpack_newsletter_tier_id":0,"_jetpack_memberships_contains_paywalled_content":false,"_jetpack_memberships_contains_paid_content":false,"footnotes":"","jetpack_publicize_message":"","jetpack_publicize_feature_enabled":true,"jetpack_social_post_already_shared":false,"jetpack_social_options":{"image_generator_settings":{"template":"highway","default_image_id":0,"font":"","enabled":false},"version":2}},"categories":[9],"tags":[73,526],"class_list":["post-56159","post","type-post","status-publish","format-standard","has-post-thumbnail","hentry","category-banda","tag-municipalidad-de-la-capital","tag-tdah"],"aioseo_notices":[],"views":7,"jetpack_publicize_connections":[],"jetpack_featured_media_url":"https:\/\/i0.wp.com\/elterritorialweb.com.ar\/web\/wp-content\/uploads\/2023\/07\/WhatsApp-Image-2023-07-28-at-14.37.05.jpeg?fit=1380%2C912&ssl=1","jetpack_sharing_enabled":true,"_links":{"self":[{"href":"https:\/\/elterritorialweb.com.ar\/web\/wp-json\/wp\/v2\/posts\/56159","targetHints":{"allow":["GET"]}}],"collection":[{"href":"https:\/\/elterritorialweb.com.ar\/web\/wp-json\/wp\/v2\/posts"}],"about":[{"href":"https:\/\/elterritorialweb.com.ar\/web\/wp-json\/wp\/v2\/types\/post"}],"author":[{"embeddable":true,"href":"https:\/\/elterritorialweb.com.ar\/web\/wp-json\/wp\/v2\/users\/2"}],"replies":[{"embeddable":true,"href":"https:\/\/elterritorialweb.com.ar\/web\/wp-json\/wp\/v2\/comments?post=56159"}],"version-history":[{"count":1,"href":"https:\/\/elterritorialweb.com.ar\/web\/wp-json\/wp\/v2\/posts\/56159\/revisions"}],"predecessor-version":[{"id":56161,"href":"https:\/\/elterritorialweb.com.ar\/web\/wp-json\/wp\/v2\/posts\/56159\/revisions\/56161"}],"wp:featuredmedia":[{"embeddable":true,"href":"https:\/\/elterritorialweb.com.ar\/web\/wp-json\/wp\/v2\/media\/56160"}],"wp:attachment":[{"href":"https:\/\/elterritorialweb.com.ar\/web\/wp-json\/wp\/v2\/media?parent=56159"}],"wp:term":[{"taxonomy":"category","embeddable":true,"href":"https:\/\/elterritorialweb.com.ar\/web\/wp-json\/wp\/v2\/categories?post=56159"},{"taxonomy":"post_tag","embeddable":true,"href":"https:\/\/elterritorialweb.com.ar\/web\/wp-json\/wp\/v2\/tags?post=56159"}],"curies":[{"name":"wp","href":"https:\/\/api.w.org\/{rel}","templated":true}]}}