{"id":56162,"date":"2023-07-28T23:33:14","date_gmt":"2023-07-28T23:33:14","guid":{"rendered":"http:\/\/elterritorialweb.com.ar\/web\/?p=56162"},"modified":"2023-07-28T23:33:17","modified_gmt":"2023-07-28T23:33:17","slug":"sadem-invito-a-participar-del-conversatorio-para-la-ley-provincial-de-musica","status":"publish","type":"post","link":"https:\/\/elterritorialweb.com.ar\/web\/sadem-invito-a-participar-del-conversatorio-para-la-ley-provincial-de-musica\/","title":{"rendered":"SADEM INVIT\u00d3 A PARTICIPAR DEL CONVERSATORIO PARA LA LEY PROVINCIAL DE M\u00daSICA"},"content":{"rendered":"\n<p>La conferencia de prensa se realiz\u00f3 en el sal\u00f3n de la CGT, de la cual participaron la delegada provincial, Rosy D\u00edaz; el subdelegado Marcelo Ybarra y la asesora Perla Gim\u00e9nez, acompa\u00f1ados por los representantes de las \u00e1reas de G\u00e9nero, Juventud y Capacidades Diferentes.<br>\u201cQue este conversatorio, que busca la trasformaci\u00f3n de la Ley de la M\u00fasica, nos sirva tambi\u00e9n de acompa\u00f1amiento y agradecimiento por todo lo conseguido\u201d, dijo D\u00edaz.<br>Por su parte, Ybarra resalt\u00f3: \u201cTenemos que ver por los m\u00fasicos de Santiago del Estero y es por esto que invitamos a unirse a este conversatorio para que entre todos podamos aportar ideas, ya que si bien tenemos una ley nacional que contempla ciertos aspectos tales como subsidios y becas, no contempla la actividad de los m\u00fasicos callejeros por ejemplo. Entonces buscamos que se regule y que se tenga un circuito para ellos para poder brindarles a todos los turistas que se acercan a provincia, el espect\u00e1culo que se merecen\u201d.<br>A su turno, Perla Jim\u00e9nez coment\u00f3 sobre la actividad que se desarroll\u00f3 en conmemoraci\u00f3n al 470 \u00b0 aniversario de la Madre de Ciudades. \u201cQueremos agradecerles a todos los m\u00fasicos santiague\u00f1os a las filiales del interior por el acompa\u00f1amiento en la caravana de los bombos que se realiz\u00f3 en el Parque Oeste donde hemos hecho reconocimiento a las figuras destacadas, fue un mes de mucho trabajo con resultados muy positivos\u201d, dijo.<\/p>\n","protected":false},"excerpt":{"rendered":"<p>Representantes de la filial santiague\u00f1a del Sindicato Argentino de M\u00fasicos invitaron a todas las instituciones afines a participar del conversatorio para la implementaci\u00f3n de la Ley Provincial de M\u00fasica, que se llevar\u00e1 a cabo en la sede de la Confederaci\u00f3n General de Trabajo, el jueves 3 de agosto a partir de las 15.<\/p>\n","protected":false},"author":2,"featured_media":56163,"comment_status":"open","ping_status":"open","sticky":false,"template":"","format":"standard","meta":{"om_disable_all_campaigns":false,"_monsterinsights_skip_tracking":false,"_monsterinsights_sitenote_active":false,"_monsterinsights_sitenote_note":"","_monsterinsights_sitenote_category":0,"_uf_show_specific_survey":0,"_uf_disable_surveys":false,"jetpack_post_was_ever_published":false,"_jetpack_newsletter_access":"","_jetpack_dont_email_post_to_subs":false,"_jetpack_newsletter_tier_id":0,"_jetpack_memberships_contains_paywalled_content":false,"_jetpack_memberships_contains_paid_content":false,"footnotes":"","jetpack_publicize_message":"","jetpack_publicize_feature_enabled":true,"jetpack_social_post_already_shared":false,"jetpack_social_options":{"image_generator_settings":{"template":"highway","default_image_id":0,"font":"","enabled":false},"version":2}},"categories":[21],"tags":[528,527],"class_list":["post-56162","post","type-post","status-publish","format-standard","has-post-thumbnail","hentry","category-locales","tag-ley-provincial-de-musica","tag-sadem"],"aioseo_notices":[],"views":10,"jetpack_publicize_connections":[],"jetpack_featured_media_url":"https:\/\/i0.wp.com\/elterritorialweb.com.ar\/web\/wp-content\/uploads\/2023\/07\/WhatsApp-Image-2023-07-28-at-13.13.23.jpeg?fit=1600%2C1053&ssl=1","jetpack_sharing_enabled":true,"_links":{"self":[{"href":"https:\/\/elterritorialweb.com.ar\/web\/wp-json\/wp\/v2\/posts\/56162","targetHints":{"allow":["GET"]}}],"collection":[{"href":"https:\/\/elterritorialweb.com.ar\/web\/wp-json\/wp\/v2\/posts"}],"about":[{"href":"https:\/\/elterritorialweb.com.ar\/web\/wp-json\/wp\/v2\/types\/post"}],"author":[{"embeddable":true,"href":"https:\/\/elterritorialweb.com.ar\/web\/wp-json\/wp\/v2\/users\/2"}],"replies":[{"embeddable":true,"href":"https:\/\/elterritorialweb.com.ar\/web\/wp-json\/wp\/v2\/comments?post=56162"}],"version-history":[{"count":1,"href":"https:\/\/elterritorialweb.com.ar\/web\/wp-json\/wp\/v2\/posts\/56162\/revisions"}],"predecessor-version":[{"id":56164,"href":"https:\/\/elterritorialweb.com.ar\/web\/wp-json\/wp\/v2\/posts\/56162\/revisions\/56164"}],"wp:featuredmedia":[{"embeddable":true,"href":"https:\/\/elterritorialweb.com.ar\/web\/wp-json\/wp\/v2\/media\/56163"}],"wp:attachment":[{"href":"https:\/\/elterritorialweb.com.ar\/web\/wp-json\/wp\/v2\/media?parent=56162"}],"wp:term":[{"taxonomy":"category","embeddable":true,"href":"https:\/\/elterritorialweb.com.ar\/web\/wp-json\/wp\/v2\/categories?post=56162"},{"taxonomy":"post_tag","embeddable":true,"href":"https:\/\/elterritorialweb.com.ar\/web\/wp-json\/wp\/v2\/tags?post=56162"}],"curies":[{"name":"wp","href":"https:\/\/api.w.org\/{rel}","templated":true}]}}