{"id":56165,"date":"2023-07-28T23:43:04","date_gmt":"2023-07-28T23:43:04","guid":{"rendered":"http:\/\/elterritorialweb.com.ar\/web\/?p=56165"},"modified":"2023-07-28T23:43:07","modified_gmt":"2023-07-28T23:43:07","slug":"santiago-recibira-a-atletas-de-toda-latinoamerica-en-el-2-torneo-classic-de-fisicoculturismo-y-fitness","status":"publish","type":"post","link":"https:\/\/elterritorialweb.com.ar\/web\/santiago-recibira-a-atletas-de-toda-latinoamerica-en-el-2-torneo-classic-de-fisicoculturismo-y-fitness\/","title":{"rendered":"SANTIAGO RECIBIR\u00c1 A ATLETAS DE TODA LATINOAM\u00c9RICA EN EL 2\u00b0 TORNEO CLASSIC DE FISICOCULTURISMO Y FITNESS"},"content":{"rendered":"\n<p>La inscripci\u00f3n pesaje y tallaje ser\u00e1n de 10 a 14, por lo tanto la competencia est\u00e1 prevista para las 16 y ser\u00e1 organizado y fiscalizado por la Asociaci\u00f3n Civil de Musculaci\u00f3n y Fitness Santiago del Estero, esperando un total de 80 participantes y 30 dirigentes.<br>Anunci\u00f3 el evento el director de Gesti\u00f3n P\u00fablica del Nodo Tecnol\u00f3gico, Ricardo Montenegro, junto al presidente de la Asociaci\u00f3n Civil Musculaci\u00f3n y Fitness de Santiago del Estero, Juan Carlos Nuno; el multicampe\u00f3n Rodrigo Cort\u00e9z y la presidente de AFIC, Susana Ortega.<br>Nuno agradeci\u00f3 al Gobierno provincial por el apoyo y el acompa\u00f1amiento y resalt\u00f3 que \u201ceste evento da un salto de calidad a la regi\u00f3n en esta disciplina\u201d con la presencia de participantes de toda Latinoam\u00e9rica.<br>Montenegro \u2013por su parte- invit\u00f3 al p\u00fablico a disfrutar de este evento deportivo. \u201cEspero que siga creciendo esta categor\u00eda que a\u00f1o tras a\u00f1o va desarrollando estas actividades que se presenta acompa\u00f1ado de propuestas de primer nivel\u201d, concluy\u00f3.<\/p>\n","protected":false},"excerpt":{"rendered":"<p>El pr\u00f3ximo s\u00e1bado 29 de julio, a partir de las 15.30, se llevar\u00e1 a cabo en el Nodo Tecnol\u00f3gico la segunda edici\u00f3n del torneo \u201cSantiago del Estero Classic\u201d de f\u00edsicoculturismo y fitness, con la presencia de exponentes de toda Latinoam\u00e9rica.<\/p>\n","protected":false},"author":2,"featured_media":56166,"comment_status":"open","ping_status":"open","sticky":false,"template":"","format":"standard","meta":{"om_disable_all_campaigns":false,"_monsterinsights_skip_tracking":false,"_monsterinsights_sitenote_active":false,"_monsterinsights_sitenote_note":"","_monsterinsights_sitenote_category":0,"_uf_show_specific_survey":0,"_uf_disable_surveys":false,"jetpack_post_was_ever_published":false,"_jetpack_newsletter_access":"","_jetpack_dont_email_post_to_subs":false,"_jetpack_newsletter_tier_id":0,"_jetpack_memberships_contains_paywalled_content":false,"_jetpack_memberships_contains_paid_content":false,"footnotes":"","jetpack_publicize_message":"","jetpack_publicize_feature_enabled":true,"jetpack_social_post_already_shared":false,"jetpack_social_options":{"image_generator_settings":{"template":"highway","default_image_id":0,"font":"","enabled":false},"version":2}},"categories":[6],"tags":[],"class_list":["post-56165","post","type-post","status-publish","format-standard","has-post-thumbnail","hentry","category-deportes"],"aioseo_notices":[],"views":10,"jetpack_publicize_connections":[],"jetpack_featured_media_url":"https:\/\/i0.wp.com\/elterritorialweb.com.ar\/web\/wp-content\/uploads\/2023\/07\/WhatsApp-Image-2023-07-28-at-20.15.45.jpeg?fit=1280%2C853&ssl=1","jetpack_sharing_enabled":true,"_links":{"self":[{"href":"https:\/\/elterritorialweb.com.ar\/web\/wp-json\/wp\/v2\/posts\/56165","targetHints":{"allow":["GET"]}}],"collection":[{"href":"https:\/\/elterritorialweb.com.ar\/web\/wp-json\/wp\/v2\/posts"}],"about":[{"href":"https:\/\/elterritorialweb.com.ar\/web\/wp-json\/wp\/v2\/types\/post"}],"author":[{"embeddable":true,"href":"https:\/\/elterritorialweb.com.ar\/web\/wp-json\/wp\/v2\/users\/2"}],"replies":[{"embeddable":true,"href":"https:\/\/elterritorialweb.com.ar\/web\/wp-json\/wp\/v2\/comments?post=56165"}],"version-history":[{"count":1,"href":"https:\/\/elterritorialweb.com.ar\/web\/wp-json\/wp\/v2\/posts\/56165\/revisions"}],"predecessor-version":[{"id":56167,"href":"https:\/\/elterritorialweb.com.ar\/web\/wp-json\/wp\/v2\/posts\/56165\/revisions\/56167"}],"wp:featuredmedia":[{"embeddable":true,"href":"https:\/\/elterritorialweb.com.ar\/web\/wp-json\/wp\/v2\/media\/56166"}],"wp:attachment":[{"href":"https:\/\/elterritorialweb.com.ar\/web\/wp-json\/wp\/v2\/media?parent=56165"}],"wp:term":[{"taxonomy":"category","embeddable":true,"href":"https:\/\/elterritorialweb.com.ar\/web\/wp-json\/wp\/v2\/categories?post=56165"},{"taxonomy":"post_tag","embeddable":true,"href":"https:\/\/elterritorialweb.com.ar\/web\/wp-json\/wp\/v2\/tags?post=56165"}],"curies":[{"name":"wp","href":"https:\/\/api.w.org\/{rel}","templated":true}]}}