{"id":56168,"date":"2023-07-29T01:37:13","date_gmt":"2023-07-29T01:37:13","guid":{"rendered":"http:\/\/elterritorialweb.com.ar\/web\/?p=56168"},"modified":"2023-07-29T01:37:17","modified_gmt":"2023-07-29T01:37:17","slug":"garcia-moritan-se-bajo-de-la-precandidatura-para-acompanar-a-jorge-macri","status":"publish","type":"post","link":"https:\/\/elterritorialweb.com.ar\/web\/garcia-moritan-se-bajo-de-la-precandidatura-para-acompanar-a-jorge-macri\/","title":{"rendered":"GARC\u00cdA MORIT\u00c1N SE BAJ\u00d3 DE LA PRECANDIDATURA PARA ACOMPA\u00d1AR A JORGE MACRI"},"content":{"rendered":"\n<p>El referente de Republicanos Unidos,\u00a0<strong>Roberto Garc\u00eda Morit\u00e1n<\/strong>, comunic\u00f3 este viernes que decidi\u00f3 de dar de baja su precandidatura a jefe de Gobierno de la Ciudad Aut\u00f3noma de Buenos Aires \u00abpara\u00a0<strong>acompa\u00f1ar el proyecto de Jorge Macri<\/strong>\u00ab, quien encabeza una de las listas de Juntos por el Cambio en el distrito porte\u00f1o.<\/p>\n\n\n\n<p>\u00abJuntos vamos a\u00a0<strong>recuperar el orden y la libertad<\/strong>\u00a0en la Ciudad de Buenos Aires. Vamos a\u00a0<strong>terminar con los piquetes, las mafias y la violencia<\/strong>\u00ab, asegur\u00f3 Garc\u00eda Morit\u00e1n a trav\u00e9s de una publicaci\u00f3n en sus redes sociales.<\/p>\n\n\n\n<figure class=\"wp-block-embed is-type-rich is-provider-twitter wp-block-embed-twitter\"><div class=\"wp-block-embed__wrapper\">\n<div class=\"embed-twitter\"><blockquote class=\"twitter-tweet\" data-width=\"550\" data-dnt=\"true\"><p lang=\"es\" dir=\"ltr\">Decid\u00ed declinar mi candidatura a Jefe de Gobierno para acompa\u00f1ar el proyecto de <a href=\"https:\/\/twitter.com\/jorgemacri?ref_src=twsrc%5Etfw\">@jorgemacri<\/a>. Juntos vamos a recuperar el orden y la libertad en la Ciudad de Buenos Aires. Vamos a terminar con los piquetes, las mafias y la violencia. Republicanos Unidos + PRO \ud83d\udcaa\ud83c\udffb <a href=\"https:\/\/t.co\/DIfEkL0iuW\">pic.twitter.com\/DIfEkL0iuW<\/a><\/p>&mdash; Roberto Garc\u00eda Morit\u00e1n (@Robergmoritan) <a href=\"https:\/\/twitter.com\/Robergmoritan\/status\/1685037118022647811?ref_src=twsrc%5Etfw\">July 28, 2023<\/a><\/blockquote><script async src=\"https:\/\/platform.twitter.com\/widgets.js\" charset=\"utf-8\"><\/script><\/div>\n<\/div><\/figure>\n\n\n\n<p>En el video que acompa\u00f1a la publicaci\u00f3n, el empresario gastron\u00f3mico advirti\u00f3: \u00abLas circunstancias exigen que&nbsp;<strong>dejemos de lado los intereses personales<\/strong>&nbsp;y nos unamos todos los que creamos que los piquetes est\u00e1n mal, que los impuestos nos ahogan y que las pymes tienen que ser protagonistas de la Ciudad que se viene\u00bb.<\/p>\n\n\n\n<p>En los \u00faltimos d\u00edas, Garc\u00eda Morit\u00e1n se vio envuelto en diferentes pol\u00e9micas a partir de su propuesta de\u00a0demoler el emblem\u00e1tico edificio del Ministerio de Desarrollo Social\u00a0ubicado sobre la Avenida 9 de Julio para \u00abterminar con los piquetes, los acampes y la violencia\u00bb y para poner \u00aborden y garantizar la libertad\u00bb.<\/p>\n\n\n\n<p>Este mi\u00e9rcoles, el marido de la conductora Carolina &#8216;Pampita&#8217; Ardohain se pele\u00f3 al aire durante un debate en&nbsp;<em>TN<\/em>&nbsp;con el precandidato de la izquierda Alejandro Bodart y luego casi se va a las manos en los pasillos del canal.<\/p>\n","protected":false},"excerpt":{"rendered":"<p>El referente de Republicanos Unidos decidi\u00f3 declinar su postulaci\u00f3n a jefe de Gobierno porte\u00f1o y acompa\u00f1ar\u00e1 al precandidato del PRO. \u00abVamos a terminar con los piquetes, las mafias y la violencia\u00bb, expres\u00f3.<\/p>\n","protected":false},"author":2,"featured_media":56169,"comment_status":"open","ping_status":"open","sticky":false,"template":"","format":"standard","meta":{"om_disable_all_campaigns":false,"_monsterinsights_skip_tracking":false,"_monsterinsights_sitenote_active":false,"_monsterinsights_sitenote_note":"","_monsterinsights_sitenote_category":0,"_uf_show_specific_survey":0,"_uf_disable_surveys":false,"jetpack_post_was_ever_published":false,"_jetpack_newsletter_access":"","_jetpack_dont_email_post_to_subs":false,"_jetpack_newsletter_tier_id":0,"_jetpack_memberships_contains_paywalled_content":false,"_jetpack_memberships_contains_paid_content":false,"footnotes":"","jetpack_publicize_message":"","jetpack_publicize_feature_enabled":true,"jetpack_social_post_already_shared":false,"jetpack_social_options":{"image_generator_settings":{"template":"highway","default_image_id":0,"font":"","enabled":false},"version":2}},"categories":[4,18],"tags":[529],"class_list":["post-56168","post","type-post","status-publish","format-standard","has-post-thumbnail","hentry","category-destacadas","category-politica","tag-roberto-garcia-moritan"],"aioseo_notices":[],"views":9,"jetpack_publicize_connections":[],"jetpack_featured_media_url":"https:\/\/i0.wp.com\/elterritorialweb.com.ar\/web\/wp-content\/uploads\/2023\/07\/GARCIA-MORITAN.webp?fit=770%2C435&ssl=1","jetpack_sharing_enabled":true,"_links":{"self":[{"href":"https:\/\/elterritorialweb.com.ar\/web\/wp-json\/wp\/v2\/posts\/56168","targetHints":{"allow":["GET"]}}],"collection":[{"href":"https:\/\/elterritorialweb.com.ar\/web\/wp-json\/wp\/v2\/posts"}],"about":[{"href":"https:\/\/elterritorialweb.com.ar\/web\/wp-json\/wp\/v2\/types\/post"}],"author":[{"embeddable":true,"href":"https:\/\/elterritorialweb.com.ar\/web\/wp-json\/wp\/v2\/users\/2"}],"replies":[{"embeddable":true,"href":"https:\/\/elterritorialweb.com.ar\/web\/wp-json\/wp\/v2\/comments?post=56168"}],"version-history":[{"count":1,"href":"https:\/\/elterritorialweb.com.ar\/web\/wp-json\/wp\/v2\/posts\/56168\/revisions"}],"predecessor-version":[{"id":56170,"href":"https:\/\/elterritorialweb.com.ar\/web\/wp-json\/wp\/v2\/posts\/56168\/revisions\/56170"}],"wp:featuredmedia":[{"embeddable":true,"href":"https:\/\/elterritorialweb.com.ar\/web\/wp-json\/wp\/v2\/media\/56169"}],"wp:attachment":[{"href":"https:\/\/elterritorialweb.com.ar\/web\/wp-json\/wp\/v2\/media?parent=56168"}],"wp:term":[{"taxonomy":"category","embeddable":true,"href":"https:\/\/elterritorialweb.com.ar\/web\/wp-json\/wp\/v2\/categories?post=56168"},{"taxonomy":"post_tag","embeddable":true,"href":"https:\/\/elterritorialweb.com.ar\/web\/wp-json\/wp\/v2\/tags?post=56168"}],"curies":[{"name":"wp","href":"https:\/\/api.w.org\/{rel}","templated":true}]}}