{"id":56171,"date":"2023-07-29T01:53:25","date_gmt":"2023-07-29T01:53:25","guid":{"rendered":"http:\/\/elterritorialweb.com.ar\/web\/?p=56171"},"modified":"2023-07-29T01:55:28","modified_gmt":"2023-07-29T01:55:28","slug":"massa-vayamos-a-buscar-a-los-que-se-desilusionaron-en-el-2019","status":"publish","type":"post","link":"https:\/\/elterritorialweb.com.ar\/web\/massa-vayamos-a-buscar-a-los-que-se-desilusionaron-en-el-2019\/","title":{"rendered":"MASSA: \u00abVAYAMOS A BUSCAR A LOS QUE SE DESILUSIONARON EN EL 2019\u00bb"},"content":{"rendered":"\n<p>El ministro de Econom\u00eda y precandidato presidencial de Uni\u00f3n por la Patria,\u00a0<strong>Sergio Massa, inst\u00f3 a la militancia peronista a ir en busca de aquellos votantes \u00abque se desilusionaron en el 2019\u00bb<\/strong>\u00a0para obtener un buen resultado tanto en las PASO de agosto como en las elecciones generales de octubre.<\/p>\n\n\n\n<p>\u00abLes quiero pedir que en los pr\u00f3ximos 15 d\u00edas, casa por casa, barrio por barrio, chacra por chacra, f\u00e1brica por f\u00e1brica,\u00a0<strong>vayan a buscar a aquellos que a lo mejor se ilusionaron en el 2019 y hoy sienten que les fallamos<\/strong>\u00ab, afirm\u00f3 Massa en un acto en el estadio SuperDomo, en La Rioja.<\/p>\n\n\n\n<p>\u00abD\u00edganle con tranquilidad que&nbsp;<strong>les pedimos perd\u00f3n por los errores<\/strong>, pero que nos toc\u00f3 enfrentar una dif\u00edcil y tenemos por delante una responsabilidad que solo la resolvemos con el voto.&nbsp;<strong>O defendemos la patria que queremos o volvemos al pasado<\/strong>\u00ab, a\u00f1adi\u00f3 Massa, quien estuvo acompa\u00f1ado por el gobernador&nbsp;<strong>Ricardo Quintela<\/strong>, su compa\u00f1ero de f\u00f3rmula y jefe de Gabinete,&nbsp;<strong>Agust\u00edn Rossi<\/strong>, el ministro del Interior y precandidato a senador,&nbsp;<strong>Eduardo &#8216;Wado&#8217; de Pedro<\/strong>, y otros funcionarios<\/p>\n\n\n\n<p>El titular del Palacio de Hacienda asegur\u00f3 que, a pesar de la pandemia, la guerra y la peor sequ\u00eda de la historia,&nbsp;<strong>el oficialismo est\u00e1 \u00abde pie para construir el futuro de nuestra patria\u00bb<\/strong>&nbsp;y sabe bien \u00ablo que hay que hacer para poner a la Argentina en marcha y recuperar el ingreso\u00bb.<\/p>\n\n\n\n<figure class=\"wp-block-image size-large\"><a href=\"https:\/\/i0.wp.com\/elterritorialweb.com.ar\/web\/wp-content\/uploads\/2023\/07\/MASSA-LA-RIOJA.jpg\"><img data-recalc-dims=\"1\" decoding=\"async\" width=\"640\" height=\"426\" data-src=\"https:\/\/i0.wp.com\/elterritorialweb.com.ar\/web\/wp-content\/uploads\/2023\/07\/MASSA-LA-RIOJA.jpg?resize=640%2C426\" alt=\"\" class=\"wp-image-56174 lazyload\" data-srcset=\"https:\/\/i0.wp.com\/elterritorialweb.com.ar\/web\/wp-content\/uploads\/2023\/07\/MASSA-LA-RIOJA.jpg?resize=1024%2C682&amp;ssl=1 1024w, https:\/\/i0.wp.com\/elterritorialweb.com.ar\/web\/wp-content\/uploads\/2023\/07\/MASSA-LA-RIOJA.jpg?resize=300%2C200&amp;ssl=1 300w, https:\/\/i0.wp.com\/elterritorialweb.com.ar\/web\/wp-content\/uploads\/2023\/07\/MASSA-LA-RIOJA.jpg?resize=768%2C512&amp;ssl=1 768w, https:\/\/i0.wp.com\/elterritorialweb.com.ar\/web\/wp-content\/uploads\/2023\/07\/MASSA-LA-RIOJA.jpg?w=1280&amp;ssl=1 1280w\" data-sizes=\"(max-width: 640px) 100vw, 640px\" src=\"data:image\/svg+xml;base64,PHN2ZyB3aWR0aD0iMSIgaGVpZ2h0PSIxIiB4bWxucz0iaHR0cDovL3d3dy53My5vcmcvMjAwMC9zdmciPjwvc3ZnPg==\" style=\"--smush-placeholder-width: 640px; --smush-placeholder-aspect-ratio: 640\/426;\" \/><\/a><\/figure>\n\n\n\n<p><strong>\u00abNos dejaron con un ancla de u$s45.000 millones de deuda<\/strong>, con 33 pymes menos, con 250.000 empleos menos, con su deuda en pesos defaulteada, con los jubilados sin programa de medicamentos, sin las computadoras de nuestros pibes, sin la beca de nuestros estudiantes, y ahora&nbsp;<strong>nos quieren dar clases de c\u00f3mo gobernar<\/strong>\u00ab, se quej\u00f3 Massa.<\/p>\n\n\n\n<p>\u00abSabemos lo que hay que hacer para ser libres y sacarnos aquello que trajeron ellos a la Argentina, que es el Fondo Monetario Internacional.&nbsp;<strong>El futuro es mejor, el pasado no debe volver y depende de nosotros\u00bb<\/strong>, concluy\u00f3 el candidato del peronismo.<\/p>\n","protected":false},"excerpt":{"rendered":"<p>El candidato presidencial de Uni\u00f3n por la Patria particip\u00f3 de un acto de campa\u00f1a en La Rioja junto al gobernador Ricardo Quintela, el ministro del Interior, Wado de Pedro, su compa\u00f1ero de f\u00f3rmula, Agust\u00edn Rossi, y otros funcionarios.<\/p>\n","protected":false},"author":2,"featured_media":56176,"comment_status":"open","ping_status":"open","sticky":false,"template":"","format":"standard","meta":{"om_disable_all_campaigns":false,"_monsterinsights_skip_tracking":false,"_monsterinsights_sitenote_active":false,"_monsterinsights_sitenote_note":"","_monsterinsights_sitenote_category":0,"_uf_show_specific_survey":0,"_uf_disable_surveys":false,"jetpack_post_was_ever_published":false,"_jetpack_newsletter_access":"","_jetpack_dont_email_post_to_subs":false,"_jetpack_newsletter_tier_id":0,"_jetpack_memberships_contains_paywalled_content":false,"_jetpack_memberships_contains_paid_content":false,"footnotes":"","jetpack_publicize_message":"","jetpack_publicize_feature_enabled":true,"jetpack_social_post_already_shared":false,"jetpack_social_options":{"image_generator_settings":{"template":"highway","default_image_id":0,"font":"","enabled":false},"version":2}},"categories":[4,18],"tags":[68,272],"class_list":["post-56171","post","type-post","status-publish","format-standard","has-post-thumbnail","hentry","category-destacadas","category-politica","tag-sergio-massa","tag-union-por-la-patria"],"aioseo_notices":[],"views":13,"jetpack_publicize_connections":[],"jetpack_featured_media_url":"https:\/\/i0.wp.com\/elterritorialweb.com.ar\/web\/wp-content\/uploads\/2023\/07\/MASSA-LA-RIOJA-1.jpg?fit=2048%2C1366&ssl=1","jetpack_sharing_enabled":true,"_links":{"self":[{"href":"https:\/\/elterritorialweb.com.ar\/web\/wp-json\/wp\/v2\/posts\/56171","targetHints":{"allow":["GET"]}}],"collection":[{"href":"https:\/\/elterritorialweb.com.ar\/web\/wp-json\/wp\/v2\/posts"}],"about":[{"href":"https:\/\/elterritorialweb.com.ar\/web\/wp-json\/wp\/v2\/types\/post"}],"author":[{"embeddable":true,"href":"https:\/\/elterritorialweb.com.ar\/web\/wp-json\/wp\/v2\/users\/2"}],"replies":[{"embeddable":true,"href":"https:\/\/elterritorialweb.com.ar\/web\/wp-json\/wp\/v2\/comments?post=56171"}],"version-history":[{"count":2,"href":"https:\/\/elterritorialweb.com.ar\/web\/wp-json\/wp\/v2\/posts\/56171\/revisions"}],"predecessor-version":[{"id":56175,"href":"https:\/\/elterritorialweb.com.ar\/web\/wp-json\/wp\/v2\/posts\/56171\/revisions\/56175"}],"wp:featuredmedia":[{"embeddable":true,"href":"https:\/\/elterritorialweb.com.ar\/web\/wp-json\/wp\/v2\/media\/56176"}],"wp:attachment":[{"href":"https:\/\/elterritorialweb.com.ar\/web\/wp-json\/wp\/v2\/media?parent=56171"}],"wp:term":[{"taxonomy":"category","embeddable":true,"href":"https:\/\/elterritorialweb.com.ar\/web\/wp-json\/wp\/v2\/categories?post=56171"},{"taxonomy":"post_tag","embeddable":true,"href":"https:\/\/elterritorialweb.com.ar\/web\/wp-json\/wp\/v2\/tags?post=56171"}],"curies":[{"name":"wp","href":"https:\/\/api.w.org\/{rel}","templated":true}]}}