{"id":56177,"date":"2023-07-29T02:11:18","date_gmt":"2023-07-29T02:11:18","guid":{"rendered":"http:\/\/elterritorialweb.com.ar\/web\/?p=56177"},"modified":"2023-07-29T02:11:21","modified_gmt":"2023-07-29T02:11:21","slug":"ofrecimiento-de-cargos-y-horas-catedra-para-docentes-2","status":"publish","type":"post","link":"https:\/\/elterritorialweb.com.ar\/web\/ofrecimiento-de-cargos-y-horas-catedra-para-docentes-2\/","title":{"rendered":"OFRECIMIENTO DE CARGOS Y HORAS C\u00c1TEDRA PARA DOCENTES"},"content":{"rendered":"\n<p>El Consejo General de Educaci\u00f3n comunica a los docentes de los Niveles Inicial, Primario y Modalidades, Secundario y Superior, que a partir de la cero hora del lunes 31 de julio y hasta las 23.59 del martes 1 de agosto se realizar\u00e1 el ofrecimiento de cargos y horas c\u00e1tedra titulares y suplentes del primer grado del escalaf\u00f3n de los establecimientos educativos de los niveles citados, en el sistema \u201cConsejo Virtual\u201d, ingresando en el Portal Oficial del CGE www.cgesantiago.gob.ar &#8211; Secci\u00f3n \u201cConsejo Virtual\u201d. Los ofrecimientos se realizar\u00e1n conforme al LOM 2023 y las pautas establecidas en la Resoluci\u00f3n N\u00b0 513\/2023.<\/p>\n\n\n\n<p>Nivel Inicial<\/p>\n\n\n\n<ol class=\"wp-block-list\">\n<li>Jard\u00edn de Infantes N\u00b0 255 Estrellita del Sur, Regi\u00f3n II de La Invernada Sur, Dpto. Figueroa<\/li>\n\n\n\n<li>Jard\u00edn de Infantes N\u00b0 796 Hab\u00eda una Vez, Regi\u00f3n II, de Km 25, Dpto. San Mart\u00edn.<\/li>\n\n\n\n<li>Jard\u00edn de Infantes N\u00b0 141 Abrojitos de la Regi\u00f3n III, Pozo Hondo, Dpto. Jim\u00e9nez<\/li>\n\n\n\n<li>Jard\u00edn de Infantes N\u00b0 320 Anexo de la Esc. 1170, Regi\u00f3n II de Los Soria, Dpto. Banda.<\/li>\n\n\n\n<li>Jard\u00edn de Infantes N\u00b0 712 Anexo de la Esc. 735 de la Regi\u00f3n VIII, La Malota, Dpto. Salavina.<\/li>\n<\/ol>\n\n\n\n<p>Nivel Primario<\/p>\n\n\n\n<ol class=\"wp-block-list\">\n<li>Escuela N\u00b0 457 de Jornada Simple (Regi\u00f3n IV) El Huaico, Dpto. Mitre<\/li>\n\n\n\n<li>Escuela N\u00b0 226 Francisco de Aguirre de Jornada Simple (Regi\u00f3n II), La Banda, Dpto. Banda<\/li>\n\n\n\n<li>Escuela N\u00b0 641 Ilda Azucena Abreg\u00fa de Jornada Simple (Regi\u00f3n VI), de Santa Cruz, Dpto. Alberdi<\/li>\n\n\n\n<li>Escuela N\u00b0 781 &#8211; Jornada Simple &#8211; (Regi\u00f3n VIII) &#8211; Los Telares &#8211; Dpto. Salavina.<\/li>\n\n\n\n<li>Escuela Infantil N\u00ba 207 Roberto Levillier &#8211; Jornada Simple &#8211; (Regi\u00f3n II) -Higuera Chacra, Dpto. Robles.<\/li>\n\n\n\n<li>Escuela N\u00b0 838 &#8211; Jornada Simple &#8211; (Regi\u00f3n II) &#8211; La Florida, Dpto. Robles<\/li>\n\n\n\n<li>Escuela N\u00b0 1042 Jos\u00e9 Jorge Llapur &#8211; Jornada Completa \u2013 Fern\u00e1ndez, Dpto. Robles.<\/li>\n\n\n\n<li>Escuela N\u00b0 845 &#8211; Jornada Simple &#8211; (Regi\u00f3n IV) &#8211; Taco Atum, Taboada.<\/li>\n\n\n\n<li>Escuela N\u00b0 1173 Carlos Jensen Jornada Simple (Regi\u00f3n I) Santiago del Estero, Dpto. Capital.<\/li>\n\n\n\n<li>Escuela N\u00b0 1062 Jornada Simple (Regi\u00f3n I) \u00c1rraga, Dpto. Sil\u00edpica.<\/li>\n\n\n\n<li>Escuela Infantil N\u00b0 406 Sor Mercedes Guerra Jornada Completa de Villa Salavina, Dpto. Salavina.<\/li>\n\n\n\n<li>Escuela N\u00b0 940 Jornada Simple (Regi\u00f3n III) Colonia Tinco, Dpto. R\u00edo Hondo.<\/li>\n\n\n\n<li>Escuela N\u00b0 677 General Jos\u00e9 de San Mart\u00edn &#8211; Jornada Simple &#8211; (Regi\u00f3n II) &#8211; La Banda, Dpto. Banda.<\/li>\n\n\n\n<li>Escuela N\u00b0 1011- Jornada Completa -Weisburd, Dpto. Moreno<\/li>\n\n\n\n<li>Escuela N\u00b0 651 &#8211; Jornada Simple &#8211; (Regi\u00f3n VIII) &#8211; El Pueblito, Dpto. Quebrachos<\/li>\n\n\n\n<li>Centro Experimental N\u00ba3 Pedro Francisco de Uriarte &#8211; Jornada Simple (Regi\u00f3n I) Loreto, Dpto. Loreto.<\/li>\n\n\n\n<li>Escuela N\u00ba 37 Comandante Manuel Besares Jornada Simple (Regi\u00f3n I) Vuelta de La Barranca, Dpto. Capital.<\/li>\n\n\n\n<li>Escuela N\u00b0 388 Dr. Gumersindo Sayago &#8211; Jornada Simple &#8211; (Regi\u00f3n I) &#8211; Santiago del Estero, Dpto. Capital.<\/li>\n\n\n\n<li>Escuela N\u00b0 744 &#8211; Jornada Simple &#8211; (Regi\u00f3n VIII) &#8211; La Trampa, Dpto. Quebrachos<\/li>\n\n\n\n<li>Escuela N\u00b0 541 Jornada Simple &#8211; (Regi\u00f3n III) &#8211; Rinc\u00f3n Grande, Dpto. Jim\u00e9nez<\/li>\n\n\n\n<li>Escuela N\u00b0 1238&#8243; Escuela de La Patria\u00bb Jornada Simple (Regi\u00f3n I) Loreto, Dpto. Loreto<\/li>\n\n\n\n<li>Escuela N\u00b0 814 \u00abPaula Albarrac\u00edn de Sarmiento\u00bb Jornada Simple &#8211; (Regi\u00f3n II) Fern\u00e1ndez, Dpto. Robles<\/li>\n\n\n\n<li>Escuela N\u00b0 542 Agustina P. de Libarona &#8211; Jornada Simple &#8211; (Regi\u00f3n I) &#8211; Santiago del Estero, Dpto. Capital.<\/li>\n<\/ol>\n\n\n\n<p>Nivel Secundario<\/p>\n\n\n\n<ol class=\"wp-block-list\">\n<li>Escuela de Comercio \u00abAntenor Ferreyra\u00bb, Santiago del Estero, Dpto.Capital<\/li>\n\n\n\n<li>Colegio Secundario \u00ab7 de Noviembre\u00bb, Colonia El Simbolar, Dpto. Robles<\/li>\n\n\n\n<li>Colegio Secundario Barrio Primera Junta, Santiago del Estero, Dpto. Capital<\/li>\n\n\n\n<li>Colegio Secundario \u00abCampo Gallo\u00bb, Campo Gallo, Dpto. Alberdi<\/li>\n\n\n\n<li>Escuela T\u00e9cnica N\u00ba 1, Santiago del Estero, Dpto. Capital<\/li>\n\n\n\n<li>Escuela Agrot\u00e9cnico de Fr\u00edas, Fr\u00edas, Dpto. Choya<\/li>\n\n\n\n<li>Escuela T\u00e9cnica N\u00ba 5 \u00abRam\u00f3n Carrillo\u00bb, Fr\u00edas, Dpto. Choya<\/li>\n\n\n\n<li>Escuela T\u00e9cnica N\u00b0 14, Loreto, Dpto. Loreto<\/li>\n\n\n\n<li>Colegio Secundario \u00abCrist\u00f3bal Colon\u00bb, \u00c1rraga, Dpto. Sil\u00edpica<\/li>\n\n\n\n<li>Agrupamiento N\u00ba 86143, San Gregorio, Dpto. Loreto<\/li>\n\n\n\n<li>Agrupamiento N\u00ba 86162, Vaca Human, Dpto. Salavina.<\/li>\n<\/ol>\n\n\n\n<p>Nivel Superior<\/p>\n\n\n\n<p>1) I.S.P.P N\u00ba7- Quimil\u00ed, Dpto. Moreno<br>2) ESPEA N\u00ba2 &#8211; Fr\u00edas, Dpto. Choya<br>3) ENS Rep\u00fablica del Ecuador- Fr\u00edas, Dpto. Choya<br>4) CENT N\u00ba1- Sgo. del Estero, Dpto. Capital<br>5) ENS J. B. Gorostiaga &#8211; La Banda, Dpto. Banda<br>6) ISFDC N\u00ba1 Anexo Los Jur\u00edes, Dpto. Taboada<\/p>\n\n\n\n<p>Modalidades Educativas<\/p>\n\n\n\n<ol class=\"wp-block-list\">\n<li>Escuela de Educaci\u00f3n B\u00e1sica de Adultos N\u00b0 4 Modalidad EPJA de La Banda, Dpto. Banda<\/li>\n\n\n\n<li>Escuela de Formaci\u00f3n Profesional y Capacitaci\u00f3n Laboral N\u00b0 7 Modalidad T\u00e9cnico Profesional de Beltr\u00e1n, Dpto. Robles<\/li>\n\n\n\n<li>Centro de Educaci\u00f3n Integral (CEI) Modalidad Especial, de Vilelas, Dpto. Juan F. Ibarra.<\/li>\n<\/ol>\n","protected":false},"excerpt":{"rendered":"<p>Desde el Consejo General de Educaci\u00f3n emitieron el listado y condiciones para la obtenci\u00f3n de cargos y horas c\u00e1tedra titulares y suplentes del primer grado del escalaf\u00f3n.<\/p>\n","protected":false},"author":2,"featured_media":56178,"comment_status":"open","ping_status":"open","sticky":false,"template":"","format":"standard","meta":{"om_disable_all_campaigns":false,"_monsterinsights_skip_tracking":false,"_monsterinsights_sitenote_active":false,"_monsterinsights_sitenote_note":"","_monsterinsights_sitenote_category":0,"_uf_show_specific_survey":0,"_uf_disable_surveys":false,"jetpack_post_was_ever_published":false,"_jetpack_newsletter_access":"","_jetpack_dont_email_post_to_subs":false,"_jetpack_newsletter_tier_id":0,"_jetpack_memberships_contains_paywalled_content":false,"_jetpack_memberships_contains_paid_content":false,"footnotes":"","jetpack_publicize_message":"","jetpack_publicize_feature_enabled":true,"jetpack_social_post_already_shared":false,"jetpack_social_options":{"image_generator_settings":{"template":"highway","default_image_id":0,"font":"","enabled":false},"version":2}},"categories":[19],"tags":[212],"class_list":["post-56177","post","type-post","status-publish","format-standard","has-post-thumbnail","hentry","category-educacion","tag-consejo-general-de-educacion"],"aioseo_notices":[],"views":17,"jetpack_publicize_connections":[],"jetpack_featured_media_url":"https:\/\/i0.wp.com\/elterritorialweb.com.ar\/web\/wp-content\/uploads\/2023\/07\/WhatsApp-Image-2023-07-28-at-23.10.15.jpeg?fit=1600%2C1200&ssl=1","jetpack_sharing_enabled":true,"_links":{"self":[{"href":"https:\/\/elterritorialweb.com.ar\/web\/wp-json\/wp\/v2\/posts\/56177","targetHints":{"allow":["GET"]}}],"collection":[{"href":"https:\/\/elterritorialweb.com.ar\/web\/wp-json\/wp\/v2\/posts"}],"about":[{"href":"https:\/\/elterritorialweb.com.ar\/web\/wp-json\/wp\/v2\/types\/post"}],"author":[{"embeddable":true,"href":"https:\/\/elterritorialweb.com.ar\/web\/wp-json\/wp\/v2\/users\/2"}],"replies":[{"embeddable":true,"href":"https:\/\/elterritorialweb.com.ar\/web\/wp-json\/wp\/v2\/comments?post=56177"}],"version-history":[{"count":1,"href":"https:\/\/elterritorialweb.com.ar\/web\/wp-json\/wp\/v2\/posts\/56177\/revisions"}],"predecessor-version":[{"id":56179,"href":"https:\/\/elterritorialweb.com.ar\/web\/wp-json\/wp\/v2\/posts\/56177\/revisions\/56179"}],"wp:featuredmedia":[{"embeddable":true,"href":"https:\/\/elterritorialweb.com.ar\/web\/wp-json\/wp\/v2\/media\/56178"}],"wp:attachment":[{"href":"https:\/\/elterritorialweb.com.ar\/web\/wp-json\/wp\/v2\/media?parent=56177"}],"wp:term":[{"taxonomy":"category","embeddable":true,"href":"https:\/\/elterritorialweb.com.ar\/web\/wp-json\/wp\/v2\/categories?post=56177"},{"taxonomy":"post_tag","embeddable":true,"href":"https:\/\/elterritorialweb.com.ar\/web\/wp-json\/wp\/v2\/tags?post=56177"}],"curies":[{"name":"wp","href":"https:\/\/api.w.org\/{rel}","templated":true}]}}