{"id":57761,"date":"2023-09-03T19:05:31","date_gmt":"2023-09-03T19:05:31","guid":{"rendered":"http:\/\/elterritorialweb.com.ar\/web\/?p=57761"},"modified":"2023-09-03T19:28:55","modified_gmt":"2023-09-03T19:28:55","slug":"termas-vivio-la-3marcha-de-los-bombos","status":"publish","type":"post","link":"https:\/\/elterritorialweb.com.ar\/web\/termas-vivio-la-3marcha-de-los-bombos\/","title":{"rendered":"TERMAS DE R\u00cdO HONDO VIVI\u00d3 LA 3\u00b0MARCHA DE LOS BOMBOS"},"content":{"rendered":"\n<p>Estuvieron presentes el Intendente Dr. Jorge Mukdise, el Indio Frolian Gonz\u00e1lez, Teresa Castronuevo, N\u00e9stor Garnica, Daniel Varela, el Secretario de Gobierno Lic. Ra\u00fal Guti\u00e9rrez, artistas locales, m\u00fasicos y referentes culturales de toda la provincia.<\/p>\n\n\n\n<figure class=\"wp-block-image size-large\"><a href=\"https:\/\/i0.wp.com\/elterritorialweb.com.ar\/web\/wp-content\/uploads\/2023\/09\/marcha-de-los-bombos-2.jpg\"><img data-recalc-dims=\"1\" decoding=\"async\" width=\"640\" height=\"426\" data-src=\"https:\/\/i0.wp.com\/elterritorialweb.com.ar\/web\/wp-content\/uploads\/2023\/09\/marcha-de-los-bombos-2.jpg?resize=640%2C426\" alt=\"\" class=\"wp-image-57762 lazyload\" data-srcset=\"https:\/\/i0.wp.com\/elterritorialweb.com.ar\/web\/wp-content\/uploads\/2023\/09\/marcha-de-los-bombos-2.jpg?resize=1024%2C682&amp;ssl=1 1024w, https:\/\/i0.wp.com\/elterritorialweb.com.ar\/web\/wp-content\/uploads\/2023\/09\/marcha-de-los-bombos-2.jpg?resize=300%2C200&amp;ssl=1 300w, https:\/\/i0.wp.com\/elterritorialweb.com.ar\/web\/wp-content\/uploads\/2023\/09\/marcha-de-los-bombos-2.jpg?resize=768%2C511&amp;ssl=1 768w, https:\/\/i0.wp.com\/elterritorialweb.com.ar\/web\/wp-content\/uploads\/2023\/09\/marcha-de-los-bombos-2.jpg?w=1440&amp;ssl=1 1440w, https:\/\/i0.wp.com\/elterritorialweb.com.ar\/web\/wp-content\/uploads\/2023\/09\/marcha-de-los-bombos-2.jpg?w=1280 1280w\" data-sizes=\"(max-width: 640px) 100vw, 640px\" src=\"data:image\/svg+xml;base64,PHN2ZyB3aWR0aD0iMSIgaGVpZ2h0PSIxIiB4bWxucz0iaHR0cDovL3d3dy53My5vcmcvMjAwMC9zdmciPjwvc3ZnPg==\" style=\"--smush-placeholder-width: 640px; --smush-placeholder-aspect-ratio: 640\/426;\" \/><\/a><\/figure>\n\n\n\n<p>La marcha dio inicio desde el Centro Cultural Gral. San Mart\u00edn, bajando por calle Sarmiento hasta Avellaneda para leugo continuar por Rivadavia hasta la Plaza San Mart\u00edn, donde se emplaz\u00f3 un escenario en el que actuaron artistas locales e invitados.<\/p>\n\n\n\n<figure class=\"wp-block-image size-large\"><a href=\"https:\/\/i0.wp.com\/elterritorialweb.com.ar\/web\/wp-content\/uploads\/2023\/09\/marcha-de-los-bombos-1.jpg\"><img data-recalc-dims=\"1\" decoding=\"async\" width=\"640\" height=\"426\" data-src=\"https:\/\/i0.wp.com\/elterritorialweb.com.ar\/web\/wp-content\/uploads\/2023\/09\/marcha-de-los-bombos-1.jpg?resize=640%2C426\" alt=\"\" class=\"wp-image-57763 lazyload\" data-srcset=\"https:\/\/i0.wp.com\/elterritorialweb.com.ar\/web\/wp-content\/uploads\/2023\/09\/marcha-de-los-bombos-1.jpg?resize=1024%2C682&amp;ssl=1 1024w, https:\/\/i0.wp.com\/elterritorialweb.com.ar\/web\/wp-content\/uploads\/2023\/09\/marcha-de-los-bombos-1.jpg?resize=300%2C200&amp;ssl=1 300w, https:\/\/i0.wp.com\/elterritorialweb.com.ar\/web\/wp-content\/uploads\/2023\/09\/marcha-de-los-bombos-1.jpg?resize=768%2C511&amp;ssl=1 768w, https:\/\/i0.wp.com\/elterritorialweb.com.ar\/web\/wp-content\/uploads\/2023\/09\/marcha-de-los-bombos-1.jpg?w=1440&amp;ssl=1 1440w, https:\/\/i0.wp.com\/elterritorialweb.com.ar\/web\/wp-content\/uploads\/2023\/09\/marcha-de-los-bombos-1.jpg?w=1280 1280w\" data-sizes=\"(max-width: 640px) 100vw, 640px\" src=\"data:image\/svg+xml;base64,PHN2ZyB3aWR0aD0iMSIgaGVpZ2h0PSIxIiB4bWxucz0iaHR0cDovL3d3dy53My5vcmcvMjAwMC9zdmciPjwvc3ZnPg==\" style=\"--smush-placeholder-width: 640px; --smush-placeholder-aspect-ratio: 640\/426;\" \/><\/a><\/figure>\n\n\n\n<p>Durante la formalidad se hizo lectura y entrega de declaraciones y adhesiones a los creadores y organizadores de la marcha.<\/p>\n\n\n\n<p>\u00abEstamos muy orgullosos de poder defender los valores de la cultura local y santiague\u00f1a con esta nueva edici\u00f3n de la Marcha de los Bombos en nuestra ciudad. Felicito a los organizadores y agradezco a todos los que eligieron Las Termas para visitar este d\u00eda\u00bb. Destac\u00f3 Mukdise.<\/p>\n","protected":false},"excerpt":{"rendered":"<p>El evento cont\u00f3 con una multitudinaria concurrencia de personas de toda la provincia y diferentes puntos del pa\u00eds, que se sumaron a participar de esta propuesta cultural.<\/p>\n","protected":false},"author":2,"featured_media":57764,"comment_status":"open","ping_status":"open","sticky":false,"template":"","format":"standard","meta":{"om_disable_all_campaigns":false,"_monsterinsights_skip_tracking":false,"_monsterinsights_sitenote_active":false,"_monsterinsights_sitenote_note":"","_monsterinsights_sitenote_category":0,"_uf_show_specific_survey":0,"_uf_disable_surveys":false,"jetpack_post_was_ever_published":false,"_jetpack_newsletter_access":"","_jetpack_dont_email_post_to_subs":false,"_jetpack_newsletter_tier_id":0,"_jetpack_memberships_contains_paywalled_content":false,"_jetpack_memberships_contains_paid_content":false,"footnotes":"","jetpack_publicize_message":"","jetpack_publicize_feature_enabled":true,"jetpack_social_post_already_shared":true,"jetpack_social_options":{"image_generator_settings":{"template":"highway","default_image_id":0,"font":"","enabled":false},"version":2}},"categories":[633],"tags":[],"class_list":["post-57761","post","type-post","status-publish","format-standard","has-post-thumbnail","hentry","category-termas-de-rio-hondo"],"aioseo_notices":[],"views":11,"jetpack_publicize_connections":[],"jetpack_featured_media_url":"https:\/\/i0.wp.com\/elterritorialweb.com.ar\/web\/wp-content\/uploads\/2023\/09\/Marcha-de-los-bombos.jpg?fit=1440%2C959&ssl=1","jetpack_sharing_enabled":true,"_links":{"self":[{"href":"https:\/\/elterritorialweb.com.ar\/web\/wp-json\/wp\/v2\/posts\/57761","targetHints":{"allow":["GET"]}}],"collection":[{"href":"https:\/\/elterritorialweb.com.ar\/web\/wp-json\/wp\/v2\/posts"}],"about":[{"href":"https:\/\/elterritorialweb.com.ar\/web\/wp-json\/wp\/v2\/types\/post"}],"author":[{"embeddable":true,"href":"https:\/\/elterritorialweb.com.ar\/web\/wp-json\/wp\/v2\/users\/2"}],"replies":[{"embeddable":true,"href":"https:\/\/elterritorialweb.com.ar\/web\/wp-json\/wp\/v2\/comments?post=57761"}],"version-history":[{"count":2,"href":"https:\/\/elterritorialweb.com.ar\/web\/wp-json\/wp\/v2\/posts\/57761\/revisions"}],"predecessor-version":[{"id":57767,"href":"https:\/\/elterritorialweb.com.ar\/web\/wp-json\/wp\/v2\/posts\/57761\/revisions\/57767"}],"wp:featuredmedia":[{"embeddable":true,"href":"https:\/\/elterritorialweb.com.ar\/web\/wp-json\/wp\/v2\/media\/57764"}],"wp:attachment":[{"href":"https:\/\/elterritorialweb.com.ar\/web\/wp-json\/wp\/v2\/media?parent=57761"}],"wp:term":[{"taxonomy":"category","embeddable":true,"href":"https:\/\/elterritorialweb.com.ar\/web\/wp-json\/wp\/v2\/categories?post=57761"},{"taxonomy":"post_tag","embeddable":true,"href":"https:\/\/elterritorialweb.com.ar\/web\/wp-json\/wp\/v2\/tags?post=57761"}],"curies":[{"name":"wp","href":"https:\/\/api.w.org\/{rel}","templated":true}]}}