{"id":57780,"date":"2023-09-04T17:18:16","date_gmt":"2023-09-04T17:18:16","guid":{"rendered":"http:\/\/elterritorialweb.com.ar\/web\/?p=57780"},"modified":"2023-09-04T17:20:29","modified_gmt":"2023-09-04T17:20:29","slug":"hasta-el-30-de-septiembre-se-recibiran-las-obras-del-concurso-salon-municipal-de-artes-visuales-2023","status":"publish","type":"post","link":"https:\/\/elterritorialweb.com.ar\/web\/hasta-el-30-de-septiembre-se-recibiran-las-obras-del-concurso-salon-municipal-de-artes-visuales-2023\/","title":{"rendered":"HASTA EL 30 DE SEPTIEMBRE SE RECIBIR\u00c1N LAS OBRAS DEL CONCURSO SAL\u00d3N MUNICIPAL DE ARTES VISUALES 2023"},"content":{"rendered":"\n<p>Aquellas obras que resulten ganadoras, recibir\u00e1n premios por $200.000, $150.000 y $100.000 para el primero, segundo y tercer puesto, respectivamente; junto a una plaqueta recordatoria.<\/p>\n\n\n\n<p>Las obras deber\u00e1n ser presentadas en la Casa Arga\u00f1araz Alcorta ubicada en Libertad 175 hasta el s\u00e1bado 30 de septiembre inclusive, de lunes a s\u00e1bado en los horarios de 9 a 12 o de 18 a 21.<\/p>\n\n\n\n<p>La evaluaci\u00f3n de las obras se realizar\u00e1 entre los d\u00edas 6 y 7 de octubre. En tanto, el anuncio de premios se llevar\u00e1 a cabo el 12 de octubre, mientras que la inauguraci\u00f3n se realizar\u00e1 el viernes 20 de ese mismo mes.<\/p>\n\n\n\n<p>Las bases y condiciones del concurso pueden consultarse en la Casa Arga\u00f1araz Alcorta.<\/p>\n","protected":false},"excerpt":{"rendered":"<p>La Capital record\u00f3 que se encuentra abierta la convocatoria al 6\u00ba Sal\u00f3n Municipal de Artes Visuales en Mediano Formato 2023, en el que se premiar\u00e1 a las mejores obras originales en la tem\u00e1tica de dibujo y grabado.<\/p>\n","protected":false},"author":2,"featured_media":57781,"comment_status":"open","ping_status":"open","sticky":false,"template":"","format":"standard","meta":{"om_disable_all_campaigns":false,"_monsterinsights_skip_tracking":false,"_monsterinsights_sitenote_active":false,"_monsterinsights_sitenote_note":"","_monsterinsights_sitenote_category":0,"_uf_show_specific_survey":0,"_uf_disable_surveys":false,"jetpack_post_was_ever_published":false,"_jetpack_newsletter_access":"","_jetpack_dont_email_post_to_subs":false,"_jetpack_newsletter_tier_id":0,"_jetpack_memberships_contains_paywalled_content":false,"_jetpack_memberships_contains_paid_content":false,"footnotes":"","jetpack_publicize_message":"","jetpack_publicize_feature_enabled":true,"jetpack_social_post_already_shared":true,"jetpack_social_options":{"image_generator_settings":{"template":"highway","default_image_id":0,"font":"","enabled":false},"version":2}},"categories":[4,21],"tags":[73],"class_list":["post-57780","post","type-post","status-publish","format-standard","has-post-thumbnail","hentry","category-destacadas","category-locales","tag-municipalidad-de-la-capital"],"aioseo_notices":[],"views":8,"jetpack_publicize_connections":[],"jetpack_featured_media_url":"https:\/\/i0.wp.com\/elterritorialweb.com.ar\/web\/wp-content\/uploads\/2023\/09\/casa-arganaraz-10.jpeg?fit=1280%2C879&ssl=1","jetpack_sharing_enabled":true,"_links":{"self":[{"href":"https:\/\/elterritorialweb.com.ar\/web\/wp-json\/wp\/v2\/posts\/57780","targetHints":{"allow":["GET"]}}],"collection":[{"href":"https:\/\/elterritorialweb.com.ar\/web\/wp-json\/wp\/v2\/posts"}],"about":[{"href":"https:\/\/elterritorialweb.com.ar\/web\/wp-json\/wp\/v2\/types\/post"}],"author":[{"embeddable":true,"href":"https:\/\/elterritorialweb.com.ar\/web\/wp-json\/wp\/v2\/users\/2"}],"replies":[{"embeddable":true,"href":"https:\/\/elterritorialweb.com.ar\/web\/wp-json\/wp\/v2\/comments?post=57780"}],"version-history":[{"count":1,"href":"https:\/\/elterritorialweb.com.ar\/web\/wp-json\/wp\/v2\/posts\/57780\/revisions"}],"predecessor-version":[{"id":57782,"href":"https:\/\/elterritorialweb.com.ar\/web\/wp-json\/wp\/v2\/posts\/57780\/revisions\/57782"}],"wp:featuredmedia":[{"embeddable":true,"href":"https:\/\/elterritorialweb.com.ar\/web\/wp-json\/wp\/v2\/media\/57781"}],"wp:attachment":[{"href":"https:\/\/elterritorialweb.com.ar\/web\/wp-json\/wp\/v2\/media?parent=57780"}],"wp:term":[{"taxonomy":"category","embeddable":true,"href":"https:\/\/elterritorialweb.com.ar\/web\/wp-json\/wp\/v2\/categories?post=57780"},{"taxonomy":"post_tag","embeddable":true,"href":"https:\/\/elterritorialweb.com.ar\/web\/wp-json\/wp\/v2\/tags?post=57780"}],"curies":[{"name":"wp","href":"https:\/\/api.w.org\/{rel}","templated":true}]}}