{"id":57784,"date":"2023-09-04T17:24:59","date_gmt":"2023-09-04T17:24:59","guid":{"rendered":"http:\/\/elterritorialweb.com.ar\/web\/?p=57784"},"modified":"2023-09-04T17:25:45","modified_gmt":"2023-09-04T17:25:45","slug":"la-capital-continua-con-su-programa-semanal-de-fumigaciones-2","status":"publish","type":"post","link":"https:\/\/elterritorialweb.com.ar\/web\/la-capital-continua-con-su-programa-semanal-de-fumigaciones-2\/","title":{"rendered":"LA CAPITAL CONTIN\u00daA CON SU PROGRAMA SEMANAL DE FUMIGACIONES"},"content":{"rendered":"\n<p>Para la primera jornada laboral de la semana, las tareas se realizar\u00e1n en los barrios Siglo XIX, Siglo XX, Siglo XXI, 750 Viviendas, Saint Germ\u00e9s, Ej\u00e9rcito Argentino, Campo Contreras y Juan D\u00edaz de Sol\u00eds.<\/p>\n\n\n\n<p>El martes seguir\u00e1n las pulverizaciones en los barrios Juramento, Sarmiento, Ram\u00f3n Carrillo, Tradici\u00f3n, Inmigrantes y Primera Junta. El mi\u00e9rcoles ser\u00e1 el turno de los barrios Congreso, Francisco de Aguirre, S\u00e1enz Pe\u00f1a, Centenario, Rivadavia, Col\u00f3n, Juan Felipe Ibarra y Jorge Newbery.<\/p>\n\n\n\n<p>El jueves los equipos de fumigaciones recorrer\u00e1n los barrios Mariano Moreno, Libertad, San Mart\u00edn, Bosco I, Bosco II, Bosco III, Bruno Volta y Mosconi. El viernes est\u00e1 previsto trabajar en los barrios Almirante Brown, Jerarquizado Municipal, Jard\u00edn, Islas Malvinas, Los Flores, Virgen de Guadalupe e Independencia.<\/p>\n","protected":false},"excerpt":{"rendered":"<p>Este lunes continuar\u00e1 el cronograma de fumigaciones preventivas semanales contra mosquitos y otros insectos que lleva adelante la Municipalidad de la Capital.<\/p>\n","protected":false},"author":2,"featured_media":57785,"comment_status":"open","ping_status":"open","sticky":false,"template":"","format":"standard","meta":{"om_disable_all_campaigns":false,"_monsterinsights_skip_tracking":false,"_monsterinsights_sitenote_active":false,"_monsterinsights_sitenote_note":"","_monsterinsights_sitenote_category":0,"_uf_show_specific_survey":0,"_uf_disable_surveys":false,"jetpack_post_was_ever_published":false,"_jetpack_newsletter_access":"","_jetpack_dont_email_post_to_subs":false,"_jetpack_newsletter_tier_id":0,"_jetpack_memberships_contains_paywalled_content":false,"_jetpack_memberships_contains_paid_content":false,"footnotes":"","jetpack_publicize_message":"","jetpack_publicize_feature_enabled":true,"jetpack_social_post_already_shared":true,"jetpack_social_options":{"image_generator_settings":{"template":"highway","default_image_id":0,"font":"","enabled":false},"version":2}},"categories":[21],"tags":[113,73],"class_list":["post-57784","post","type-post","status-publish","format-standard","has-post-thumbnail","hentry","category-locales","tag-fumigacion","tag-municipalidad-de-la-capital"],"aioseo_notices":[],"views":10,"jetpack_publicize_connections":[],"jetpack_featured_media_url":"https:\/\/i0.wp.com\/elterritorialweb.com.ar\/web\/wp-content\/uploads\/2023\/09\/fumiga77.jpeg?fit=1539%2C912&ssl=1","jetpack_sharing_enabled":true,"_links":{"self":[{"href":"https:\/\/elterritorialweb.com.ar\/web\/wp-json\/wp\/v2\/posts\/57784","targetHints":{"allow":["GET"]}}],"collection":[{"href":"https:\/\/elterritorialweb.com.ar\/web\/wp-json\/wp\/v2\/posts"}],"about":[{"href":"https:\/\/elterritorialweb.com.ar\/web\/wp-json\/wp\/v2\/types\/post"}],"author":[{"embeddable":true,"href":"https:\/\/elterritorialweb.com.ar\/web\/wp-json\/wp\/v2\/users\/2"}],"replies":[{"embeddable":true,"href":"https:\/\/elterritorialweb.com.ar\/web\/wp-json\/wp\/v2\/comments?post=57784"}],"version-history":[{"count":1,"href":"https:\/\/elterritorialweb.com.ar\/web\/wp-json\/wp\/v2\/posts\/57784\/revisions"}],"predecessor-version":[{"id":57786,"href":"https:\/\/elterritorialweb.com.ar\/web\/wp-json\/wp\/v2\/posts\/57784\/revisions\/57786"}],"wp:featuredmedia":[{"embeddable":true,"href":"https:\/\/elterritorialweb.com.ar\/web\/wp-json\/wp\/v2\/media\/57785"}],"wp:attachment":[{"href":"https:\/\/elterritorialweb.com.ar\/web\/wp-json\/wp\/v2\/media?parent=57784"}],"wp:term":[{"taxonomy":"category","embeddable":true,"href":"https:\/\/elterritorialweb.com.ar\/web\/wp-json\/wp\/v2\/categories?post=57784"},{"taxonomy":"post_tag","embeddable":true,"href":"https:\/\/elterritorialweb.com.ar\/web\/wp-json\/wp\/v2\/tags?post=57784"}],"curies":[{"name":"wp","href":"https:\/\/api.w.org\/{rel}","templated":true}]}}