{"id":57787,"date":"2023-09-04T17:40:40","date_gmt":"2023-09-04T17:40:40","guid":{"rendered":"http:\/\/elterritorialweb.com.ar\/web\/?p=57787"},"modified":"2023-09-04T17:40:43","modified_gmt":"2023-09-04T17:40:43","slug":"zamora-habilito-un-edificio-educativo-y-entrego-viviendas-sociales-en-el-departamento-san-martin","status":"publish","type":"post","link":"https:\/\/elterritorialweb.com.ar\/web\/zamora-habilito-un-edificio-educativo-y-entrego-viviendas-sociales-en-el-departamento-san-martin\/","title":{"rendered":"ZAMORA HABILIT\u00d3 UN EDIFICIO EDUCATIVO Y ENTREG\u00d3 VIVIENDAS SOCIALES EN EL DEPARTAMENTO SAN MART\u00cdN"},"content":{"rendered":"\n<p>Tambi\u00e9n entreg\u00f3 viviendas sociales a familias de la zona, dej\u00f3 inaugurado el enripiado de 37 km hasta el paraje La Blanca. Adem\u00e1s, destac\u00f3 los avances del proceso para la licitaci\u00f3n del camino que une Caloj con Villa Atamisqui y anunci\u00f3 la creaci\u00f3n de una sede para un agrupamiento educativo de Nivel Medio en Atoj Pozo.<\/p>\n\n\n\n<figure class=\"wp-block-image size-large\"><a href=\"https:\/\/i0.wp.com\/elterritorialweb.com.ar\/web\/wp-content\/uploads\/2023\/09\/WhatsApp-Image-2023-09-04-at-11.30.10.jpeg\"><img data-recalc-dims=\"1\" decoding=\"async\" width=\"640\" height=\"427\" data-src=\"https:\/\/i0.wp.com\/elterritorialweb.com.ar\/web\/wp-content\/uploads\/2023\/09\/WhatsApp-Image-2023-09-04-at-11.30.10.jpeg?resize=640%2C427\" alt=\"\" class=\"wp-image-57789 lazyload\" data-srcset=\"https:\/\/i0.wp.com\/elterritorialweb.com.ar\/web\/wp-content\/uploads\/2023\/09\/WhatsApp-Image-2023-09-04-at-11.30.10.jpeg?resize=1024%2C683&amp;ssl=1 1024w, https:\/\/i0.wp.com\/elterritorialweb.com.ar\/web\/wp-content\/uploads\/2023\/09\/WhatsApp-Image-2023-09-04-at-11.30.10.jpeg?resize=300%2C200&amp;ssl=1 300w, https:\/\/i0.wp.com\/elterritorialweb.com.ar\/web\/wp-content\/uploads\/2023\/09\/WhatsApp-Image-2023-09-04-at-11.30.10.jpeg?resize=768%2C512&amp;ssl=1 768w, https:\/\/i0.wp.com\/elterritorialweb.com.ar\/web\/wp-content\/uploads\/2023\/09\/WhatsApp-Image-2023-09-04-at-11.30.10.jpeg?w=1044&amp;ssl=1 1044w\" data-sizes=\"(max-width: 640px) 100vw, 640px\" src=\"data:image\/svg+xml;base64,PHN2ZyB3aWR0aD0iMSIgaGVpZ2h0PSIxIiB4bWxucz0iaHR0cDovL3d3dy53My5vcmcvMjAwMC9zdmciPjwvc3ZnPg==\" style=\"--smush-placeholder-width: 640px; --smush-placeholder-aspect-ratio: 640\/427;\" \/><\/a><\/figure>\n\n\n\n<p>El vicegobernador Carlos Silva Neder; los ministros de Educaci\u00f3n, Mariela Nassif; de Desarrollo Social, \u00c1ngel Niccolai, y de Obras P\u00fablicas, Aldo Hid, y la presidenta del Consejo General de Educaci\u00f3n, Mar\u00eda Elena Herrera, acompa\u00f1aron al mandatario en esta actividad.<\/p>\n\n\n\n<figure class=\"wp-block-image size-large\"><a href=\"https:\/\/i0.wp.com\/elterritorialweb.com.ar\/web\/wp-content\/uploads\/2023\/09\/WhatsApp-Image-2023-09-04-at-11.30.09.jpeg\"><img data-recalc-dims=\"1\" decoding=\"async\" width=\"640\" height=\"427\" data-src=\"https:\/\/i0.wp.com\/elterritorialweb.com.ar\/web\/wp-content\/uploads\/2023\/09\/WhatsApp-Image-2023-09-04-at-11.30.09.jpeg?resize=640%2C427\" alt=\"\" class=\"wp-image-57790 lazyload\" data-srcset=\"https:\/\/i0.wp.com\/elterritorialweb.com.ar\/web\/wp-content\/uploads\/2023\/09\/WhatsApp-Image-2023-09-04-at-11.30.09.jpeg?resize=1024%2C683&amp;ssl=1 1024w, https:\/\/i0.wp.com\/elterritorialweb.com.ar\/web\/wp-content\/uploads\/2023\/09\/WhatsApp-Image-2023-09-04-at-11.30.09.jpeg?resize=300%2C200&amp;ssl=1 300w, https:\/\/i0.wp.com\/elterritorialweb.com.ar\/web\/wp-content\/uploads\/2023\/09\/WhatsApp-Image-2023-09-04-at-11.30.09.jpeg?resize=768%2C512&amp;ssl=1 768w, https:\/\/i0.wp.com\/elterritorialweb.com.ar\/web\/wp-content\/uploads\/2023\/09\/WhatsApp-Image-2023-09-04-at-11.30.09.jpeg?w=1044&amp;ssl=1 1044w\" data-sizes=\"(max-width: 640px) 100vw, 640px\" src=\"data:image\/svg+xml;base64,PHN2ZyB3aWR0aD0iMSIgaGVpZ2h0PSIxIiB4bWxucz0iaHR0cDovL3d3dy53My5vcmcvMjAwMC9zdmciPjwvc3ZnPg==\" style=\"--smush-placeholder-width: 640px; --smush-placeholder-aspect-ratio: 640\/427;\" \/><\/a><\/figure>\n\n\n\n<p>Fueron recibidos por la rectora Mar\u00eda Marta Aguirre y el comisionado municipal de Atoj Pozo, Leandro Galv\u00e1n, quienes participaron del corte de cintas del colegio secundario al que concurren 97 alumnos, donde se agregaron aulas para llegar a cinco en total, adem\u00e1s nuevas \u00e1reas administrativas, sanitarios y un patio cubierto.<\/p>\n\n\n\n<figure class=\"wp-block-image size-large\"><a href=\"https:\/\/i0.wp.com\/elterritorialweb.com.ar\/web\/wp-content\/uploads\/2023\/09\/ZAMORA-2.jpg\"><img data-recalc-dims=\"1\" decoding=\"async\" width=\"640\" height=\"478\" data-src=\"https:\/\/i0.wp.com\/elterritorialweb.com.ar\/web\/wp-content\/uploads\/2023\/09\/ZAMORA-2.jpg?resize=640%2C478\" alt=\"\" class=\"wp-image-57792 lazyload\" data-srcset=\"https:\/\/i0.wp.com\/elterritorialweb.com.ar\/web\/wp-content\/uploads\/2023\/09\/ZAMORA-2.jpg?resize=1024%2C764&amp;ssl=1 1024w, https:\/\/i0.wp.com\/elterritorialweb.com.ar\/web\/wp-content\/uploads\/2023\/09\/ZAMORA-2.jpg?resize=300%2C224&amp;ssl=1 300w, https:\/\/i0.wp.com\/elterritorialweb.com.ar\/web\/wp-content\/uploads\/2023\/09\/ZAMORA-2.jpg?resize=768%2C573&amp;ssl=1 768w, https:\/\/i0.wp.com\/elterritorialweb.com.ar\/web\/wp-content\/uploads\/2023\/09\/ZAMORA-2.jpg?w=1170&amp;ssl=1 1170w\" data-sizes=\"(max-width: 640px) 100vw, 640px\" src=\"data:image\/svg+xml;base64,PHN2ZyB3aWR0aD0iMSIgaGVpZ2h0PSIxIiB4bWxucz0iaHR0cDovL3d3dy53My5vcmcvMjAwMC9zdmciPjwvc3ZnPg==\" style=\"--smush-placeholder-width: 640px; --smush-placeholder-aspect-ratio: 640\/478;\" \/><\/a><\/figure>\n\n\n\n<p>Tambi\u00e9n con el fin de garantizar las condiciones de confort y equipamiento para el desarrollo de las actividades pedag\u00f3gicas, adem\u00e1s de esta ampliaci\u00f3n se anex\u00f3 un sal\u00f3n de usos m\u00faltiples, laboratorio, biblioteca y una sala de profesores. Todo sobre una superficie de 578 metros cuadrados.<\/p>\n\n\n\n<figure class=\"wp-block-gallery has-nested-images columns-default is-cropped wp-block-gallery-1 is-layout-flex wp-block-gallery-is-layout-flex\">\n<figure class=\"wp-block-image size-large\"><a href=\"https:\/\/i0.wp.com\/elterritorialweb.com.ar\/web\/wp-content\/uploads\/2023\/09\/ZAMORA-4.jpg\"><img data-recalc-dims=\"1\" decoding=\"async\" width=\"640\" height=\"427\" data-id=\"57794\" data-src=\"https:\/\/i0.wp.com\/elterritorialweb.com.ar\/web\/wp-content\/uploads\/2023\/09\/ZAMORA-4.jpg?resize=640%2C427\" alt=\"\" class=\"wp-image-57794 lazyload\" data-srcset=\"https:\/\/i0.wp.com\/elterritorialweb.com.ar\/web\/wp-content\/uploads\/2023\/09\/ZAMORA-4.jpg?resize=1024%2C683&amp;ssl=1 1024w, https:\/\/i0.wp.com\/elterritorialweb.com.ar\/web\/wp-content\/uploads\/2023\/09\/ZAMORA-4.jpg?resize=300%2C200&amp;ssl=1 300w, https:\/\/i0.wp.com\/elterritorialweb.com.ar\/web\/wp-content\/uploads\/2023\/09\/ZAMORA-4.jpg?resize=768%2C512&amp;ssl=1 768w, https:\/\/i0.wp.com\/elterritorialweb.com.ar\/web\/wp-content\/uploads\/2023\/09\/ZAMORA-4.jpg?w=1044&amp;ssl=1 1044w\" data-sizes=\"(max-width: 640px) 100vw, 640px\" src=\"data:image\/svg+xml;base64,PHN2ZyB3aWR0aD0iMSIgaGVpZ2h0PSIxIiB4bWxucz0iaHR0cDovL3d3dy53My5vcmcvMjAwMC9zdmciPjwvc3ZnPg==\" style=\"--smush-placeholder-width: 640px; --smush-placeholder-aspect-ratio: 640\/427;\" \/><\/a><\/figure>\n\n\n\n<figure class=\"wp-block-image size-large\"><a href=\"https:\/\/i0.wp.com\/elterritorialweb.com.ar\/web\/wp-content\/uploads\/2023\/09\/ZAMORA-3.jpg\"><img data-recalc-dims=\"1\" decoding=\"async\" width=\"640\" height=\"360\" data-id=\"57795\" data-src=\"https:\/\/i0.wp.com\/elterritorialweb.com.ar\/web\/wp-content\/uploads\/2023\/09\/ZAMORA-3.jpg?resize=640%2C360\" alt=\"\" class=\"wp-image-57795 lazyload\" data-srcset=\"https:\/\/i0.wp.com\/elterritorialweb.com.ar\/web\/wp-content\/uploads\/2023\/09\/ZAMORA-3.jpg?resize=1024%2C576&amp;ssl=1 1024w, https:\/\/i0.wp.com\/elterritorialweb.com.ar\/web\/wp-content\/uploads\/2023\/09\/ZAMORA-3.jpg?resize=300%2C169&amp;ssl=1 300w, https:\/\/i0.wp.com\/elterritorialweb.com.ar\/web\/wp-content\/uploads\/2023\/09\/ZAMORA-3.jpg?resize=768%2C432&amp;ssl=1 768w, https:\/\/i0.wp.com\/elterritorialweb.com.ar\/web\/wp-content\/uploads\/2023\/09\/ZAMORA-3.jpg?resize=1536%2C864&amp;ssl=1 1536w, https:\/\/i0.wp.com\/elterritorialweb.com.ar\/web\/wp-content\/uploads\/2023\/09\/ZAMORA-3.jpg?w=1920&amp;ssl=1 1920w, https:\/\/i0.wp.com\/elterritorialweb.com.ar\/web\/wp-content\/uploads\/2023\/09\/ZAMORA-3.jpg?w=1280 1280w\" data-sizes=\"(max-width: 640px) 100vw, 640px\" src=\"data:image\/svg+xml;base64,PHN2ZyB3aWR0aD0iMSIgaGVpZ2h0PSIxIiB4bWxucz0iaHR0cDovL3d3dy53My5vcmcvMjAwMC9zdmciPjwvc3ZnPg==\" style=\"--smush-placeholder-width: 640px; --smush-placeholder-aspect-ratio: 640\/360;\" \/><\/a><\/figure>\n<\/figure>\n\n\n\n<p>En este marco se hizo la entrega simb\u00f3lica de llaves de las viviendas sociales a familias de Barrancas Coloradas, Atoj Pozo, Ca\u00f1ada de San Ram\u00f3n, Tala Pocitos, S\u00edmbol Pozo, Pozo Mosoj y Los Ib\u00e1\u00f1ez, las que fueron construidas con fondos provinciales a trav\u00e9s de la comuna local, la Comunidad Ind\u00edgena Tonokot\u00e9 de Linton; Asociaci\u00f3n Civil 22 de Diciembre; Comunidad de Cazadores de Alazampa y la Asociaci\u00f3n \u00c1ngeles De Las Rosas.<\/p>\n\n\n\n<figure class=\"wp-block-image size-large\"><a href=\"https:\/\/i0.wp.com\/elterritorialweb.com.ar\/web\/wp-content\/uploads\/2023\/09\/WhatsApp-Image-2023-09-04-at-11.30.08.jpeg\"><img data-recalc-dims=\"1\" decoding=\"async\" width=\"640\" height=\"427\" data-src=\"https:\/\/i0.wp.com\/elterritorialweb.com.ar\/web\/wp-content\/uploads\/2023\/09\/WhatsApp-Image-2023-09-04-at-11.30.08.jpeg?resize=640%2C427\" alt=\"\" class=\"wp-image-57791 lazyload\" data-srcset=\"https:\/\/i0.wp.com\/elterritorialweb.com.ar\/web\/wp-content\/uploads\/2023\/09\/WhatsApp-Image-2023-09-04-at-11.30.08.jpeg?resize=1024%2C683&amp;ssl=1 1024w, https:\/\/i0.wp.com\/elterritorialweb.com.ar\/web\/wp-content\/uploads\/2023\/09\/WhatsApp-Image-2023-09-04-at-11.30.08.jpeg?resize=300%2C200&amp;ssl=1 300w, https:\/\/i0.wp.com\/elterritorialweb.com.ar\/web\/wp-content\/uploads\/2023\/09\/WhatsApp-Image-2023-09-04-at-11.30.08.jpeg?resize=768%2C512&amp;ssl=1 768w, https:\/\/i0.wp.com\/elterritorialweb.com.ar\/web\/wp-content\/uploads\/2023\/09\/WhatsApp-Image-2023-09-04-at-11.30.08.jpeg?w=1044&amp;ssl=1 1044w\" data-sizes=\"(max-width: 640px) 100vw, 640px\" src=\"data:image\/svg+xml;base64,PHN2ZyB3aWR0aD0iMSIgaGVpZ2h0PSIxIiB4bWxucz0iaHR0cDovL3d3dy53My5vcmcvMjAwMC9zdmciPjwvc3ZnPg==\" style=\"--smush-placeholder-width: 640px; --smush-placeholder-aspect-ratio: 640\/427;\" \/><\/a><\/figure>\n\n\n\n<p>En su discurso, Zamora destac\u00f3 la inversi\u00f3n que realiza el Estado en educaci\u00f3n para brindar a todos los estudiantes las mismas posibilidades de desarrollo en el lugar de sus afectos.<br>En este mismo sentido, dijo que las obras de infraestructura vial, energ\u00e9tica y de conectividad digital forman parte de la b\u00fasqueda de mayores oportunidades de crecimiento para todos los comprovincianos.<br>Precisamente, dijo que pronto estar\u00e1 habilitada la red el\u00e9ctrica para esta zona del departamento San Mart\u00edn, obra condicionada por las demoras para la importaci\u00f3n de transformadores.<\/p>\n\n\n\n<figure class=\"wp-block-image size-large\"><a href=\"https:\/\/i0.wp.com\/elterritorialweb.com.ar\/web\/wp-content\/uploads\/2023\/09\/ZAMORA.jpg\"><img data-recalc-dims=\"1\" decoding=\"async\" width=\"640\" height=\"427\" data-src=\"https:\/\/i0.wp.com\/elterritorialweb.com.ar\/web\/wp-content\/uploads\/2023\/09\/ZAMORA.jpg?resize=640%2C427\" alt=\"\" class=\"wp-image-57788 lazyload\" data-srcset=\"https:\/\/i0.wp.com\/elterritorialweb.com.ar\/web\/wp-content\/uploads\/2023\/09\/ZAMORA.jpg?resize=1024%2C683&amp;ssl=1 1024w, https:\/\/i0.wp.com\/elterritorialweb.com.ar\/web\/wp-content\/uploads\/2023\/09\/ZAMORA.jpg?resize=300%2C200&amp;ssl=1 300w, https:\/\/i0.wp.com\/elterritorialweb.com.ar\/web\/wp-content\/uploads\/2023\/09\/ZAMORA.jpg?resize=768%2C512&amp;ssl=1 768w, https:\/\/i0.wp.com\/elterritorialweb.com.ar\/web\/wp-content\/uploads\/2023\/09\/ZAMORA.jpg?w=1044&amp;ssl=1 1044w\" data-sizes=\"(max-width: 640px) 100vw, 640px\" src=\"data:image\/svg+xml;base64,PHN2ZyB3aWR0aD0iMSIgaGVpZ2h0PSIxIiB4bWxucz0iaHR0cDovL3d3dy53My5vcmcvMjAwMC9zdmciPjwvc3ZnPg==\" style=\"--smush-placeholder-width: 640px; --smush-placeholder-aspect-ratio: 640\/427;\" \/><\/a><\/figure>\n\n\n\n<p>En otro tramo, el mandatario ratific\u00f3 su decisi\u00f3n pol\u00edtica de consolidar todo lo conseguido, que permiti\u00f3 posicionar a Santiago del Estero como la sexta provincia con balanza comercial positiva en d\u00f3lares, gracias a las exportaciones de productos locales y al desarrollo de la industria.<br>Antes de finalizar, Zamora exhort\u00f3 a los vecinos de Barrancas Coloradas y zonas aleda\u00f1as a \u00abvencer la batalla cultural contra quienes quieren hacer creer que somos una provincia pobre\u00bb.<br>\u00abPor eso -agreg\u00f3- en esa batalla cultural debemos sentir orgullo de lo que somos, trabajemos en el presente y proyectemos el futuro que queremos\u00bb.<\/p>\n\n\n\n<h3 class=\"wp-block-heading\">M\u00c1S CAMINOS, ENERG\u00cdA Y MEJOR INFRAESTRUCTURA EDUCATIVA PARA EL DEPARTAMENTO SAN MART\u00cdN<\/h3>\n\n\n\n<p>Durante el acto de inauguraci\u00f3n del renovado edificio del Colegio Secundario de Barrancas Coloradas se dio a conocer el plan de infraestructura que el Gobierno de la provincia lleva adelante en el departamento San Mart\u00edn a trav\u00e9s del Ministerio de Obras, Servicios P\u00fablicos y Agua.<br>Por intermedio de la Direcci\u00f3n General de Arquitectura se encuentran en ejecuci\u00f3n importantes obras de infraestructura educativa, tales como la demolici\u00f3n y colocaci\u00f3n de cielorraso, construcci\u00f3n de dos aulas y arreglos generales en la Escuela N\u00b0 62 y el Jard\u00edn de Infantes N\u00b0 372 de Colonia Pinto; la remodelaci\u00f3n de espacios, patio de formaci\u00f3n en la Escuela N\u00ba 141 de Linton y la construcci\u00f3n de una sala, galer\u00eda y sanitarios en el jard\u00edn de infantes anexo.<br>Adem\u00e1s de la demolici\u00f3n de torre de hormig\u00f3n armado, cambio de carpinter\u00eda, demolici\u00f3n y colocaci\u00f3n de piso y refacci\u00f3n de cocina y casa docente en la Escuela N\u00b0 925 de Barrancas Coloradas. Tambi\u00e9n se encuentra en marcha la refacci\u00f3n de locales, cubierta met\u00e1lica, comedor, patio techado, sanitarios para discapacitados en la Escuela N\u00ba747 Atoj Pozo.<br>Para iniciar se encuentran los proyectos de construcci\u00f3n de una sala con sanitarios, aljibe y cerca perimetral para el Jard\u00edn de Infantes N\u00b0 853 anexo de la Escuela N\u00b0 505 de T\u00edo Pozo; tambi\u00e9n la construcci\u00f3n de un comedor con galer\u00eda y ampliaci\u00f3n de un patio techado de formaci\u00f3n para el Jard\u00edn De Infantes N\u00ba 794 y ampliaci\u00f3n de grupo de sanitarios y pintura general en la Escuela N\u00b0 414 \u201cAlfea del Valle Navarro de Nitinger\u201d de San Jos\u00e9 de los Flores.<br>Por otra parte, la Direcci\u00f3n de Energ\u00eda inform\u00f3 del avance de tres obras el\u00e9ctricas que prev\u00e9 la instalaci\u00f3n de 50 transformadores y que beneficiar\u00e1 a 168 familias, cuatro instituciones educativas, dos templos religiosos y un pozo de bombeo de agua.<br>Estas obras se ejecutar\u00e1n en tres tramos: desde Linton a Majada Sud; de Linton a Barrancas Coloradas y de Linton a Atoj Pozo y Tres Jazmines.<br>En tanto, el Consejo Provincial de Vialidad inform\u00f3 de dos obras finalizadas que benefician a cientos de familias del departamento San Mart\u00edn. Se trata del mejoramiento de la ruta que une las localidades de Atoj Pozo con Barrancas Coloradas y el acceso a la ruta N\u00b0 18, en un tramo de 9 kil\u00f3metros, y el mejoramiento del camino que a lo largo de 36 kil\u00f3metros conecta a los parajes La Blanca, Burro Pozo, Alasampa, Pozo Mozoj y Barrial Alto.<\/p>\n","protected":false},"excerpt":{"rendered":"<p>El gobernador Gerardo Zamora visit\u00f3 este lunes Barrancas Coloradas, en el departamento San Mart\u00edn, donde habilit\u00f3 el edificio del Colegio Secundario de esta localidad, cuyas instalaciones fueron completamente renovadas con ampliaciones.<\/p>\n","protected":false},"author":2,"featured_media":57793,"comment_status":"open","ping_status":"open","sticky":false,"template":"","format":"standard","meta":{"om_disable_all_campaigns":false,"_monsterinsights_skip_tracking":false,"_monsterinsights_sitenote_active":false,"_monsterinsights_sitenote_note":"","_monsterinsights_sitenote_category":0,"_uf_show_specific_survey":0,"_uf_disable_surveys":false,"jetpack_post_was_ever_published":false,"_jetpack_newsletter_access":"","_jetpack_dont_email_post_to_subs":false,"_jetpack_newsletter_tier_id":0,"_jetpack_memberships_contains_paywalled_content":false,"_jetpack_memberships_contains_paid_content":false,"footnotes":"","jetpack_publicize_message":"","jetpack_publicize_feature_enabled":true,"jetpack_social_post_already_shared":false,"jetpack_social_options":{"image_generator_settings":{"template":"highway","default_image_id":0,"font":"","enabled":false},"version":2}},"categories":[4,21],"tags":[59,49],"class_list":["post-57787","post","type-post","status-publish","format-standard","has-post-thumbnail","hentry","category-destacadas","category-locales","tag-gerardo-zamora","tag-gobierno-de-santiago-del-estero"],"aioseo_notices":[],"views":6,"jetpack_publicize_connections":[],"jetpack_featured_media_url":"https:\/\/i0.wp.com\/elterritorialweb.com.ar\/web\/wp-content\/uploads\/2023\/09\/ZAMORA-1.jpg?fit=1044%2C696&ssl=1","jetpack_sharing_enabled":true,"_links":{"self":[{"href":"https:\/\/elterritorialweb.com.ar\/web\/wp-json\/wp\/v2\/posts\/57787","targetHints":{"allow":["GET"]}}],"collection":[{"href":"https:\/\/elterritorialweb.com.ar\/web\/wp-json\/wp\/v2\/posts"}],"about":[{"href":"https:\/\/elterritorialweb.com.ar\/web\/wp-json\/wp\/v2\/types\/post"}],"author":[{"embeddable":true,"href":"https:\/\/elterritorialweb.com.ar\/web\/wp-json\/wp\/v2\/users\/2"}],"replies":[{"embeddable":true,"href":"https:\/\/elterritorialweb.com.ar\/web\/wp-json\/wp\/v2\/comments?post=57787"}],"version-history":[{"count":1,"href":"https:\/\/elterritorialweb.com.ar\/web\/wp-json\/wp\/v2\/posts\/57787\/revisions"}],"predecessor-version":[{"id":57796,"href":"https:\/\/elterritorialweb.com.ar\/web\/wp-json\/wp\/v2\/posts\/57787\/revisions\/57796"}],"wp:featuredmedia":[{"embeddable":true,"href":"https:\/\/elterritorialweb.com.ar\/web\/wp-json\/wp\/v2\/media\/57793"}],"wp:attachment":[{"href":"https:\/\/elterritorialweb.com.ar\/web\/wp-json\/wp\/v2\/media?parent=57787"}],"wp:term":[{"taxonomy":"category","embeddable":true,"href":"https:\/\/elterritorialweb.com.ar\/web\/wp-json\/wp\/v2\/categories?post=57787"},{"taxonomy":"post_tag","embeddable":true,"href":"https:\/\/elterritorialweb.com.ar\/web\/wp-json\/wp\/v2\/tags?post=57787"}],"curies":[{"name":"wp","href":"https:\/\/api.w.org\/{rel}","templated":true}]}}