{"id":57797,"date":"2023-09-04T17:45:22","date_gmt":"2023-09-04T17:45:22","guid":{"rendered":"http:\/\/elterritorialweb.com.ar\/web\/?p=57797"},"modified":"2023-09-04T17:46:45","modified_gmt":"2023-09-04T17:46:45","slug":"la-unse-recibio-nueva-tecnologia-del-equipar-ciencia","status":"publish","type":"post","link":"https:\/\/elterritorialweb.com.ar\/web\/la-unse-recibio-nueva-tecnologia-del-equipar-ciencia\/","title":{"rendered":"LA UNSE RECIBI\u00d3 NUEVA TECNOLOG\u00cdA DEL \u201cEQUIPAR CIENCIA\u201d"},"content":{"rendered":"\n<p>El analizador, \u00fanico en el norte argentino, fue adquirido con los fondos del programa nacional \u201cEquipar Ciencia\u201d, que tiene como objetivo contribuir al fortalecimiento de las capacidades de investigaci\u00f3n cient\u00edfica, desarrollo e innovaci\u00f3n tecnol\u00f3gica de las Instituciones del Sistema Nacional de Ciencia Tecnolog\u00eda e Innovaci\u00f3n.<br>El rector de la UNSE, H\u00e9ctor Paz, y la decana de la Facultad de Agronom\u00eda y Agroindustrias, Myriam Villarreal, junto a otros funcionarios y docentes universitarios desembalaron y presentaron el equipo de alta complejidad.<br>H\u00e9ctor Paz destac\u00f3 la funci\u00f3n de este nuevo equipamiento, que servir\u00e1 en \u201ctodos los \u00e1mbitos de la Facultad, docencia, investigaci\u00f3n y transferencia\u201d.<br>Este analizador puede brindar datos sobre la composici\u00f3n de los alimentos, como valor nutricional, niveles de grasa; tambi\u00e9n sobre la farmacolog\u00eda y bioqu\u00edmica, o sea que \u201ctiene un gran impacto en todas las carreras de nuestra Facultad\u201d, resalt\u00f3 Myriam Villarreal.<br>Este es el segundo equipamiento que llega a la universidad con los fondos de \u201cEquipar Ciencia\u201d.<\/p>\n","protected":false},"excerpt":{"rendered":"<p>El Instituto de Ciencia y Tecnolog\u00eda de los Alimentos, que pertenece a la Facultad de Agronom\u00eda y Agroindustrias, recibi\u00f3 un \u201cAnalizador Infrarrojo Cercano\u201d, equipo que permite analizar la calidad alimentos semi s\u00f3lidos.<\/p>\n","protected":false},"author":2,"featured_media":57798,"comment_status":"open","ping_status":"open","sticky":false,"template":"","format":"standard","meta":{"om_disable_all_campaigns":false,"_monsterinsights_skip_tracking":false,"_monsterinsights_sitenote_active":false,"_monsterinsights_sitenote_note":"","_monsterinsights_sitenote_category":0,"_uf_show_specific_survey":0,"_uf_disable_surveys":false,"jetpack_post_was_ever_published":false,"_jetpack_newsletter_access":"","_jetpack_dont_email_post_to_subs":false,"_jetpack_newsletter_tier_id":0,"_jetpack_memberships_contains_paywalled_content":false,"_jetpack_memberships_contains_paid_content":false,"footnotes":"","jetpack_publicize_message":"","jetpack_publicize_feature_enabled":true,"jetpack_social_post_already_shared":false,"jetpack_social_options":{"image_generator_settings":{"template":"highway","default_image_id":0,"font":"","enabled":false},"version":2}},"categories":[19],"tags":[401,74],"class_list":["post-57797","post","type-post","status-publish","format-standard","has-post-thumbnail","hentry","category-educacion","tag-hector-paz","tag-unse"],"aioseo_notices":[],"views":10,"jetpack_publicize_connections":[],"jetpack_featured_media_url":"https:\/\/i0.wp.com\/elterritorialweb.com.ar\/web\/wp-content\/uploads\/2023\/09\/WhatsApp-Image-2023-09-04-at-13.45.45.jpeg?fit=1024%2C683&ssl=1","jetpack_sharing_enabled":true,"_links":{"self":[{"href":"https:\/\/elterritorialweb.com.ar\/web\/wp-json\/wp\/v2\/posts\/57797","targetHints":{"allow":["GET"]}}],"collection":[{"href":"https:\/\/elterritorialweb.com.ar\/web\/wp-json\/wp\/v2\/posts"}],"about":[{"href":"https:\/\/elterritorialweb.com.ar\/web\/wp-json\/wp\/v2\/types\/post"}],"author":[{"embeddable":true,"href":"https:\/\/elterritorialweb.com.ar\/web\/wp-json\/wp\/v2\/users\/2"}],"replies":[{"embeddable":true,"href":"https:\/\/elterritorialweb.com.ar\/web\/wp-json\/wp\/v2\/comments?post=57797"}],"version-history":[{"count":1,"href":"https:\/\/elterritorialweb.com.ar\/web\/wp-json\/wp\/v2\/posts\/57797\/revisions"}],"predecessor-version":[{"id":57799,"href":"https:\/\/elterritorialweb.com.ar\/web\/wp-json\/wp\/v2\/posts\/57797\/revisions\/57799"}],"wp:featuredmedia":[{"embeddable":true,"href":"https:\/\/elterritorialweb.com.ar\/web\/wp-json\/wp\/v2\/media\/57798"}],"wp:attachment":[{"href":"https:\/\/elterritorialweb.com.ar\/web\/wp-json\/wp\/v2\/media?parent=57797"}],"wp:term":[{"taxonomy":"category","embeddable":true,"href":"https:\/\/elterritorialweb.com.ar\/web\/wp-json\/wp\/v2\/categories?post=57797"},{"taxonomy":"post_tag","embeddable":true,"href":"https:\/\/elterritorialweb.com.ar\/web\/wp-json\/wp\/v2\/tags?post=57797"}],"curies":[{"name":"wp","href":"https:\/\/api.w.org\/{rel}","templated":true}]}}