{"id":57800,"date":"2023-09-04T17:48:51","date_gmt":"2023-09-04T17:48:51","guid":{"rendered":"http:\/\/elterritorialweb.com.ar\/web\/?p=57800"},"modified":"2023-09-04T17:48:54","modified_gmt":"2023-09-04T17:48:54","slug":"el-plan-de-mejoramiento-integral-de-calles-avanza-sobre-la-calle-mitre","status":"publish","type":"post","link":"https:\/\/elterritorialweb.com.ar\/web\/el-plan-de-mejoramiento-integral-de-calles-avanza-sobre-la-calle-mitre\/","title":{"rendered":"EL PLAN DE MEJORAMIENTO INTEGRAL DE CALLES AVANZA SOBRE LA CALLE MITRE"},"content":{"rendered":"\n<p>Dicha obra, que forma parte de los esfuerzos del municipio por mejorar la infraestructura vial de la ciudad, tiene como objetivo la pavimentaci\u00f3n de 200 metros de la v\u00eda para completar la conexi\u00f3n con la calle Cervantes, que hab\u00eda sido pavimentada en meses anteriores y complementar con la reconversi\u00f3n lum\u00ednica. Esta iniciativa busca integrar la zona de Villa Elo\u00edsa con el barrio Centro, mejorando la transitabilidad y la seguridad vial en la zona.<br>Durante la visita, el intendente Nediani convers\u00f3 con los vecinos del \u00e1rea, quienes expresaron su satisfacci\u00f3n y agradecimiento por la obra en curso. Adem\u00e1s, los vecinos aprovecharon la oportunidad de hacer sugerencias y plantear sus preocupaciones, lo cual fue valorado positivamente por el intendente.<br>Nediani destac\u00f3 la importancia de escuchar a los vecinos y tener en cuenta sus sugerencias para mejorar la calidad de vida en la ciudad. Agradeci\u00f3 a los ciudadanos de La Banda por su participaci\u00f3n activa y expres\u00f3 su compromiso de trabajar en conjunto con la comunidad para abordar las necesidades y preocupaciones de la ciudadan\u00eda.<br>Adem\u00e1s, el intendente tambi\u00e9n hizo un llamado a los residentes y a quienes transitan por la zona a circular con precauci\u00f3n y respetar las se\u00f1alizaciones durante la ejecuci\u00f3n de la obra. Esto es fundamental para evitar accidentes y permitir que el pavimento se seque adecuadamente.<br>La obra en la calle Mitre es parte de un esfuerzo m\u00e1s amplio del municipio por mejorar la infraestructura vial en toda la ciudad. El Plan de Mejoramiento Integral de Calles busca no solo pavimentar calles, sino tambi\u00e9n mejorar la calidad de vida de los habitantes de La Banda y garantizar una mayor seguridad en las v\u00edas de la ciudad.<\/p>\n","protected":false},"excerpt":{"rendered":"<p>El intendente de la ciudad de La Banda, Roger Nediani visit\u00f3 el avance de la obra que el equipo de la Secretar\u00eda de Obras P\u00fablicas se encuentra realizando sobre calle Mitre, en el marco del Plan de Mejoramiento Integral de Calles.<\/p>\n","protected":false},"author":2,"featured_media":57801,"comment_status":"open","ping_status":"open","sticky":false,"template":"","format":"standard","meta":{"om_disable_all_campaigns":false,"_monsterinsights_skip_tracking":false,"_monsterinsights_sitenote_active":false,"_monsterinsights_sitenote_note":"","_monsterinsights_sitenote_category":0,"_uf_show_specific_survey":0,"_uf_disable_surveys":false,"jetpack_post_was_ever_published":false,"_jetpack_newsletter_access":"","_jetpack_dont_email_post_to_subs":false,"_jetpack_newsletter_tier_id":0,"_jetpack_memberships_contains_paywalled_content":false,"_jetpack_memberships_contains_paid_content":false,"footnotes":"","jetpack_publicize_message":"","jetpack_publicize_feature_enabled":true,"jetpack_social_post_already_shared":false,"jetpack_social_options":{"image_generator_settings":{"template":"highway","default_image_id":0,"font":"","enabled":false},"version":2}},"categories":[9],"tags":[71,51],"class_list":["post-57800","post","type-post","status-publish","format-standard","has-post-thumbnail","hentry","category-banda","tag-municipalidad-de-la-banda","tag-roger-nediani"],"aioseo_notices":[],"views":14,"jetpack_publicize_connections":[],"jetpack_featured_media_url":"https:\/\/i0.wp.com\/elterritorialweb.com.ar\/web\/wp-content\/uploads\/2023\/09\/WhatsApp-Image-2023-09-04-at-14.40.11.jpeg?fit=1280%2C845&ssl=1","jetpack_sharing_enabled":true,"_links":{"self":[{"href":"https:\/\/elterritorialweb.com.ar\/web\/wp-json\/wp\/v2\/posts\/57800","targetHints":{"allow":["GET"]}}],"collection":[{"href":"https:\/\/elterritorialweb.com.ar\/web\/wp-json\/wp\/v2\/posts"}],"about":[{"href":"https:\/\/elterritorialweb.com.ar\/web\/wp-json\/wp\/v2\/types\/post"}],"author":[{"embeddable":true,"href":"https:\/\/elterritorialweb.com.ar\/web\/wp-json\/wp\/v2\/users\/2"}],"replies":[{"embeddable":true,"href":"https:\/\/elterritorialweb.com.ar\/web\/wp-json\/wp\/v2\/comments?post=57800"}],"version-history":[{"count":1,"href":"https:\/\/elterritorialweb.com.ar\/web\/wp-json\/wp\/v2\/posts\/57800\/revisions"}],"predecessor-version":[{"id":57802,"href":"https:\/\/elterritorialweb.com.ar\/web\/wp-json\/wp\/v2\/posts\/57800\/revisions\/57802"}],"wp:featuredmedia":[{"embeddable":true,"href":"https:\/\/elterritorialweb.com.ar\/web\/wp-json\/wp\/v2\/media\/57801"}],"wp:attachment":[{"href":"https:\/\/elterritorialweb.com.ar\/web\/wp-json\/wp\/v2\/media?parent=57800"}],"wp:term":[{"taxonomy":"category","embeddable":true,"href":"https:\/\/elterritorialweb.com.ar\/web\/wp-json\/wp\/v2\/categories?post=57800"},{"taxonomy":"post_tag","embeddable":true,"href":"https:\/\/elterritorialweb.com.ar\/web\/wp-json\/wp\/v2\/tags?post=57800"}],"curies":[{"name":"wp","href":"https:\/\/api.w.org\/{rel}","templated":true}]}}