{"id":57806,"date":"2023-09-04T21:20:40","date_gmt":"2023-09-04T21:20:40","guid":{"rendered":"http:\/\/elterritorialweb.com.ar\/web\/?p=57806"},"modified":"2023-09-04T21:20:43","modified_gmt":"2023-09-04T21:20:43","slug":"la-provincia-anuncio-la-reduccion-del-40-en-las-tarifas-de-luz","status":"publish","type":"post","link":"https:\/\/elterritorialweb.com.ar\/web\/la-provincia-anuncio-la-reduccion-del-40-en-las-tarifas-de-luz\/","title":{"rendered":"LA PROVINCIA ANUNCI\u00d3 LA REDUCCI\u00d3N DEL 40% EN LAS TARIFAS DE LUZ"},"content":{"rendered":"\n<p>El Gobierno de la provincia dispuso una reducci\u00f3n del 40% del cuadro tarifario de energ\u00eda el\u00e9ctrica para domicilios residenciales, como parte de las medidas adoptadas por el gobernador Gerardo Zamora para contribuir con la econom\u00eda de las familias santiague\u00f1as.<br>En esta misma l\u00ednea, se anunci\u00f3 un aumento del 100% para los planes provinciales de emergencia, tarjeta social y fondos destinados a los comedores y merenderos comunitarios.<br>Los anuncios fueron realizados por el jefe de Gabinete, El\u00edas Su\u00e1rez; los ministros de Justicia y Derechos Humanos, Matilde Omill, y de Desarrollo Social, \u00c1ngel Niccolai, y el titular del Ente Regulador de Energ\u00eda de Santiago del Estero (Enrese), Luis Cabanillas.<br>El jefe de Gabinete explic\u00f3 que estos anuncios se suman al aumento salarial y al bono de $ 400 mil otorgado recientemente a los empleados p\u00fablicos provinciales.<br>\u201cHay que contextualizarlo en el marco de un gran esfuerzo que hace el Gobierno de la provincia\u201d, dijo, y resalt\u00f3: \u201cSe toman estas medidas porque tenemos en claro la situaci\u00f3n econ\u00f3mica, sobre todo de los sectores que m\u00e1s requieren de un Estado presente y atento, fundamentalmente para estar cerca de los que lo requieren\u201d.<\/p>\n\n\n\n<figure class=\"wp-block-image size-large\"><a href=\"https:\/\/i0.wp.com\/elterritorialweb.com.ar\/web\/wp-content\/uploads\/2023\/09\/IMG-20230904-WA0049.jpg\"><img data-recalc-dims=\"1\" decoding=\"async\" width=\"640\" height=\"426\" data-src=\"https:\/\/i0.wp.com\/elterritorialweb.com.ar\/web\/wp-content\/uploads\/2023\/09\/IMG-20230904-WA0049.jpg?resize=640%2C426\" alt=\"\" class=\"wp-image-57808 lazyload\" data-srcset=\"https:\/\/i0.wp.com\/elterritorialweb.com.ar\/web\/wp-content\/uploads\/2023\/09\/IMG-20230904-WA0049.jpg?resize=1024%2C682&amp;ssl=1 1024w, https:\/\/i0.wp.com\/elterritorialweb.com.ar\/web\/wp-content\/uploads\/2023\/09\/IMG-20230904-WA0049.jpg?resize=300%2C200&amp;ssl=1 300w, https:\/\/i0.wp.com\/elterritorialweb.com.ar\/web\/wp-content\/uploads\/2023\/09\/IMG-20230904-WA0049.jpg?resize=768%2C512&amp;ssl=1 768w, https:\/\/i0.wp.com\/elterritorialweb.com.ar\/web\/wp-content\/uploads\/2023\/09\/IMG-20230904-WA0049.jpg?w=1280&amp;ssl=1 1280w\" data-sizes=\"(max-width: 640px) 100vw, 640px\" src=\"data:image\/svg+xml;base64,PHN2ZyB3aWR0aD0iMSIgaGVpZ2h0PSIxIiB4bWxucz0iaHR0cDovL3d3dy53My5vcmcvMjAwMC9zdmciPjwvc3ZnPg==\" style=\"--smush-placeholder-width: 640px; --smush-placeholder-aspect-ratio: 640\/426;\" \/><\/a><\/figure>\n\n\n\n<p>Tambi\u00e9n remarc\u00f3 que estos beneficios son \u201cfruto de un orden administrativo y de un presupuesto equilibrado que no tiene d\u00e9ficit, lo que hace posible llegar en tiempo y forma y de manera oportuna para quienes m\u00e1s lo necesitan\u201d.<br>Con respecto a la reducci\u00f3n del cuadro tarifario de energ\u00eda, Cabanillas explic\u00f3 que se aplicar\u00e1 a partir de agosto hasta octubre, de un 40% del monto total de la factura con inicio a partir del 1 de septiembre, con fondos provenientes de cr\u00e9ditos de la Camesa (Compa\u00f1\u00eda Administradora del Mercado Mayorista El\u00e9ctrico Sociedad An\u00f3nima) para todos los usuarios residenciales y con una vigencia de 3 meses.<br>Con respecto a los Planes de Emergencia dependientes de la provincia, la ministra O\u2019 Mill dijo que \u201cel primer pr\u00f3ximo pago, que ser\u00e1 el 20 de septiembre, se va a efectivizar un aumento del 100% en la asignaci\u00f3n\u201d.<br>En id\u00e9ntica proporci\u00f3n ser\u00e1 el incremento para los beneficiarios de tarjetas sociales, y fondos para comedores y merenderos.<br>Niccolai explic\u00f3 que m\u00e1s 10 mil chicos ser\u00e1n beneficiados de manera directa con los fondos de comedores y merenderos y explic\u00f3 que \u201ceste incremento ser\u00e1 a partir de la asignaci\u00f3n o de los haberes que se les imputa en el mes de septiembre\u201d, mientras que las tarjetas sociales alcanza a cerca de 40.000 familias que tienen como pr\u00f3xima fecha de cobro el 23 de septiembre para realizar compras de art\u00edculos de primera necesidad de la canasta familiar.<\/p>\n","protected":false},"excerpt":{"rendered":"<p>Tambi\u00e9n anunci\u00f3 el aumento del 100% de los planes de emergencia, las tarjetas sociales y los comedores.<\/p>\n","protected":false},"author":2,"featured_media":57807,"comment_status":"open","ping_status":"open","sticky":false,"template":"","format":"standard","meta":{"om_disable_all_campaigns":false,"_monsterinsights_skip_tracking":false,"_monsterinsights_sitenote_active":false,"_monsterinsights_sitenote_note":"","_monsterinsights_sitenote_category":0,"_uf_show_specific_survey":0,"_uf_disable_surveys":false,"jetpack_post_was_ever_published":false,"_jetpack_newsletter_access":"","_jetpack_dont_email_post_to_subs":false,"_jetpack_newsletter_tier_id":0,"_jetpack_memberships_contains_paywalled_content":false,"_jetpack_memberships_contains_paid_content":false,"footnotes":"","jetpack_publicize_message":"","jetpack_publicize_feature_enabled":true,"jetpack_social_post_already_shared":false,"jetpack_social_options":{"image_generator_settings":{"template":"highway","default_image_id":0,"font":"","enabled":false},"version":2}},"categories":[21],"tags":[49],"class_list":["post-57806","post","type-post","status-publish","format-standard","has-post-thumbnail","hentry","category-locales","tag-gobierno-de-santiago-del-estero"],"aioseo_notices":[],"views":4,"jetpack_publicize_connections":[],"jetpack_featured_media_url":"https:\/\/i0.wp.com\/elterritorialweb.com.ar\/web\/wp-content\/uploads\/2023\/09\/WhatsApp-Image-2023-03-30-at-16.30.56.jpeg?fit=768%2C798&ssl=1","jetpack_sharing_enabled":true,"_links":{"self":[{"href":"https:\/\/elterritorialweb.com.ar\/web\/wp-json\/wp\/v2\/posts\/57806","targetHints":{"allow":["GET"]}}],"collection":[{"href":"https:\/\/elterritorialweb.com.ar\/web\/wp-json\/wp\/v2\/posts"}],"about":[{"href":"https:\/\/elterritorialweb.com.ar\/web\/wp-json\/wp\/v2\/types\/post"}],"author":[{"embeddable":true,"href":"https:\/\/elterritorialweb.com.ar\/web\/wp-json\/wp\/v2\/users\/2"}],"replies":[{"embeddable":true,"href":"https:\/\/elterritorialweb.com.ar\/web\/wp-json\/wp\/v2\/comments?post=57806"}],"version-history":[{"count":1,"href":"https:\/\/elterritorialweb.com.ar\/web\/wp-json\/wp\/v2\/posts\/57806\/revisions"}],"predecessor-version":[{"id":57809,"href":"https:\/\/elterritorialweb.com.ar\/web\/wp-json\/wp\/v2\/posts\/57806\/revisions\/57809"}],"wp:featuredmedia":[{"embeddable":true,"href":"https:\/\/elterritorialweb.com.ar\/web\/wp-json\/wp\/v2\/media\/57807"}],"wp:attachment":[{"href":"https:\/\/elterritorialweb.com.ar\/web\/wp-json\/wp\/v2\/media?parent=57806"}],"wp:term":[{"taxonomy":"category","embeddable":true,"href":"https:\/\/elterritorialweb.com.ar\/web\/wp-json\/wp\/v2\/categories?post=57806"},{"taxonomy":"post_tag","embeddable":true,"href":"https:\/\/elterritorialweb.com.ar\/web\/wp-json\/wp\/v2\/tags?post=57806"}],"curies":[{"name":"wp","href":"https:\/\/api.w.org\/{rel}","templated":true}]}}