{"id":57888,"date":"2023-09-07T03:43:58","date_gmt":"2023-09-07T03:43:58","guid":{"rendered":"http:\/\/elterritorialweb.com.ar\/web\/?p=57888"},"modified":"2023-09-07T03:44:00","modified_gmt":"2023-09-07T03:44:00","slug":"actividades-artisticas-recreativas-y-deportivas-en-el-mes-de-la-juventud","status":"publish","type":"post","link":"https:\/\/elterritorialweb.com.ar\/web\/actividades-artisticas-recreativas-y-deportivas-en-el-mes-de-la-juventud\/","title":{"rendered":"ACTIVIDADES ART\u00cdSTICAS, RECREATIVAS Y DEPORTIVAS EN EL MES DE LA JUVENTUD"},"content":{"rendered":"\n<p>El anuncio fue realizado por el subsecretario de Salud y Desarrollo Social, Lic. Mauro Kalinski, acompa\u00f1ado por el director de la Juventud, Luis Llanos, y de un grupo de j\u00f3venes que formar\u00e1n parte de los eventos.<\/p>\n\n\n\n<p>Kalinski sostuvo que \u201csiguiendo los lineamientos de la intendente, Ing. Norma Fuentes, y de las pol\u00edticas p\u00fablicas que se realizan durante todo el a\u00f1o con el objetivo de que los j\u00f3venes sean protagonistas y participes, en este mes de septiembre habr\u00e1 diferentes actividades en coordinaci\u00f3n con el Ministerio de Educaci\u00f3n y la Subsecretar\u00eda de Deportes del Gobierno Provincial\u201d.<\/p>\n\n\n\n<p>De esta manera, el municipio organizar\u00e1 las olimpiadas de la juventud con competencias en 12 deportes, encuentro barriales deportivos y la Traves\u00eda del Dulce en bicicleta en la zona del Parque Aguirre.<\/p>\n\n\n\n<p>Tambi\u00e9n se destacan el Santiago Freestyle y la Gold Battle que reunir\u00e1 a j\u00f3venes en la b\u00fasqueda de promover la creatividad y rimas en la competencia de improvisaci\u00f3n de rap, cuyo primer encuentro ser\u00e1 en las Cuatro Plazas del barrio Siglo XX, el pr\u00f3ximo viernes, desde las 20 horas, y que posteriormente tendr\u00e1 continuidad en el Parque Aguirre, plaza Alvear y la plaza Libertad.<\/p>\n\n\n\n<p>Asimismo, est\u00e1 previsto que el Festival D\u00eda de la Primavera se realice en la plaza A\u00f1oranzas el 21 de septiembre con n\u00fameros musicales y la participaci\u00f3n adem\u00e1s de la Municipalidad acompa\u00f1ando festival Rock por la Memoria, el 16 de septiembre.<\/p>\n\n\n\n<p>Por otro lado, tambi\u00e9n los j\u00f3venes ser\u00e1n protagonistas de la experiencia art\u00edstica Pinta Conciencia en el cual estudiantes de distintos colegios secundarios expresar\u00e1n sus ideas a trav\u00e9s de murales. Adem\u00e1s, en las escuelas se desarrollar\u00e1n talleres referidos a la conciencia ambiental.<\/p>\n\n\n\n<p>Al mismo tiempo, se pondr\u00e1n en marcha los concursos de tiktok Santiago en Septiembre y de dise\u00f1o de Banderas de Egresados de los 5\u00ba a\u00f1os de los colegios secundarios. Para m\u00e1s informaci\u00f3n, se puede consultar en las p\u00e1ginas de las redes sociales de la Direcci\u00f3n de la Juventud del municipio de Instagram y Facebook.<\/p>\n","protected":false},"excerpt":{"rendered":"<p>La Municipalidad de la Capital present\u00f3 las actividades art\u00edsticas, recreativas y deportivas que se desarrollar\u00e1n con la participaci\u00f3n de j\u00f3venes de la ciudad durante el mes de septiembre que incluyen competencias de freestyle, olimpiadas, festival musical, muralismo, entre otros.<\/p>\n","protected":false},"author":2,"featured_media":57889,"comment_status":"open","ping_status":"open","sticky":false,"template":"","format":"standard","meta":{"om_disable_all_campaigns":false,"_monsterinsights_skip_tracking":false,"_monsterinsights_sitenote_active":false,"_monsterinsights_sitenote_note":"","_monsterinsights_sitenote_category":0,"_uf_show_specific_survey":0,"_uf_disable_surveys":false,"jetpack_post_was_ever_published":false,"_jetpack_newsletter_access":"","_jetpack_dont_email_post_to_subs":false,"_jetpack_newsletter_tier_id":0,"_jetpack_memberships_contains_paywalled_content":false,"_jetpack_memberships_contains_paid_content":false,"footnotes":"","jetpack_publicize_message":"","jetpack_publicize_feature_enabled":true,"jetpack_social_post_already_shared":false,"jetpack_social_options":{"image_generator_settings":{"template":"highway","default_image_id":0,"font":"","enabled":false},"version":2}},"categories":[21],"tags":[],"class_list":["post-57888","post","type-post","status-publish","format-standard","has-post-thumbnail","hentry","category-locales"],"aioseo_notices":[],"views":11,"jetpack_publicize_connections":[],"jetpack_featured_media_url":"https:\/\/i0.wp.com\/elterritorialweb.com.ar\/web\/wp-content\/uploads\/2023\/09\/mes-de-la-juventud.jpeg?fit=1600%2C1066&ssl=1","jetpack_sharing_enabled":true,"_links":{"self":[{"href":"https:\/\/elterritorialweb.com.ar\/web\/wp-json\/wp\/v2\/posts\/57888","targetHints":{"allow":["GET"]}}],"collection":[{"href":"https:\/\/elterritorialweb.com.ar\/web\/wp-json\/wp\/v2\/posts"}],"about":[{"href":"https:\/\/elterritorialweb.com.ar\/web\/wp-json\/wp\/v2\/types\/post"}],"author":[{"embeddable":true,"href":"https:\/\/elterritorialweb.com.ar\/web\/wp-json\/wp\/v2\/users\/2"}],"replies":[{"embeddable":true,"href":"https:\/\/elterritorialweb.com.ar\/web\/wp-json\/wp\/v2\/comments?post=57888"}],"version-history":[{"count":1,"href":"https:\/\/elterritorialweb.com.ar\/web\/wp-json\/wp\/v2\/posts\/57888\/revisions"}],"predecessor-version":[{"id":57890,"href":"https:\/\/elterritorialweb.com.ar\/web\/wp-json\/wp\/v2\/posts\/57888\/revisions\/57890"}],"wp:featuredmedia":[{"embeddable":true,"href":"https:\/\/elterritorialweb.com.ar\/web\/wp-json\/wp\/v2\/media\/57889"}],"wp:attachment":[{"href":"https:\/\/elterritorialweb.com.ar\/web\/wp-json\/wp\/v2\/media?parent=57888"}],"wp:term":[{"taxonomy":"category","embeddable":true,"href":"https:\/\/elterritorialweb.com.ar\/web\/wp-json\/wp\/v2\/categories?post=57888"},{"taxonomy":"post_tag","embeddable":true,"href":"https:\/\/elterritorialweb.com.ar\/web\/wp-json\/wp\/v2\/tags?post=57888"}],"curies":[{"name":"wp","href":"https:\/\/api.w.org\/{rel}","templated":true}]}}