{"id":57891,"date":"2023-09-07T04:20:48","date_gmt":"2023-09-07T04:20:48","guid":{"rendered":"http:\/\/elterritorialweb.com.ar\/web\/?p=57891"},"modified":"2023-09-07T04:22:34","modified_gmt":"2023-09-07T04:22:34","slug":"las-termas-de-rio-hondo-celebro-su-69-aniversario-con-un-gran-show-en-vivo","status":"publish","type":"post","link":"https:\/\/elterritorialweb.com.ar\/web\/las-termas-de-rio-hondo-celebro-su-69-aniversario-con-un-gran-show-en-vivo\/","title":{"rendered":"LAS TERMAS DE R\u00cdO HONDO CELEBR\u00d3 SU 69\u00b0 ANIVERSARIO CON UN GRAN SHOW EN VIVO"},"content":{"rendered":"\n<p>Miles de personas acompa\u00f1aron los festejos en las cercan\u00edas del\u00a0Casino\u00a0y la plaza San Mart\u00edn, donde todos los aplausos y la ovaci\u00f3n del p\u00fablico se los llev\u00f3 la actuaci\u00f3n de\u00a0<strong>Delio Valdez<\/strong>.<\/p>\n\n\n\n<figure class=\"wp-block-image size-large\"><a href=\"https:\/\/i0.wp.com\/elterritorialweb.com.ar\/web\/wp-content\/uploads\/2023\/09\/mukdise.jpg\"><img data-recalc-dims=\"1\" decoding=\"async\" width=\"640\" height=\"589\" data-src=\"https:\/\/i0.wp.com\/elterritorialweb.com.ar\/web\/wp-content\/uploads\/2023\/09\/mukdise.jpg?resize=640%2C589\" alt=\"\" class=\"wp-image-57893 lazyload\" data-srcset=\"https:\/\/i0.wp.com\/elterritorialweb.com.ar\/web\/wp-content\/uploads\/2023\/09\/mukdise.jpg?resize=1024%2C942&amp;ssl=1 1024w, https:\/\/i0.wp.com\/elterritorialweb.com.ar\/web\/wp-content\/uploads\/2023\/09\/mukdise.jpg?resize=300%2C276&amp;ssl=1 300w, https:\/\/i0.wp.com\/elterritorialweb.com.ar\/web\/wp-content\/uploads\/2023\/09\/mukdise.jpg?resize=768%2C707&amp;ssl=1 768w, https:\/\/i0.wp.com\/elterritorialweb.com.ar\/web\/wp-content\/uploads\/2023\/09\/mukdise.jpg?w=1080&amp;ssl=1 1080w\" data-sizes=\"(max-width: 640px) 100vw, 640px\" src=\"data:image\/svg+xml;base64,PHN2ZyB3aWR0aD0iMSIgaGVpZ2h0PSIxIiB4bWxucz0iaHR0cDovL3d3dy53My5vcmcvMjAwMC9zdmciPjwvc3ZnPg==\" style=\"--smush-placeholder-width: 640px; --smush-placeholder-aspect-ratio: 640\/589;\" \/><\/a><\/figure>\n\n\n\n<p>El evento comenz\u00f3 con un acto protocolar donde el intendente municipal, Jorge Mukdise, resalt\u00f3 el crecimiento de la ciudad y c\u00f3mo evolucion\u00f3 con el trabajo de los pioneros que pusieron el hombro desde hace muchos a\u00f1os y la transformaci\u00f3n que tuvo el destino tur\u00edstico desde el a\u00f1o 2005 de la mano del gobierno de la provincia.<\/p>\n\n\n\n<figure class=\"wp-block-image size-large\"><a href=\"https:\/\/i0.wp.com\/elterritorialweb.com.ar\/web\/wp-content\/uploads\/2023\/09\/WhatsApp-Image-2023-09-06-at-23.13.59.jpeg\"><img data-recalc-dims=\"1\" decoding=\"async\" width=\"640\" height=\"480\" data-src=\"https:\/\/i0.wp.com\/elterritorialweb.com.ar\/web\/wp-content\/uploads\/2023\/09\/WhatsApp-Image-2023-09-06-at-23.13.59.jpeg?resize=640%2C480\" alt=\"\" class=\"wp-image-57894 lazyload\" data-srcset=\"https:\/\/i0.wp.com\/elterritorialweb.com.ar\/web\/wp-content\/uploads\/2023\/09\/WhatsApp-Image-2023-09-06-at-23.13.59.jpeg?resize=1024%2C768&amp;ssl=1 1024w, https:\/\/i0.wp.com\/elterritorialweb.com.ar\/web\/wp-content\/uploads\/2023\/09\/WhatsApp-Image-2023-09-06-at-23.13.59.jpeg?resize=300%2C225&amp;ssl=1 300w, https:\/\/i0.wp.com\/elterritorialweb.com.ar\/web\/wp-content\/uploads\/2023\/09\/WhatsApp-Image-2023-09-06-at-23.13.59.jpeg?resize=768%2C576&amp;ssl=1 768w, https:\/\/i0.wp.com\/elterritorialweb.com.ar\/web\/wp-content\/uploads\/2023\/09\/WhatsApp-Image-2023-09-06-at-23.13.59.jpeg?w=1280&amp;ssl=1 1280w\" data-sizes=\"(max-width: 640px) 100vw, 640px\" src=\"data:image\/svg+xml;base64,PHN2ZyB3aWR0aD0iMSIgaGVpZ2h0PSIxIiB4bWxucz0iaHR0cDovL3d3dy53My5vcmcvMjAwMC9zdmciPjwvc3ZnPg==\" style=\"--smush-placeholder-width: 640px; --smush-placeholder-aspect-ratio: 640\/480;\" \/><\/a><\/figure>\n\n\n\n<p>Con la presencia de turistas que llegaron de distintos puntos del pa\u00eds, y de vecinos terme\u00f1os, se realiz\u00f3 este mi\u00e9rcoles el festejo de un nuevo aniversario, con un imponente espect\u00e1culo musical en vivo.<\/p>\n\n\n\n<p><\/p>\n","protected":false},"excerpt":{"rendered":"<p>Con un imponente escenario frente al casino, comenzaron los festejos por un nuevo aniversario de la ciudad.<\/p>\n","protected":false},"author":2,"featured_media":57892,"comment_status":"open","ping_status":"open","sticky":false,"template":"","format":"standard","meta":{"om_disable_all_campaigns":false,"_monsterinsights_skip_tracking":false,"_monsterinsights_sitenote_active":false,"_monsterinsights_sitenote_note":"","_monsterinsights_sitenote_category":0,"_uf_show_specific_survey":0,"_uf_disable_surveys":false,"jetpack_post_was_ever_published":false,"_jetpack_newsletter_access":"","_jetpack_dont_email_post_to_subs":false,"_jetpack_newsletter_tier_id":0,"_jetpack_memberships_contains_paywalled_content":false,"_jetpack_memberships_contains_paid_content":false,"footnotes":"","jetpack_publicize_message":"","jetpack_publicize_feature_enabled":true,"jetpack_social_post_already_shared":false,"jetpack_social_options":{"image_generator_settings":{"template":"highway","default_image_id":0,"font":"","enabled":false},"version":2}},"categories":[633],"tags":[],"class_list":["post-57891","post","type-post","status-publish","format-standard","has-post-thumbnail","hentry","category-termas-de-rio-hondo"],"aioseo_notices":[],"views":14,"jetpack_publicize_connections":[],"jetpack_featured_media_url":"https:\/\/i0.wp.com\/elterritorialweb.com.ar\/web\/wp-content\/uploads\/2023\/09\/la-delio-valdez.jpg?fit=1066%2C1066&ssl=1","jetpack_sharing_enabled":true,"_links":{"self":[{"href":"https:\/\/elterritorialweb.com.ar\/web\/wp-json\/wp\/v2\/posts\/57891","targetHints":{"allow":["GET"]}}],"collection":[{"href":"https:\/\/elterritorialweb.com.ar\/web\/wp-json\/wp\/v2\/posts"}],"about":[{"href":"https:\/\/elterritorialweb.com.ar\/web\/wp-json\/wp\/v2\/types\/post"}],"author":[{"embeddable":true,"href":"https:\/\/elterritorialweb.com.ar\/web\/wp-json\/wp\/v2\/users\/2"}],"replies":[{"embeddable":true,"href":"https:\/\/elterritorialweb.com.ar\/web\/wp-json\/wp\/v2\/comments?post=57891"}],"version-history":[{"count":2,"href":"https:\/\/elterritorialweb.com.ar\/web\/wp-json\/wp\/v2\/posts\/57891\/revisions"}],"predecessor-version":[{"id":57896,"href":"https:\/\/elterritorialweb.com.ar\/web\/wp-json\/wp\/v2\/posts\/57891\/revisions\/57896"}],"wp:featuredmedia":[{"embeddable":true,"href":"https:\/\/elterritorialweb.com.ar\/web\/wp-json\/wp\/v2\/media\/57892"}],"wp:attachment":[{"href":"https:\/\/elterritorialweb.com.ar\/web\/wp-json\/wp\/v2\/media?parent=57891"}],"wp:term":[{"taxonomy":"category","embeddable":true,"href":"https:\/\/elterritorialweb.com.ar\/web\/wp-json\/wp\/v2\/categories?post=57891"},{"taxonomy":"post_tag","embeddable":true,"href":"https:\/\/elterritorialweb.com.ar\/web\/wp-json\/wp\/v2\/tags?post=57891"}],"curies":[{"name":"wp","href":"https:\/\/api.w.org\/{rel}","templated":true}]}}