{"id":57897,"date":"2023-09-07T13:19:04","date_gmt":"2023-09-07T13:19:04","guid":{"rendered":"http:\/\/elterritorialweb.com.ar\/web\/?p=57897"},"modified":"2023-09-07T13:19:09","modified_gmt":"2023-09-07T13:19:09","slug":"nediani-recibio-a-coqui-padilla-campeon-del-mundo-con-los-murcielagos","status":"publish","type":"post","link":"https:\/\/elterritorialweb.com.ar\/web\/nediani-recibio-a-coqui-padilla-campeon-del-mundo-con-los-murcielagos\/","title":{"rendered":"NEDIANI RECIBI\u00d3 A \u00abCOQUI\u00bb PADILLA CAMPE\u00d3N DEL MUNDO CON \u00abLOS MURCI\u00c9LAGOS\u00bb"},"content":{"rendered":"\n<p>Padilla es un ejemplo de superaci\u00f3n y dedicaci\u00f3n en el deporte y ha contribuido a que Argentina obtenga tres t\u00edtulos mundiales en esta disciplina. El intendente Nediani expres\u00f3 su orgullo y gratitud hacia \u201cCoqui\u201d Padilla, destacando su esfuerzo y logros en el deporte.<br>Padilla comparti\u00f3 su experiencia y trayectoria deportiva, resaltando la importancia de representar a su pa\u00eds y su provincia en competencias internacionales. Adem\u00e1s de ser un destacado deportista, \u00e9l se considera un embajador de su pa\u00eds y su comunidad, y siempre busca dejar una impresi\u00f3n positiva en los lugares donde compite.<br>\u201cCoqui\u201d Padilla tambi\u00e9n inform\u00f3 sobre los pr\u00f3ximos desaf\u00edos deportivos que enfrentar\u00e1, incluyendo la Liga Brasilera y los Panamericanos en Santiago de Chile. En cada competencia, se esfuerza por representar de la mejor manera a Argentina, Santiago del Estero y su querido departamento de Pellegrini.<br>El encuentro entre el intendente Nediani y \u201cCoqui\u201d Padilla resalta la importancia de reconocer y celebrar los logros deportivos de los ciudadanos, as\u00ed como el compromiso de los deportistas con su comunidad y su pa\u00eds.<\/p>\n","protected":false},"excerpt":{"rendered":"<p>El intendente de la ciudad de La Banda, Roger Nediani, recibi\u00f3 a \u201cCoqui\u201d Padilla, el santiague\u00f1o nacido en Nueva Esperanza y miembro del equipo de f\u00fatbol de Los Murci\u00e9lagos, que recientemente se consagraron campeones del mundo.<\/p>\n","protected":false},"author":2,"featured_media":57898,"comment_status":"open","ping_status":"open","sticky":false,"template":"","format":"standard","meta":{"om_disable_all_campaigns":false,"_monsterinsights_skip_tracking":false,"_monsterinsights_sitenote_active":false,"_monsterinsights_sitenote_note":"","_monsterinsights_sitenote_category":0,"_uf_show_specific_survey":0,"_uf_disable_surveys":false,"jetpack_post_was_ever_published":false,"_jetpack_newsletter_access":"","_jetpack_dont_email_post_to_subs":false,"_jetpack_newsletter_tier_id":0,"_jetpack_memberships_contains_paywalled_content":false,"_jetpack_memberships_contains_paid_content":false,"footnotes":"","jetpack_publicize_message":"","jetpack_publicize_feature_enabled":true,"jetpack_social_post_already_shared":false,"jetpack_social_options":{"image_generator_settings":{"template":"highway","default_image_id":0,"font":"","enabled":false},"version":2}},"categories":[9],"tags":[71,51],"class_list":["post-57897","post","type-post","status-publish","format-standard","has-post-thumbnail","hentry","category-banda","tag-municipalidad-de-la-banda","tag-roger-nediani"],"aioseo_notices":[],"views":8,"jetpack_publicize_connections":[],"jetpack_featured_media_url":"https:\/\/i0.wp.com\/elterritorialweb.com.ar\/web\/wp-content\/uploads\/2023\/09\/WhatsApp-Image-2023-09-06-at-13.07.16.jpeg?fit=1280%2C845&ssl=1","jetpack_sharing_enabled":true,"_links":{"self":[{"href":"https:\/\/elterritorialweb.com.ar\/web\/wp-json\/wp\/v2\/posts\/57897","targetHints":{"allow":["GET"]}}],"collection":[{"href":"https:\/\/elterritorialweb.com.ar\/web\/wp-json\/wp\/v2\/posts"}],"about":[{"href":"https:\/\/elterritorialweb.com.ar\/web\/wp-json\/wp\/v2\/types\/post"}],"author":[{"embeddable":true,"href":"https:\/\/elterritorialweb.com.ar\/web\/wp-json\/wp\/v2\/users\/2"}],"replies":[{"embeddable":true,"href":"https:\/\/elterritorialweb.com.ar\/web\/wp-json\/wp\/v2\/comments?post=57897"}],"version-history":[{"count":1,"href":"https:\/\/elterritorialweb.com.ar\/web\/wp-json\/wp\/v2\/posts\/57897\/revisions"}],"predecessor-version":[{"id":57899,"href":"https:\/\/elterritorialweb.com.ar\/web\/wp-json\/wp\/v2\/posts\/57897\/revisions\/57899"}],"wp:featuredmedia":[{"embeddable":true,"href":"https:\/\/elterritorialweb.com.ar\/web\/wp-json\/wp\/v2\/media\/57898"}],"wp:attachment":[{"href":"https:\/\/elterritorialweb.com.ar\/web\/wp-json\/wp\/v2\/media?parent=57897"}],"wp:term":[{"taxonomy":"category","embeddable":true,"href":"https:\/\/elterritorialweb.com.ar\/web\/wp-json\/wp\/v2\/categories?post=57897"},{"taxonomy":"post_tag","embeddable":true,"href":"https:\/\/elterritorialweb.com.ar\/web\/wp-json\/wp\/v2\/tags?post=57897"}],"curies":[{"name":"wp","href":"https:\/\/api.w.org\/{rel}","templated":true}]}}