{"id":57900,"date":"2023-09-07T14:24:56","date_gmt":"2023-09-07T14:24:56","guid":{"rendered":"http:\/\/elterritorialweb.com.ar\/web\/?p=57900"},"modified":"2023-09-07T14:26:13","modified_gmt":"2023-09-07T14:26:13","slug":"la-seleccion-argentina-enfrenta-a-ecuador-en-el-inicio-de-las-eliminatorias","status":"publish","type":"post","link":"https:\/\/elterritorialweb.com.ar\/web\/la-seleccion-argentina-enfrenta-a-ecuador-en-el-inicio-de-las-eliminatorias\/","title":{"rendered":"LA SELECCI\u00d3N ARGENTINA ENFRENTA A ECUADOR EN EL INICIO DE LAS ELIMINATORIAS"},"content":{"rendered":"\n<p><strong>La Selecci\u00f3n argentina jugar\u00e1 desde las 21 frente a su par de Ecuador por la primera fecha de las Eliminatorias Sudamericanas<\/strong>\u00a0para el Mundial de M\u00e9xico, Estados Unidos y Canad\u00e1 en 2026. Lionel\u00a0Messi, que estrena unos llamativos botines, ir\u00e1 desde el arranque.<\/p>\n\n\n\n<p>El equipo conducido por Lionel Scaloni presenta solamente dos dudas de cara al debut. La formaci\u00f3n estar\u00eda conformada por Emiliano Mart\u00ednez; Molina, Romero, Otamendi, Tagliafico; De Paul, Fern\u00e1ndez, Mac Allister; Messi,&nbsp;<strong>\u00c1lvarez \u00f3 Lautaro Mart\u00ednez<\/strong>&nbsp;y&nbsp;<strong>Di Mar\u00eda \u00f3 Gonz\u00e1lez<\/strong>.<\/p>\n\n\n\n<p>Por el lado de F\u00e9lix S\u00e1nchez, su once inicial ser\u00eda: Dom\u00ednguez; Torres, Arboleda, Pacho; Hurtado, Cifuentes, Gruezo, Caicedo, Estupi\u00f1\u00e1n; Mena y Valencia. De esta manera,&nbsp;<strong>habr\u00e1 varios conocidos del Mundial de Qatar 2022<\/strong>.<\/p>\n","protected":false},"excerpt":{"rendered":"<p>El equipo comandado por Lionel Scaloni recibir\u00e1 al del espa\u00f1ol F\u00e9lix S\u00e1nchez en el estadio Monumental por la primera fecha. Lionel Messi estar\u00e1 desde el arranque.<\/p>\n","protected":false},"author":2,"featured_media":57903,"comment_status":"open","ping_status":"open","sticky":false,"template":"","format":"standard","meta":{"om_disable_all_campaigns":false,"_monsterinsights_skip_tracking":false,"_monsterinsights_sitenote_active":false,"_monsterinsights_sitenote_note":"","_monsterinsights_sitenote_category":0,"_uf_show_specific_survey":0,"_uf_disable_surveys":false,"jetpack_post_was_ever_published":false,"_jetpack_newsletter_access":"","_jetpack_dont_email_post_to_subs":false,"_jetpack_newsletter_tier_id":0,"_jetpack_memberships_contains_paywalled_content":false,"_jetpack_memberships_contains_paid_content":false,"footnotes":"","jetpack_publicize_message":"","jetpack_publicize_feature_enabled":true,"jetpack_social_post_already_shared":false,"jetpack_social_options":{"image_generator_settings":{"template":"highway","default_image_id":0,"font":"","enabled":false},"version":2}},"categories":[6,4],"tags":[647,55],"class_list":["post-57900","post","type-post","status-publish","format-standard","has-post-thumbnail","hentry","category-deportes","category-destacadas","tag-eliminatorias-sudamericanas","tag-seleccion-argentina-de-futbol"],"aioseo_notices":[],"views":7,"jetpack_publicize_connections":[],"jetpack_featured_media_url":"https:\/\/i0.wp.com\/elterritorialweb.com.ar\/web\/wp-content\/uploads\/2023\/09\/argentina-ecuador-1.jpg?fit=1200%2C675&ssl=1","jetpack_sharing_enabled":true,"_links":{"self":[{"href":"https:\/\/elterritorialweb.com.ar\/web\/wp-json\/wp\/v2\/posts\/57900","targetHints":{"allow":["GET"]}}],"collection":[{"href":"https:\/\/elterritorialweb.com.ar\/web\/wp-json\/wp\/v2\/posts"}],"about":[{"href":"https:\/\/elterritorialweb.com.ar\/web\/wp-json\/wp\/v2\/types\/post"}],"author":[{"embeddable":true,"href":"https:\/\/elterritorialweb.com.ar\/web\/wp-json\/wp\/v2\/users\/2"}],"replies":[{"embeddable":true,"href":"https:\/\/elterritorialweb.com.ar\/web\/wp-json\/wp\/v2\/comments?post=57900"}],"version-history":[{"count":1,"href":"https:\/\/elterritorialweb.com.ar\/web\/wp-json\/wp\/v2\/posts\/57900\/revisions"}],"predecessor-version":[{"id":57902,"href":"https:\/\/elterritorialweb.com.ar\/web\/wp-json\/wp\/v2\/posts\/57900\/revisions\/57902"}],"wp:featuredmedia":[{"embeddable":true,"href":"https:\/\/elterritorialweb.com.ar\/web\/wp-json\/wp\/v2\/media\/57903"}],"wp:attachment":[{"href":"https:\/\/elterritorialweb.com.ar\/web\/wp-json\/wp\/v2\/media?parent=57900"}],"wp:term":[{"taxonomy":"category","embeddable":true,"href":"https:\/\/elterritorialweb.com.ar\/web\/wp-json\/wp\/v2\/categories?post=57900"},{"taxonomy":"post_tag","embeddable":true,"href":"https:\/\/elterritorialweb.com.ar\/web\/wp-json\/wp\/v2\/tags?post=57900"}],"curies":[{"name":"wp","href":"https:\/\/api.w.org\/{rel}","templated":true}]}}