{"id":57904,"date":"2023-09-08T01:27:05","date_gmt":"2023-09-08T01:27:05","guid":{"rendered":"http:\/\/elterritorialweb.com.ar\/web\/?p=57904"},"modified":"2023-09-08T01:27:09","modified_gmt":"2023-09-08T01:27:09","slug":"exitoso-inicio-del-tercer-plenario-provincial-de-la-red-de-abordaje-de-adicciones","status":"publish","type":"post","link":"https:\/\/elterritorialweb.com.ar\/web\/exitoso-inicio-del-tercer-plenario-provincial-de-la-red-de-abordaje-de-adicciones\/","title":{"rendered":"EXITOSO INICIO DEL TERCER PLENARIO PROVINCIAL DE LA RED DE ABORDAJE DE ADICCIONES"},"content":{"rendered":"\n<p>Esta primera jornada \u2013la segunda ser\u00e1 este viernes 8 en el Nodo Tecnol\u00f3gico- se desarroll\u00f3 en el Centro de Rehabilitaci\u00f3n de Adicciones Santiago del Estero (Crease).<br>La apertura estuvo a cargo del presidente de la Fundaci\u00f3n Noka Munayki, Javier Manzano; la titular de la Direcci\u00f3n para el Abordaje Integral en las Adicciones (Digaia), Claudia Tarchini; el subsecretario de Salud, Cesar Monti; la presidente del Consejo de Educaci\u00f3n, Mar\u00eda Elena Herrera; el defensor general del Ministerio P\u00fablico de la Defensa, Enrique Jos\u00e9 Billaud;la secretaria de Trabajo, Julia Com\u00e1n; el rector de la Universidad Nacional de Santiago del Estero, H\u00e9ctor Paz y el director de Salud de la Municipalidad de la Capital, Antonio Palomo.<br>El objetivo del plenario es evaluar los resultados trabajados en los \u00faltimos tiempos y planificar acciones para el 2.024, para lo cual se trabaja en comisiones de las \u00e1reas de Salud, Educaci\u00f3n, Justicia, Investigaci\u00f3n, Deporte, Infancia, Espiritualidad, G\u00e9nero y Diversidad y Pol\u00edticas P\u00fablicas.<br>Las palabras de bienvenidas estuvieron a cargo de Manzano, quien expres\u00f3: \u201cEs hermoso poder encontrarnos todos los que somos protagonistas, que trabajamos a diario pero que pocas veces nos vemos las caras; lo que hoy vamos a vivir, experimentar lo venimos trabajando durante m\u00e1s de un a\u00f1o a trav\u00e9s de un proceso que como fundaci\u00f3n consideramos que para que algo sea sustentable y tenga base tiene que tener un proceso de adaptaci\u00f3n, aceptaci\u00f3n y hoy creo que la Red de Abordaje de Adicciones de Santiago del Estero (RAASE) ha sido aceptada como forma de trabajo y estilo\u201d.<\/p>\n\n\n\n<figure class=\"wp-block-image size-large\"><a href=\"https:\/\/i0.wp.com\/elterritorialweb.com.ar\/web\/wp-content\/uploads\/2023\/09\/WhatsApp-Image-2023-09-07-at-14.01.02-1.jpeg\"><img data-recalc-dims=\"1\" decoding=\"async\" width=\"640\" height=\"426\" data-src=\"https:\/\/i0.wp.com\/elterritorialweb.com.ar\/web\/wp-content\/uploads\/2023\/09\/WhatsApp-Image-2023-09-07-at-14.01.02-1.jpeg?resize=640%2C426\" alt=\"\" class=\"wp-image-57905 lazyload\" data-srcset=\"https:\/\/i0.wp.com\/elterritorialweb.com.ar\/web\/wp-content\/uploads\/2023\/09\/WhatsApp-Image-2023-09-07-at-14.01.02-1.jpeg?resize=1024%2C682&amp;ssl=1 1024w, https:\/\/i0.wp.com\/elterritorialweb.com.ar\/web\/wp-content\/uploads\/2023\/09\/WhatsApp-Image-2023-09-07-at-14.01.02-1.jpeg?resize=300%2C200&amp;ssl=1 300w, https:\/\/i0.wp.com\/elterritorialweb.com.ar\/web\/wp-content\/uploads\/2023\/09\/WhatsApp-Image-2023-09-07-at-14.01.02-1.jpeg?resize=768%2C512&amp;ssl=1 768w, https:\/\/i0.wp.com\/elterritorialweb.com.ar\/web\/wp-content\/uploads\/2023\/09\/WhatsApp-Image-2023-09-07-at-14.01.02-1.jpeg?resize=1536%2C1023&amp;ssl=1 1536w, https:\/\/i0.wp.com\/elterritorialweb.com.ar\/web\/wp-content\/uploads\/2023\/09\/WhatsApp-Image-2023-09-07-at-14.01.02-1.jpeg?w=1600&amp;ssl=1 1600w, https:\/\/i0.wp.com\/elterritorialweb.com.ar\/web\/wp-content\/uploads\/2023\/09\/WhatsApp-Image-2023-09-07-at-14.01.02-1.jpeg?w=1280 1280w\" data-sizes=\"(max-width: 640px) 100vw, 640px\" src=\"data:image\/svg+xml;base64,PHN2ZyB3aWR0aD0iMSIgaGVpZ2h0PSIxIiB4bWxucz0iaHR0cDovL3d3dy53My5vcmcvMjAwMC9zdmciPjwvc3ZnPg==\" style=\"--smush-placeholder-width: 640px; --smush-placeholder-aspect-ratio: 640\/426;\" \/><\/a><\/figure>\n\n\n\n<p>Por su parte, Tarchini dijo: \u201cNos encontramos para reforzar el trabajo y acuerdo con los equipo de trabajo de los diferentes ministerios, secretar\u00edas y equipos que trabajan en territorio. Lo que construyamos hoy lo vamos a evaluar el a\u00f1o que viene, en este tiempo especial que necesita de gente buena para seguir haciendo cosas buenas y no permitir lo que tanto nos ha costado y que es nuestro derecho poder unir esa masa de amor, compromiso y responsabilidad\u201d.<br>A su turno, Herrera destac\u00f3: \u201cEs un gran trabajo transversal que debemos hacer, lo que nos plantea este desaf\u00edo y lo vemos cotidianamente a este mal de la sociedad que responde a muchas causas y aqu\u00ed estamos para tratarla porque es una cuesti\u00f3n multicausal e intersectorial\u201d.<br>Tambi\u00e9n ratific\u00f3 \u201cel compromiso del Ministerio de Educaci\u00f3n, de acompa\u00f1ar las acciones y seguir implementando en el calendario escolar lo que hoy es una declamaci\u00f3n. Queremos que sean hechos de actos concretos en el d\u00eda a d\u00eda\u201d.<br>Finalmente, Monti, acot\u00f3: \u201cHace m\u00e1s de 15 a\u00f1os mucha gente pens\u00f3 que pod\u00edamos conectar educaci\u00f3n, salud , trabajo social, trabajo en terreno e interesar a todas las \u00e1reas del gobierno y las \u00e1reas extra gubernamentales, esto es un ejemplo del aprendizaje en conjunto, es una gran esperanza para ese grupo de gente a la cual entre todos podemos identificar y ayudar\u201d.<\/p>\n","protected":false},"excerpt":{"rendered":"<p>Con una importante concurrencia se puso en marcha este jueves el Tercer Plenario de Abordaje de Adicciones, bajo el lema; \u201cTodos Somos Protagonistas\u201d, con representantes de todas las instituciones y organismos que tienen un compromiso y un trabajo con la Red de Abordaje de Adicciones de Santiago del Estero (Raase).<\/p>\n","protected":false},"author":2,"featured_media":57906,"comment_status":"open","ping_status":"open","sticky":false,"template":"","format":"standard","meta":{"om_disable_all_campaigns":false,"_monsterinsights_skip_tracking":false,"_monsterinsights_sitenote_active":false,"_monsterinsights_sitenote_note":"","_monsterinsights_sitenote_category":0,"_uf_show_specific_survey":0,"_uf_disable_surveys":false,"jetpack_post_was_ever_published":false,"_jetpack_newsletter_access":"","_jetpack_dont_email_post_to_subs":false,"_jetpack_newsletter_tier_id":0,"_jetpack_memberships_contains_paywalled_content":false,"_jetpack_memberships_contains_paid_content":false,"footnotes":"","jetpack_publicize_message":"","jetpack_publicize_feature_enabled":true,"jetpack_social_post_already_shared":false,"jetpack_social_options":{"image_generator_settings":{"template":"highway","default_image_id":0,"font":"","enabled":false},"version":2}},"categories":[21],"tags":[],"class_list":["post-57904","post","type-post","status-publish","format-standard","has-post-thumbnail","hentry","category-locales"],"aioseo_notices":[],"views":10,"jetpack_publicize_connections":[],"jetpack_featured_media_url":"https:\/\/i0.wp.com\/elterritorialweb.com.ar\/web\/wp-content\/uploads\/2023\/09\/WhatsApp-Image-2023-09-07-at-14.01.02.jpeg?fit=1600%2C1066&ssl=1","jetpack_sharing_enabled":true,"_links":{"self":[{"href":"https:\/\/elterritorialweb.com.ar\/web\/wp-json\/wp\/v2\/posts\/57904","targetHints":{"allow":["GET"]}}],"collection":[{"href":"https:\/\/elterritorialweb.com.ar\/web\/wp-json\/wp\/v2\/posts"}],"about":[{"href":"https:\/\/elterritorialweb.com.ar\/web\/wp-json\/wp\/v2\/types\/post"}],"author":[{"embeddable":true,"href":"https:\/\/elterritorialweb.com.ar\/web\/wp-json\/wp\/v2\/users\/2"}],"replies":[{"embeddable":true,"href":"https:\/\/elterritorialweb.com.ar\/web\/wp-json\/wp\/v2\/comments?post=57904"}],"version-history":[{"count":1,"href":"https:\/\/elterritorialweb.com.ar\/web\/wp-json\/wp\/v2\/posts\/57904\/revisions"}],"predecessor-version":[{"id":57907,"href":"https:\/\/elterritorialweb.com.ar\/web\/wp-json\/wp\/v2\/posts\/57904\/revisions\/57907"}],"wp:featuredmedia":[{"embeddable":true,"href":"https:\/\/elterritorialweb.com.ar\/web\/wp-json\/wp\/v2\/media\/57906"}],"wp:attachment":[{"href":"https:\/\/elterritorialweb.com.ar\/web\/wp-json\/wp\/v2\/media?parent=57904"}],"wp:term":[{"taxonomy":"category","embeddable":true,"href":"https:\/\/elterritorialweb.com.ar\/web\/wp-json\/wp\/v2\/categories?post=57904"},{"taxonomy":"post_tag","embeddable":true,"href":"https:\/\/elterritorialweb.com.ar\/web\/wp-json\/wp\/v2\/tags?post=57904"}],"curies":[{"name":"wp","href":"https:\/\/api.w.org\/{rel}","templated":true}]}}