{"id":57908,"date":"2023-09-08T01:44:55","date_gmt":"2023-09-08T01:44:55","guid":{"rendered":"http:\/\/elterritorialweb.com.ar\/web\/?p=57908"},"modified":"2023-09-08T01:47:53","modified_gmt":"2023-09-08T01:47:53","slug":"el-gobernador-zamora-recibio-a-alumnos-de-los-departamentos-jimenez-y-san-martin","status":"publish","type":"post","link":"https:\/\/elterritorialweb.com.ar\/web\/el-gobernador-zamora-recibio-a-alumnos-de-los-departamentos-jimenez-y-san-martin\/","title":{"rendered":"ZAMORA RECIBI\u00d3 A ESTUDIANTES DE LOS DEPARTAMENTOS JIM\u00c9NEZ Y SAN MART\u00cdN"},"content":{"rendered":"\n<p>La visita se efectu\u00f3 en el marco del programa \u201cConociendo mi Provincia\u201d que permite a chicos del interior que cursan el \u00faltimo a\u00f1o del secundario realizar este viaje con el prop\u00f3sito de conocer los lugares m\u00e1s emblem\u00e1ticos y tur\u00edsticos de Villa La Punta, Las Termas de R\u00edo Hondo y Capital.<br>Los estudiantes estuvieron acompa\u00f1ados por sus docentes y expresaron su agradecimiento por esta oportunidad y por \u201cpermitir que la educaci\u00f3n siga adelante en base a su pol\u00edticas y esfuerzo para el cumplimiento de palabra\u201d.<br>En este marco, el gobernador les dio la bienvenida y resalt\u00f3 el compromiso y la vocaci\u00f3n de los docentes para complementarse en cada \u00e1rea y contribuir con la formaci\u00f3n para el futuro de cada ni\u00f1o y joven del interior.<br>\u201cSon quienes escribir\u00e1n y formar\u00e1n parte de la historia en los pr\u00f3ximos a\u00f1os\u201d, dijo Zamora, qui\u00e9n destac\u00f3 la importancia de este tipo de programas que se complementan con las inversiones en infraestructura educativa, conectividad e innovaciones tecnol\u00f3gicas para ofrecer mayores oportunidades de desarrollo que contribuyan al crecimiento personal y de toda la provincia.<\/p>\n","protected":false},"excerpt":{"rendered":"<p>El gobernador Gerardo Zamora recibi\u00f3 este jueves al mediod\u00eda en el Sal\u00f3n de Acuerdos de Casa de Gobierno a delegaciones de alumnos del Colegio Agrot\u00e9cnico N\u00b0 1 \u201cJos\u00e9 Manuel Estrada\u201d de Pozo Hondo (Dpto. Jim\u00e9nez); del Secundario Brea Pozo (Dpto. San Mart\u00edn) y del Agrupamiento N\u00b0 86.133 de Estaci\u00f3n Robles (San Mart\u00edn).<\/p>\n","protected":false},"author":2,"featured_media":57909,"comment_status":"open","ping_status":"open","sticky":false,"template":"","format":"standard","meta":{"om_disable_all_campaigns":false,"_monsterinsights_skip_tracking":false,"_monsterinsights_sitenote_active":false,"_monsterinsights_sitenote_note":"","_monsterinsights_sitenote_category":0,"_uf_show_specific_survey":0,"_uf_disable_surveys":false,"jetpack_post_was_ever_published":false,"_jetpack_newsletter_access":"","_jetpack_dont_email_post_to_subs":false,"_jetpack_newsletter_tier_id":0,"_jetpack_memberships_contains_paywalled_content":false,"_jetpack_memberships_contains_paid_content":false,"footnotes":"","jetpack_publicize_message":"","jetpack_publicize_feature_enabled":true,"jetpack_social_post_already_shared":false,"jetpack_social_options":{"image_generator_settings":{"template":"highway","default_image_id":0,"font":"","enabled":false},"version":2}},"categories":[21],"tags":[59,49,201],"class_list":["post-57908","post","type-post","status-publish","format-standard","has-post-thumbnail","hentry","category-locales","tag-gerardo-zamora","tag-gobierno-de-santiago-del-estero","tag-programa-conociendo-mi-provincia"],"aioseo_notices":[],"views":10,"jetpack_publicize_connections":[],"jetpack_featured_media_url":"https:\/\/i0.wp.com\/elterritorialweb.com.ar\/web\/wp-content\/uploads\/2023\/09\/WhatsApp-Image-2023-09-07-at-14.33.05.jpeg?fit=1600%2C992&ssl=1","jetpack_sharing_enabled":true,"_links":{"self":[{"href":"https:\/\/elterritorialweb.com.ar\/web\/wp-json\/wp\/v2\/posts\/57908","targetHints":{"allow":["GET"]}}],"collection":[{"href":"https:\/\/elterritorialweb.com.ar\/web\/wp-json\/wp\/v2\/posts"}],"about":[{"href":"https:\/\/elterritorialweb.com.ar\/web\/wp-json\/wp\/v2\/types\/post"}],"author":[{"embeddable":true,"href":"https:\/\/elterritorialweb.com.ar\/web\/wp-json\/wp\/v2\/users\/2"}],"replies":[{"embeddable":true,"href":"https:\/\/elterritorialweb.com.ar\/web\/wp-json\/wp\/v2\/comments?post=57908"}],"version-history":[{"count":2,"href":"https:\/\/elterritorialweb.com.ar\/web\/wp-json\/wp\/v2\/posts\/57908\/revisions"}],"predecessor-version":[{"id":57911,"href":"https:\/\/elterritorialweb.com.ar\/web\/wp-json\/wp\/v2\/posts\/57908\/revisions\/57911"}],"wp:featuredmedia":[{"embeddable":true,"href":"https:\/\/elterritorialweb.com.ar\/web\/wp-json\/wp\/v2\/media\/57909"}],"wp:attachment":[{"href":"https:\/\/elterritorialweb.com.ar\/web\/wp-json\/wp\/v2\/media?parent=57908"}],"wp:term":[{"taxonomy":"category","embeddable":true,"href":"https:\/\/elterritorialweb.com.ar\/web\/wp-json\/wp\/v2\/categories?post=57908"},{"taxonomy":"post_tag","embeddable":true,"href":"https:\/\/elterritorialweb.com.ar\/web\/wp-json\/wp\/v2\/tags?post=57908"}],"curies":[{"name":"wp","href":"https:\/\/api.w.org\/{rel}","templated":true}]}}