{"id":57930,"date":"2023-09-08T04:32:25","date_gmt":"2023-09-08T04:32:25","guid":{"rendered":"http:\/\/elterritorialweb.com.ar\/web\/?p=57930"},"modified":"2023-09-08T04:32:29","modified_gmt":"2023-09-08T04:32:29","slug":"lionel-messi-este-grupo-no-se-va-a-relajar","status":"publish","type":"post","link":"https:\/\/elterritorialweb.com.ar\/web\/lionel-messi-este-grupo-no-se-va-a-relajar\/","title":{"rendered":"LIONEL MESSI: \u00abESTE GRUPO NO SE VA A RELAJAR\u00bb"},"content":{"rendered":"\n<p>El capit\u00e1n de la Selecci\u00f3n argentina,\u00a0<strong>Lionel Messi<\/strong>, expres\u00f3\u00a0luego de la victoria 1 a 0 ante Ecuador\u00a0que \u00ab<strong>tenemos que subir la exigencia<\/strong>\u00bb con el objetivo puesto en el pr\u00f3ximo mundial y poder defender el t\u00edtulo de campeones.<\/p>\n\n\n\n<p>\u00ab<strong>Creo que qued\u00f3 demostrado en los partidos amistosos que jugamos y hoy sobre todo que este grupo no se va a relajar. Este grupo nunca tendr\u00e1 suficiente y quiere m\u00e1s<\/strong>\u00ab, explic\u00f3 la figura de Inter de Miami.<\/p>\n\n\n\n<p>Adem\u00e1s, asegur\u00f3 que el camino para la Selecci\u00f3n es el que ya se est\u00e1 transitando: \u00abTenemos que estar como estamos ahora, con la cabeza sobre los pies\u00bb.<\/p>\n\n\n\n<p>El autor del \u00fanico gol del encuentro agreg\u00f3 que, respecto al nivel de juego del equipo dirigido por&nbsp;<strong>Lionel Scaloni<\/strong>, \u00abtenemos que subir un poco sobre lo que venimos haciendo\u00bb.<\/p>\n\n\n\n<p>\u201cSal\u00ed porque estaba un poco cansado.\u00a0<strong>Seguramente no sea la \u00faltima vez que empiece a salir en los partidos<\/strong>\u201d, explic\u00f3 sobre su salida del campo de juego antes del final del encuentro, cuando fue reemplazado por\u00a0<strong>Exequiel Palacios<\/strong>.<\/p>\n\n\n\n<p><\/p>\n","protected":false},"excerpt":{"rendered":"<p>El rosarino habl\u00f3 con la prensa una vez terminado el primer encuentro por las Eliminatorias para el Mundial 2026. <\/p>\n","protected":false},"author":2,"featured_media":57931,"comment_status":"open","ping_status":"open","sticky":false,"template":"","format":"standard","meta":{"om_disable_all_campaigns":false,"_monsterinsights_skip_tracking":false,"_monsterinsights_sitenote_active":false,"_monsterinsights_sitenote_note":"","_monsterinsights_sitenote_category":0,"_uf_show_specific_survey":0,"_uf_disable_surveys":false,"jetpack_post_was_ever_published":false,"_jetpack_newsletter_access":"","_jetpack_dont_email_post_to_subs":false,"_jetpack_newsletter_tier_id":0,"_jetpack_memberships_contains_paywalled_content":false,"_jetpack_memberships_contains_paid_content":false,"footnotes":"","jetpack_publicize_message":"","jetpack_publicize_feature_enabled":true,"jetpack_social_post_already_shared":false,"jetpack_social_options":{"image_generator_settings":{"template":"highway","default_image_id":0,"font":"","enabled":false},"version":2}},"categories":[6,4],"tags":[90,55],"class_list":["post-57930","post","type-post","status-publish","format-standard","has-post-thumbnail","hentry","category-deportes","category-destacadas","tag-lionel-messi","tag-seleccion-argentina-de-futbol"],"aioseo_notices":[],"views":15,"jetpack_publicize_connections":[],"jetpack_featured_media_url":"https:\/\/i0.wp.com\/elterritorialweb.com.ar\/web\/wp-content\/uploads\/2023\/09\/MESSI-HABLO.webp?fit=416%2C234&ssl=1","jetpack_sharing_enabled":true,"_links":{"self":[{"href":"https:\/\/elterritorialweb.com.ar\/web\/wp-json\/wp\/v2\/posts\/57930","targetHints":{"allow":["GET"]}}],"collection":[{"href":"https:\/\/elterritorialweb.com.ar\/web\/wp-json\/wp\/v2\/posts"}],"about":[{"href":"https:\/\/elterritorialweb.com.ar\/web\/wp-json\/wp\/v2\/types\/post"}],"author":[{"embeddable":true,"href":"https:\/\/elterritorialweb.com.ar\/web\/wp-json\/wp\/v2\/users\/2"}],"replies":[{"embeddable":true,"href":"https:\/\/elterritorialweb.com.ar\/web\/wp-json\/wp\/v2\/comments?post=57930"}],"version-history":[{"count":1,"href":"https:\/\/elterritorialweb.com.ar\/web\/wp-json\/wp\/v2\/posts\/57930\/revisions"}],"predecessor-version":[{"id":57932,"href":"https:\/\/elterritorialweb.com.ar\/web\/wp-json\/wp\/v2\/posts\/57930\/revisions\/57932"}],"wp:featuredmedia":[{"embeddable":true,"href":"https:\/\/elterritorialweb.com.ar\/web\/wp-json\/wp\/v2\/media\/57931"}],"wp:attachment":[{"href":"https:\/\/elterritorialweb.com.ar\/web\/wp-json\/wp\/v2\/media?parent=57930"}],"wp:term":[{"taxonomy":"category","embeddable":true,"href":"https:\/\/elterritorialweb.com.ar\/web\/wp-json\/wp\/v2\/categories?post=57930"},{"taxonomy":"post_tag","embeddable":true,"href":"https:\/\/elterritorialweb.com.ar\/web\/wp-json\/wp\/v2\/tags?post=57930"}],"curies":[{"name":"wp","href":"https:\/\/api.w.org\/{rel}","templated":true}]}}