{"id":57933,"date":"2023-09-08T04:40:32","date_gmt":"2023-09-08T04:40:32","guid":{"rendered":"http:\/\/elterritorialweb.com.ar\/web\/?p=57933"},"modified":"2023-09-08T04:40:35","modified_gmt":"2023-09-08T04:40:35","slug":"la-municipalidad-convoca-a-cubrir-cargos-docentes-en-sus-jardines-de-infantes","status":"publish","type":"post","link":"https:\/\/elterritorialweb.com.ar\/web\/la-municipalidad-convoca-a-cubrir-cargos-docentes-en-sus-jardines-de-infantes\/","title":{"rendered":"LA MUNICIPALIDAD CONVOCA A CUBRIR CARGOS DOCENTES EN SUS JARDINES DE INFANTES"},"content":{"rendered":"\n<p>Los cargos son maestra de secci\u00f3n suplente para el Jard\u00edn de Infantes N\u00b06 \u00abPulgarcito\u00bb (un cargo &#8211; turno tarde), maestra de secci\u00f3n suplente para el Jard\u00edn de Infantes N\u00b015 \u00abMar\u00eda Isabel Rodr\u00edguez de P\u00e1ez\u00bb (un cargo &#8211; turno ma\u00f1ana) y maestra de m\u00fasica suplente para el Jard\u00edn Municipal N\u00b0 16 \u00abTrapito\u00bb (un cargo &#8211; turno ma\u00f1ana y tarde).<\/p>\n\n\n\n<p>El acto de opci\u00f3n de cargos se llevar\u00e1 a cabo el pr\u00f3ximo mi\u00e9rcoles 13 a las 17:30 horas en el Centro Cultural \u201cRicardo Rojas\u201d, sito en Libertad y Pringles. Las docentes interesadas, en el momento de la opci\u00f3n, deber\u00e1n presentar declaraci\u00f3n jurada de cargos, la que debe ser retirada en las oficinas de Supervisi\u00f3n General ubicadas en C\u00f3rdoba 254.<\/p>\n","protected":false},"excerpt":{"rendered":"<p>La Subsecretar\u00eda de Educaci\u00f3n y Desarrollo Comunitario de la Municipalidad de la Capital convoc\u00f3 a cubrir cargos en los jardines de infantes de acuerdo a los Listados de Orden de M\u00e9rito vigentes, del llamado ordinario.<\/p>\n","protected":false},"author":2,"featured_media":57934,"comment_status":"open","ping_status":"open","sticky":false,"template":"","format":"standard","meta":{"om_disable_all_campaigns":false,"_monsterinsights_skip_tracking":false,"_monsterinsights_sitenote_active":false,"_monsterinsights_sitenote_note":"","_monsterinsights_sitenote_category":0,"_uf_show_specific_survey":0,"_uf_disable_surveys":false,"jetpack_post_was_ever_published":false,"_jetpack_newsletter_access":"","_jetpack_dont_email_post_to_subs":false,"_jetpack_newsletter_tier_id":0,"_jetpack_memberships_contains_paywalled_content":false,"_jetpack_memberships_contains_paid_content":false,"footnotes":"","jetpack_publicize_message":"","jetpack_publicize_feature_enabled":true,"jetpack_social_post_already_shared":false,"jetpack_social_options":{"image_generator_settings":{"template":"highway","default_image_id":0,"font":"","enabled":false},"version":2}},"categories":[19],"tags":[313,73],"class_list":["post-57933","post","type-post","status-publish","format-standard","has-post-thumbnail","hentry","category-educacion","tag-jardines-de-infantes-municipales","tag-municipalidad-de-la-capital"],"aioseo_notices":[],"views":18,"jetpack_publicize_connections":[],"jetpack_featured_media_url":"https:\/\/i0.wp.com\/elterritorialweb.com.ar\/web\/wp-content\/uploads\/2023\/09\/jardines-de-infantes-1.jpg?fit=1280%2C853&ssl=1","jetpack_sharing_enabled":true,"_links":{"self":[{"href":"https:\/\/elterritorialweb.com.ar\/web\/wp-json\/wp\/v2\/posts\/57933","targetHints":{"allow":["GET"]}}],"collection":[{"href":"https:\/\/elterritorialweb.com.ar\/web\/wp-json\/wp\/v2\/posts"}],"about":[{"href":"https:\/\/elterritorialweb.com.ar\/web\/wp-json\/wp\/v2\/types\/post"}],"author":[{"embeddable":true,"href":"https:\/\/elterritorialweb.com.ar\/web\/wp-json\/wp\/v2\/users\/2"}],"replies":[{"embeddable":true,"href":"https:\/\/elterritorialweb.com.ar\/web\/wp-json\/wp\/v2\/comments?post=57933"}],"version-history":[{"count":1,"href":"https:\/\/elterritorialweb.com.ar\/web\/wp-json\/wp\/v2\/posts\/57933\/revisions"}],"predecessor-version":[{"id":57935,"href":"https:\/\/elterritorialweb.com.ar\/web\/wp-json\/wp\/v2\/posts\/57933\/revisions\/57935"}],"wp:featuredmedia":[{"embeddable":true,"href":"https:\/\/elterritorialweb.com.ar\/web\/wp-json\/wp\/v2\/media\/57934"}],"wp:attachment":[{"href":"https:\/\/elterritorialweb.com.ar\/web\/wp-json\/wp\/v2\/media?parent=57933"}],"wp:term":[{"taxonomy":"category","embeddable":true,"href":"https:\/\/elterritorialweb.com.ar\/web\/wp-json\/wp\/v2\/categories?post=57933"},{"taxonomy":"post_tag","embeddable":true,"href":"https:\/\/elterritorialweb.com.ar\/web\/wp-json\/wp\/v2\/tags?post=57933"}],"curies":[{"name":"wp","href":"https:\/\/api.w.org\/{rel}","templated":true}]}}