{"id":57936,"date":"2023-09-08T04:52:07","date_gmt":"2023-09-08T04:52:07","guid":{"rendered":"http:\/\/elterritorialweb.com.ar\/web\/?p=57936"},"modified":"2023-09-08T04:52:11","modified_gmt":"2023-09-08T04:52:11","slug":"nedian-recibio-a-vecinos-para-la-creacion-y-renovacion-de-juntas-vecinales","status":"publish","type":"post","link":"https:\/\/elterritorialweb.com.ar\/web\/nedian-recibio-a-vecinos-para-la-creacion-y-renovacion-de-juntas-vecinales\/","title":{"rendered":"NEDIAN RECIBI\u00d3 A VECINOS PARA LA CREACI\u00d3N Y RENOVACI\u00d3N DE JUNTAS VECINALES"},"content":{"rendered":"\n<p>En la oportunidad, el jefe comunal se reuni\u00f3 con miembros de las Juntas Vecinales de varios barrios Besares, Ampliaci\u00f3n Parque Industrial, Los Lagos, Central Argentino, El Tuscal, 1\u00b0 de Mayo, Vivero \u2013 El Rinc\u00f3n, Parque, San Mart\u00edn y Mama Antula, manteniendo un di\u00e1logo ameno con los vecinos, quienes expresaron diversas problem\u00e1ticas, proyectos a futuro y dem\u00e1s temas que necesitan del apoyo y compromiso mancomunado.<br>El Intendente Nediani destac\u00f3 la importancia del trabajo conjunto y la colaboraci\u00f3n entre el municipio y los vecinos para abordar y resolver diversas necesidades y problemas en la comunidad. Asimismo, destac\u00f3 la importancia de las juntas vecinales, para poder as\u00ed acordar y gestionar las necesidades y problem\u00e1ticas barriales con la comuna, logrando respuestas y soluciones de la manera m\u00e1s r\u00e1pida y favorable y as\u00ed, generar una relaci\u00f3n de trabajo mancomunado, realizando mejoras en beneficios para los vecinos.<br>La comunicaci\u00f3n abierta y el di\u00e1logo constante entre el municipio y los ciudadanos, son esenciales para abordar los desaf\u00edos y mejorar la calidad de vida en la ciudad. La entrega de documentos relacionados con las Juntas Vecinales es un paso importante en el fortalecimiento de la participaci\u00f3n de la comunidad en la gesti\u00f3n de asuntos locales y en la promoci\u00f3n de una mayor colaboraci\u00f3n entre el municipio y los vecinos.<\/p>\n","protected":false},"excerpt":{"rendered":"<p>El intendente de la ciudad de La Banda, Roger Nediani, recibi\u00f3 a vecinos de diversos barrios en el Palacio Municipal para llevar a cabo la entrega de documentos para la creaci\u00f3n y renovaci\u00f3n de Juntas Vecinales.<\/p>\n","protected":false},"author":2,"featured_media":57937,"comment_status":"open","ping_status":"open","sticky":false,"template":"","format":"standard","meta":{"om_disable_all_campaigns":false,"_monsterinsights_skip_tracking":false,"_monsterinsights_sitenote_active":false,"_monsterinsights_sitenote_note":"","_monsterinsights_sitenote_category":0,"_uf_show_specific_survey":0,"_uf_disable_surveys":false,"jetpack_post_was_ever_published":false,"_jetpack_newsletter_access":"","_jetpack_dont_email_post_to_subs":false,"_jetpack_newsletter_tier_id":0,"_jetpack_memberships_contains_paywalled_content":false,"_jetpack_memberships_contains_paid_content":false,"footnotes":"","jetpack_publicize_message":"","jetpack_publicize_feature_enabled":true,"jetpack_social_post_already_shared":false,"jetpack_social_options":{"image_generator_settings":{"template":"highway","default_image_id":0,"font":"","enabled":false},"version":2}},"categories":[9],"tags":[71,51],"class_list":["post-57936","post","type-post","status-publish","format-standard","has-post-thumbnail","hentry","category-banda","tag-municipalidad-de-la-banda","tag-roger-nediani"],"aioseo_notices":[],"views":15,"jetpack_publicize_connections":[],"jetpack_featured_media_url":"https:\/\/i0.wp.com\/elterritorialweb.com.ar\/web\/wp-content\/uploads\/2023\/09\/WhatsApp-Image-2023-09-07-at-13.56.15.jpeg?fit=1280%2C845&ssl=1","jetpack_sharing_enabled":true,"_links":{"self":[{"href":"https:\/\/elterritorialweb.com.ar\/web\/wp-json\/wp\/v2\/posts\/57936","targetHints":{"allow":["GET"]}}],"collection":[{"href":"https:\/\/elterritorialweb.com.ar\/web\/wp-json\/wp\/v2\/posts"}],"about":[{"href":"https:\/\/elterritorialweb.com.ar\/web\/wp-json\/wp\/v2\/types\/post"}],"author":[{"embeddable":true,"href":"https:\/\/elterritorialweb.com.ar\/web\/wp-json\/wp\/v2\/users\/2"}],"replies":[{"embeddable":true,"href":"https:\/\/elterritorialweb.com.ar\/web\/wp-json\/wp\/v2\/comments?post=57936"}],"version-history":[{"count":1,"href":"https:\/\/elterritorialweb.com.ar\/web\/wp-json\/wp\/v2\/posts\/57936\/revisions"}],"predecessor-version":[{"id":57938,"href":"https:\/\/elterritorialweb.com.ar\/web\/wp-json\/wp\/v2\/posts\/57936\/revisions\/57938"}],"wp:featuredmedia":[{"embeddable":true,"href":"https:\/\/elterritorialweb.com.ar\/web\/wp-json\/wp\/v2\/media\/57937"}],"wp:attachment":[{"href":"https:\/\/elterritorialweb.com.ar\/web\/wp-json\/wp\/v2\/media?parent=57936"}],"wp:term":[{"taxonomy":"category","embeddable":true,"href":"https:\/\/elterritorialweb.com.ar\/web\/wp-json\/wp\/v2\/categories?post=57936"},{"taxonomy":"post_tag","embeddable":true,"href":"https:\/\/elterritorialweb.com.ar\/web\/wp-json\/wp\/v2\/tags?post=57936"}],"curies":[{"name":"wp","href":"https:\/\/api.w.org\/{rel}","templated":true}]}}