{"id":57956,"date":"2023-09-08T17:42:44","date_gmt":"2023-09-08T17:42:44","guid":{"rendered":"http:\/\/elterritorialweb.com.ar\/web\/?p=57956"},"modified":"2023-09-08T17:42:48","modified_gmt":"2023-09-08T17:42:48","slug":"nediani-habilito-una-nueva-obra-de-pavimentacion-en-el-barrio-bajo-de-vertiz","status":"publish","type":"post","link":"https:\/\/elterritorialweb.com.ar\/web\/nediani-habilito-una-nueva-obra-de-pavimentacion-en-el-barrio-bajo-de-vertiz\/","title":{"rendered":"NEDIANI HABILIT\u00d3 UNA NUEVA OBRA DE PAVIMENTACI\u00d3N EN EL BARRIO BAJO DE V\u00c9RTIZ"},"content":{"rendered":"\n<p>Dicha obra cuenta con una extensi\u00f3n de 500 metros lineales, que normaliza una situaci\u00f3n de inundaci\u00f3n que se daba en la intersecci\u00f3n de tres arterias importantes entre ellas el Pasaje Ricardo Rojas, calles Uriarte y Guido Spano.<br>El proyecto tambi\u00e9n incluy\u00f3 luminaria LED y cord\u00f3n cuneta, fundamental y necesario para la seguridad y la mejor transitabilidad de los vecinos.<br>El acto inaugural cont\u00f3 adem\u00e1s con la presencia del viceintendente Gabriel Santill\u00e1n, la diputada Provincial, Mariana Morales; autoridades del Ejecutivo Municipal, concejales bande\u00f1os y vecinos de la zona.<br>En la oportunidad, el intendente Roger Nediani, declar\u00f3: \u201cEstas obras mejoran la transitabilidad y la seguridad de todos los vecinos, nos permiten integrar a los barrios ya que esto es parte del barrio centro, Bajo de V\u00e9rtiz, en ese sentido se integra nuevamente todo este sector de la ciudad\u201d.<br>\u201cTambi\u00e9n inauguramos luces LED porque hemos tomado la obra p\u00fablica en un concepto integral de hacer pavimentaci\u00f3n y hacer la reconversi\u00f3n lum\u00ednica e ir colocando columnas ya que recordemos nuestra ciudad esta iluminada pero en diferentes arterias tienen todav\u00eda los postes de madera, la idea nuestra es que en donde se haga una nueva calle tambi\u00e9n se incorporen la columnas de alumbrado p\u00fablico juntamente con las luces, de manera que mejoramos la luminosidad del sector y adem\u00e1s ahorramos energ\u00eda y cuidamos el ambiente que es de fundamental importancia\u201d, finaliz\u00f3 Nediani.<br>Por su parte, una vecina perteneciente a la comunidad de la Virgen de San Nicol\u00e1s, Ema del Valle Yanuzzi, expres\u00f3: \u201cPertenezco a esta comunidad De la Virgen de San Nicol\u00e1s y estoy muy agradecida por esta gran obra que se ha hecho, la iluminaci\u00f3n y pavimentaci\u00f3n porque yo realmente amo La Banda y con esto estoy agradecida al intendente Nediani.\u201d<br>Otra vecina, Ana Fabiola G\u00f3mez se\u00f1al\u00f3: \u201cSoy vecina de aqu\u00ed hace 54 a\u00f1os le quiero agradecer por todo lo que est\u00e1 haciendo por nuestro barrio, por c\u00f3mo ha progresado. Soy docente salgo a la madrugada a trabajar y con esta iluminaci\u00f3n que ha colocado, es m\u00e1s seguro salgo m\u00e1s tranquila a trabajar y le agradezco y lo felicito por c\u00f3mo ha progresado el barrio\u201d.<\/p>\n","protected":false},"excerpt":{"rendered":"<p>El jueves a la tarde, el intendente Roger Nediani inaugur\u00f3 la obra de pavimentaci\u00f3n de la calle Borges y Pasaje Ricardo Rojas, en el marco del Plan Integral de Mejoramiento de Calles impulsado desde su gesti\u00f3n.<\/p>\n","protected":false},"author":2,"featured_media":57957,"comment_status":"open","ping_status":"open","sticky":false,"template":"","format":"standard","meta":{"om_disable_all_campaigns":false,"_monsterinsights_skip_tracking":false,"_monsterinsights_sitenote_active":false,"_monsterinsights_sitenote_note":"","_monsterinsights_sitenote_category":0,"_uf_show_specific_survey":0,"_uf_disable_surveys":false,"jetpack_post_was_ever_published":false,"_jetpack_newsletter_access":"","_jetpack_dont_email_post_to_subs":false,"_jetpack_newsletter_tier_id":0,"_jetpack_memberships_contains_paywalled_content":false,"_jetpack_memberships_contains_paid_content":false,"footnotes":"","jetpack_publicize_message":"","jetpack_publicize_feature_enabled":true,"jetpack_social_post_already_shared":false,"jetpack_social_options":{"image_generator_settings":{"template":"highway","default_image_id":0,"font":"","enabled":false},"version":2}},"categories":[9],"tags":[71,51],"class_list":["post-57956","post","type-post","status-publish","format-standard","has-post-thumbnail","hentry","category-banda","tag-municipalidad-de-la-banda","tag-roger-nediani"],"aioseo_notices":[],"views":11,"jetpack_publicize_connections":[],"jetpack_featured_media_url":"https:\/\/i0.wp.com\/elterritorialweb.com.ar\/web\/wp-content\/uploads\/2023\/09\/IMG-20230908-WA0029.jpg?fit=1600%2C720&ssl=1","jetpack_sharing_enabled":true,"_links":{"self":[{"href":"https:\/\/elterritorialweb.com.ar\/web\/wp-json\/wp\/v2\/posts\/57956","targetHints":{"allow":["GET"]}}],"collection":[{"href":"https:\/\/elterritorialweb.com.ar\/web\/wp-json\/wp\/v2\/posts"}],"about":[{"href":"https:\/\/elterritorialweb.com.ar\/web\/wp-json\/wp\/v2\/types\/post"}],"author":[{"embeddable":true,"href":"https:\/\/elterritorialweb.com.ar\/web\/wp-json\/wp\/v2\/users\/2"}],"replies":[{"embeddable":true,"href":"https:\/\/elterritorialweb.com.ar\/web\/wp-json\/wp\/v2\/comments?post=57956"}],"version-history":[{"count":1,"href":"https:\/\/elterritorialweb.com.ar\/web\/wp-json\/wp\/v2\/posts\/57956\/revisions"}],"predecessor-version":[{"id":57958,"href":"https:\/\/elterritorialweb.com.ar\/web\/wp-json\/wp\/v2\/posts\/57956\/revisions\/57958"}],"wp:featuredmedia":[{"embeddable":true,"href":"https:\/\/elterritorialweb.com.ar\/web\/wp-json\/wp\/v2\/media\/57957"}],"wp:attachment":[{"href":"https:\/\/elterritorialweb.com.ar\/web\/wp-json\/wp\/v2\/media?parent=57956"}],"wp:term":[{"taxonomy":"category","embeddable":true,"href":"https:\/\/elterritorialweb.com.ar\/web\/wp-json\/wp\/v2\/categories?post=57956"},{"taxonomy":"post_tag","embeddable":true,"href":"https:\/\/elterritorialweb.com.ar\/web\/wp-json\/wp\/v2\/tags?post=57956"}],"curies":[{"name":"wp","href":"https:\/\/api.w.org\/{rel}","templated":true}]}}