{"id":57959,"date":"2023-09-08T18:00:25","date_gmt":"2023-09-08T18:00:25","guid":{"rendered":"http:\/\/elterritorialweb.com.ar\/web\/?p=57959"},"modified":"2023-09-08T18:00:29","modified_gmt":"2023-09-08T18:00:29","slug":"salud-realizo-una-jornada-para-la-aumentar-la-deteccion-temprana-de-hipertesion-y-diabetes","status":"publish","type":"post","link":"https:\/\/elterritorialweb.com.ar\/web\/salud-realizo-una-jornada-para-la-aumentar-la-deteccion-temprana-de-hipertesion-y-diabetes\/","title":{"rendered":"SALUD REALIZ\u00d3 UNA JORNADA PARA LA AUMENTAR LA DETECCI\u00d3N TEMPRANA DE HIPERTESI\u00d3N Y DIABETES"},"content":{"rendered":"\n<p>En la Plazoleta Centenario de Loreto, los vecinos y vecinas se acercaron para recibir controles de peso, talla y presi\u00f3n arterial, adem\u00e1s de participar del taller de reanimaci\u00f3n cardiopulmonar abierto. Las actividades fueron coordinadas por los Programas Redes, Proteger, SUMAR, la Direcci\u00f3n de enfermedades cr\u00f3nicas no transmisibles y los alumnos y alumnas de la Facultad de Ciencias M\u00e9dicas de la UNSE.<\/p>\n\n\n\n<figure class=\"wp-block-image size-full\"><a href=\"https:\/\/i0.wp.com\/elterritorialweb.com.ar\/web\/wp-content\/uploads\/2023\/09\/FB_IMG_1694195351458.jpg\"><img data-recalc-dims=\"1\" decoding=\"async\" width=\"640\" height=\"360\" data-src=\"https:\/\/i0.wp.com\/elterritorialweb.com.ar\/web\/wp-content\/uploads\/2023\/09\/FB_IMG_1694195351458.jpg?resize=640%2C360\" alt=\"\" class=\"wp-image-57962 lazyload\" data-srcset=\"https:\/\/i0.wp.com\/elterritorialweb.com.ar\/web\/wp-content\/uploads\/2023\/09\/FB_IMG_1694195351458.jpg?w=720&amp;ssl=1 720w, https:\/\/i0.wp.com\/elterritorialweb.com.ar\/web\/wp-content\/uploads\/2023\/09\/FB_IMG_1694195351458.jpg?resize=300%2C169&amp;ssl=1 300w\" data-sizes=\"(max-width: 640px) 100vw, 640px\" src=\"data:image\/svg+xml;base64,PHN2ZyB3aWR0aD0iMSIgaGVpZ2h0PSIxIiB4bWxucz0iaHR0cDovL3d3dy53My5vcmcvMjAwMC9zdmciPjwvc3ZnPg==\" style=\"--smush-placeholder-width: 640px; --smush-placeholder-aspect-ratio: 640\/360;\" \/><\/a><\/figure>\n\n\n\n<p>Por otro lado, los profesionales del Ministerio de Salud brindaron una capacitaci\u00f3n al personal del Hospital Zonal sobre diagn\u00f3stico y tratamiento de la hipertensi\u00f3n y la diabetes, como as\u00ed tambi\u00e9n las l\u00edneas de cuidado del Programa Sumar. El equipo estuvo compuesto por el Dr. Mauro Ruise, Dra. Marta Curet, Lic. Mary Cossato, Marine Iba\u00f1ez, Mirta Cuellar y la Dra Luc\u00eda Abdulajad.<\/p>\n\n\n\n<figure class=\"wp-block-image size-full\"><a href=\"https:\/\/i0.wp.com\/elterritorialweb.com.ar\/web\/wp-content\/uploads\/2023\/09\/FB_IMG_1694195354281.jpg\"><img data-recalc-dims=\"1\" decoding=\"async\" width=\"640\" height=\"360\" data-src=\"https:\/\/i0.wp.com\/elterritorialweb.com.ar\/web\/wp-content\/uploads\/2023\/09\/FB_IMG_1694195354281.jpg?resize=640%2C360\" alt=\"\" class=\"wp-image-57961 lazyload\" data-srcset=\"https:\/\/i0.wp.com\/elterritorialweb.com.ar\/web\/wp-content\/uploads\/2023\/09\/FB_IMG_1694195354281.jpg?w=720&amp;ssl=1 720w, https:\/\/i0.wp.com\/elterritorialweb.com.ar\/web\/wp-content\/uploads\/2023\/09\/FB_IMG_1694195354281.jpg?resize=300%2C169&amp;ssl=1 300w\" data-sizes=\"(max-width: 640px) 100vw, 640px\" src=\"data:image\/svg+xml;base64,PHN2ZyB3aWR0aD0iMSIgaGVpZ2h0PSIxIiB4bWxucz0iaHR0cDovL3d3dy53My5vcmcvMjAwMC9zdmciPjwvc3ZnPg==\" style=\"--smush-placeholder-width: 640px; --smush-placeholder-aspect-ratio: 640\/360;\" \/><\/a><\/figure>\n\n\n\n<p>El Dr. Ruise explic\u00f3 que, en el marco de las acciones que se vienen desarrollando desde la cartera sanitaria \u201cestamos trabajando los 3 programas nacionales articulados, junto al \u00e1rea de enfermedades cr\u00f3nicas y la Facultad de Medicina para fortalecer al equipo de salud en la estandarizaci\u00f3n del diagn\u00f3stico y tratamiento de estas dos enfermedades. Tambi\u00e9n a trav\u00e9s del Programa SUMAR los efectores de salud pueden obtener recursos para generar acciones que impacten en una mejor calidad de vida de la comunidad\u201d. <\/p>\n\n\n\n<figure class=\"wp-block-image size-full\"><a href=\"https:\/\/i0.wp.com\/elterritorialweb.com.ar\/web\/wp-content\/uploads\/2023\/09\/FB_IMG_1694195356953.jpg\"><img data-recalc-dims=\"1\" decoding=\"async\" width=\"640\" height=\"360\" data-src=\"https:\/\/i0.wp.com\/elterritorialweb.com.ar\/web\/wp-content\/uploads\/2023\/09\/FB_IMG_1694195356953.jpg?resize=640%2C360\" alt=\"\" class=\"wp-image-57960 lazyload\" data-srcset=\"https:\/\/i0.wp.com\/elterritorialweb.com.ar\/web\/wp-content\/uploads\/2023\/09\/FB_IMG_1694195356953.jpg?w=720&amp;ssl=1 720w, https:\/\/i0.wp.com\/elterritorialweb.com.ar\/web\/wp-content\/uploads\/2023\/09\/FB_IMG_1694195356953.jpg?resize=300%2C169&amp;ssl=1 300w\" data-sizes=\"(max-width: 640px) 100vw, 640px\" src=\"data:image\/svg+xml;base64,PHN2ZyB3aWR0aD0iMSIgaGVpZ2h0PSIxIiB4bWxucz0iaHR0cDovL3d3dy53My5vcmcvMjAwMC9zdmciPjwvc3ZnPg==\" style=\"--smush-placeholder-width: 640px; --smush-placeholder-aspect-ratio: 640\/360;\" \/><\/a><\/figure>\n\n\n\n<p>En tanto en las acciones que se llevaron a cabo con la comunidad, el cardi\u00f3logo se\u00f1al\u00f3 que se busca \u201caumentar la detecci\u00f3n de la persona hipertensa y su control como as\u00ed tambi\u00e9n que la comunidad cuente con los conocimientos b\u00e1sicos de la reanimaci\u00f3n cardiopulmonar\u201d.<\/p>\n","protected":false},"excerpt":{"rendered":"<p>La comunidad y el equipo de salud de Loreto participaron hoy de la jornada \u00a1Conoc\u00e9 tu riesgo de diabetes y control\u00e1 tu presi\u00f3n arterial!, organizada por el Ministerio de Salud.<\/p>\n","protected":false},"author":2,"featured_media":57963,"comment_status":"open","ping_status":"open","sticky":false,"template":"","format":"standard","meta":{"om_disable_all_campaigns":false,"_monsterinsights_skip_tracking":false,"_monsterinsights_sitenote_active":false,"_monsterinsights_sitenote_note":"","_monsterinsights_sitenote_category":0,"_uf_show_specific_survey":0,"_uf_disable_surveys":false,"jetpack_post_was_ever_published":false,"_jetpack_newsletter_access":"","_jetpack_dont_email_post_to_subs":false,"_jetpack_newsletter_tier_id":0,"_jetpack_memberships_contains_paywalled_content":false,"_jetpack_memberships_contains_paid_content":false,"footnotes":"","jetpack_publicize_message":"","jetpack_publicize_feature_enabled":true,"jetpack_social_post_already_shared":false,"jetpack_social_options":{"image_generator_settings":{"template":"highway","default_image_id":0,"font":"","enabled":false},"version":2}},"categories":[4,3],"tags":[287],"class_list":["post-57959","post","type-post","status-publish","format-standard","has-post-thumbnail","hentry","category-destacadas","category-salud","tag-ministerio-de-salud-de-santiago-del-estero"],"aioseo_notices":[],"views":12,"jetpack_publicize_connections":[],"jetpack_featured_media_url":"https:\/\/i0.wp.com\/elterritorialweb.com.ar\/web\/wp-content\/uploads\/2023\/09\/FB_IMG_1694195346394.jpg?fit=720%2C405&ssl=1","jetpack_sharing_enabled":true,"_links":{"self":[{"href":"https:\/\/elterritorialweb.com.ar\/web\/wp-json\/wp\/v2\/posts\/57959","targetHints":{"allow":["GET"]}}],"collection":[{"href":"https:\/\/elterritorialweb.com.ar\/web\/wp-json\/wp\/v2\/posts"}],"about":[{"href":"https:\/\/elterritorialweb.com.ar\/web\/wp-json\/wp\/v2\/types\/post"}],"author":[{"embeddable":true,"href":"https:\/\/elterritorialweb.com.ar\/web\/wp-json\/wp\/v2\/users\/2"}],"replies":[{"embeddable":true,"href":"https:\/\/elterritorialweb.com.ar\/web\/wp-json\/wp\/v2\/comments?post=57959"}],"version-history":[{"count":1,"href":"https:\/\/elterritorialweb.com.ar\/web\/wp-json\/wp\/v2\/posts\/57959\/revisions"}],"predecessor-version":[{"id":57964,"href":"https:\/\/elterritorialweb.com.ar\/web\/wp-json\/wp\/v2\/posts\/57959\/revisions\/57964"}],"wp:featuredmedia":[{"embeddable":true,"href":"https:\/\/elterritorialweb.com.ar\/web\/wp-json\/wp\/v2\/media\/57963"}],"wp:attachment":[{"href":"https:\/\/elterritorialweb.com.ar\/web\/wp-json\/wp\/v2\/media?parent=57959"}],"wp:term":[{"taxonomy":"category","embeddable":true,"href":"https:\/\/elterritorialweb.com.ar\/web\/wp-json\/wp\/v2\/categories?post=57959"},{"taxonomy":"post_tag","embeddable":true,"href":"https:\/\/elterritorialweb.com.ar\/web\/wp-json\/wp\/v2\/tags?post=57959"}],"curies":[{"name":"wp","href":"https:\/\/api.w.org\/{rel}","templated":true}]}}