{"id":57965,"date":"2023-09-08T22:36:27","date_gmt":"2023-09-08T22:36:27","guid":{"rendered":"http:\/\/elterritorialweb.com.ar\/web\/?p=57965"},"modified":"2023-09-08T22:36:29","modified_gmt":"2023-09-08T22:36:29","slug":"gran-expectativa-en-las-termas-por-la-porsche-cup-brasil","status":"publish","type":"post","link":"https:\/\/elterritorialweb.com.ar\/web\/gran-expectativa-en-las-termas-por-la-porsche-cup-brasil\/","title":{"rendered":"GRAN EXPECTATIVA EN LAS TERMAS POR LA PORSCHE CUP BRASIL"},"content":{"rendered":"\n<p>El equipamiento de la categor\u00eda ya se encuentra desplegado en la pista, mientras se completa el armado de los diferentes sectores, con especial atenci\u00f3n a la seguridad de la pista, boxes y el paddock, tras una gran log\u00edstica.<\/p>\n\n\n\n<figure class=\"wp-block-image size-large\"><a href=\"https:\/\/i0.wp.com\/elterritorialweb.com.ar\/web\/wp-content\/uploads\/2023\/09\/WhatsApp-Image-2023-09-08-at-19.06.54-1.jpeg\"><img data-recalc-dims=\"1\" decoding=\"async\" width=\"640\" height=\"346\" data-src=\"https:\/\/i0.wp.com\/elterritorialweb.com.ar\/web\/wp-content\/uploads\/2023\/09\/WhatsApp-Image-2023-09-08-at-19.06.54-1.jpeg?resize=640%2C346\" alt=\"\" class=\"wp-image-57967 lazyload\" data-srcset=\"https:\/\/i0.wp.com\/elterritorialweb.com.ar\/web\/wp-content\/uploads\/2023\/09\/WhatsApp-Image-2023-09-08-at-19.06.54-1.jpeg?resize=1024%2C554&amp;ssl=1 1024w, https:\/\/i0.wp.com\/elterritorialweb.com.ar\/web\/wp-content\/uploads\/2023\/09\/WhatsApp-Image-2023-09-08-at-19.06.54-1.jpeg?resize=300%2C162&amp;ssl=1 300w, https:\/\/i0.wp.com\/elterritorialweb.com.ar\/web\/wp-content\/uploads\/2023\/09\/WhatsApp-Image-2023-09-08-at-19.06.54-1.jpeg?resize=768%2C416&amp;ssl=1 768w, https:\/\/i0.wp.com\/elterritorialweb.com.ar\/web\/wp-content\/uploads\/2023\/09\/WhatsApp-Image-2023-09-08-at-19.06.54-1.jpeg?w=1280&amp;ssl=1 1280w\" data-sizes=\"(max-width: 640px) 100vw, 640px\" src=\"data:image\/svg+xml;base64,PHN2ZyB3aWR0aD0iMSIgaGVpZ2h0PSIxIiB4bWxucz0iaHR0cDovL3d3dy53My5vcmcvMjAwMC9zdmciPjwvc3ZnPg==\" style=\"--smush-placeholder-width: 640px; --smush-placeholder-aspect-ratio: 640\/346;\" \/><\/a><\/figure>\n\n\n\n<p>A las 8 de la ma\u00f1ana de este s\u00e1bado comenzar\u00e1n las actividades para continuar el domingo con la carrera principal, de 300 kil\u00f3metros o un m\u00e1ximo de dos horas y media de duraci\u00f3n, donde un total de 34 binomios estar\u00e1n compitiendo. Desglosado, ser\u00e1n 24 duplas para la Cup y 10 para la Sprint.<\/p>\n","protected":false},"excerpt":{"rendered":"<p>Por segundo fin de semana consecutivo La Porsche Cup C6 se presentar\u00e1 en el Circuito Internacional de Las Termas de R\u00edo Hondo con una nueva ronda del Endurance Challenge.<\/p>\n","protected":false},"author":2,"featured_media":57966,"comment_status":"open","ping_status":"open","sticky":false,"template":"","format":"standard","meta":{"om_disable_all_campaigns":false,"_monsterinsights_skip_tracking":false,"_monsterinsights_sitenote_active":false,"_monsterinsights_sitenote_note":"","_monsterinsights_sitenote_category":0,"_uf_show_specific_survey":0,"_uf_disable_surveys":false,"jetpack_post_was_ever_published":false,"_jetpack_newsletter_access":"","_jetpack_dont_email_post_to_subs":false,"_jetpack_newsletter_tier_id":0,"_jetpack_memberships_contains_paywalled_content":false,"_jetpack_memberships_contains_paid_content":false,"footnotes":"","jetpack_publicize_message":"","jetpack_publicize_feature_enabled":true,"jetpack_social_post_already_shared":false,"jetpack_social_options":{"image_generator_settings":{"template":"highway","default_image_id":0,"font":"","enabled":false},"version":2}},"categories":[6,4],"tags":[228,651],"class_list":["post-57965","post","type-post","status-publish","format-standard","has-post-thumbnail","hentry","category-deportes","category-destacadas","tag-autodromo-internacional-termas-de-rio-hondo","tag-porsche-cup-brasil"],"aioseo_notices":[],"views":16,"jetpack_publicize_connections":[],"jetpack_featured_media_url":"https:\/\/i0.wp.com\/elterritorialweb.com.ar\/web\/wp-content\/uploads\/2023\/09\/WhatsApp-Image-2023-09-08-at-19.06.54-2.jpeg?fit=1280%2C858&ssl=1","jetpack_sharing_enabled":true,"_links":{"self":[{"href":"https:\/\/elterritorialweb.com.ar\/web\/wp-json\/wp\/v2\/posts\/57965","targetHints":{"allow":["GET"]}}],"collection":[{"href":"https:\/\/elterritorialweb.com.ar\/web\/wp-json\/wp\/v2\/posts"}],"about":[{"href":"https:\/\/elterritorialweb.com.ar\/web\/wp-json\/wp\/v2\/types\/post"}],"author":[{"embeddable":true,"href":"https:\/\/elterritorialweb.com.ar\/web\/wp-json\/wp\/v2\/users\/2"}],"replies":[{"embeddable":true,"href":"https:\/\/elterritorialweb.com.ar\/web\/wp-json\/wp\/v2\/comments?post=57965"}],"version-history":[{"count":1,"href":"https:\/\/elterritorialweb.com.ar\/web\/wp-json\/wp\/v2\/posts\/57965\/revisions"}],"predecessor-version":[{"id":57969,"href":"https:\/\/elterritorialweb.com.ar\/web\/wp-json\/wp\/v2\/posts\/57965\/revisions\/57969"}],"wp:featuredmedia":[{"embeddable":true,"href":"https:\/\/elterritorialweb.com.ar\/web\/wp-json\/wp\/v2\/media\/57966"}],"wp:attachment":[{"href":"https:\/\/elterritorialweb.com.ar\/web\/wp-json\/wp\/v2\/media?parent=57965"}],"wp:term":[{"taxonomy":"category","embeddable":true,"href":"https:\/\/elterritorialweb.com.ar\/web\/wp-json\/wp\/v2\/categories?post=57965"},{"taxonomy":"post_tag","embeddable":true,"href":"https:\/\/elterritorialweb.com.ar\/web\/wp-json\/wp\/v2\/tags?post=57965"}],"curies":[{"name":"wp","href":"https:\/\/api.w.org\/{rel}","templated":true}]}}