{"id":57970,"date":"2023-09-08T22:45:24","date_gmt":"2023-09-08T22:45:24","guid":{"rendered":"http:\/\/elterritorialweb.com.ar\/web\/?p=57970"},"modified":"2023-09-08T22:45:29","modified_gmt":"2023-09-08T22:45:29","slug":"el-barrio-central-argentino-fue-escenario-de-un-operativo-de-castraciones-de-mascotas","status":"publish","type":"post","link":"https:\/\/elterritorialweb.com.ar\/web\/el-barrio-central-argentino-fue-escenario-de-un-operativo-de-castraciones-de-mascotas\/","title":{"rendered":"EL BARRIO CENTRAL ARGENTINO FUE ESCENARIO DE UN OPERATIVO DE CASTRACIONES DE MASCOTAS"},"content":{"rendered":"\n<p>Esta actividad se desarroll\u00f3 el jueves en horas de la siesta en la Manzana 8 Lote 28 del sector mencionado donde fueron intervenidos quir\u00fargicamente 20 perros y gatos.<br>El operativo estuvo a cargo del Dr. Sebasti\u00e1n Orte que volvi\u00f3 a hacer hincapi\u00e9 en la importancia de esterilizar a las mascotas para prevenir enfermedades y controlar su reproducci\u00f3n.<br>De este modo, la comuna bande\u00f1a contin\u00faa promoviendo la tenencia responsable de animales dom\u00e9sticos y evitar la sobrepoblaci\u00f3n y el abandono de perros y gatos.<\/p>\n","protected":false},"excerpt":{"rendered":"<p>El Centro de Sanidad Animal de la Municipalidad de La Banda realiz\u00f3 un nuevo operativo de castraci\u00f3n de mascotas, esta vez en el barrio Central Argentino 200 Viviendas.<\/p>\n","protected":false},"author":2,"featured_media":57971,"comment_status":"open","ping_status":"open","sticky":false,"template":"","format":"standard","meta":{"om_disable_all_campaigns":false,"_monsterinsights_skip_tracking":false,"_monsterinsights_sitenote_active":false,"_monsterinsights_sitenote_note":"","_monsterinsights_sitenote_category":0,"_uf_show_specific_survey":0,"_uf_disable_surveys":false,"jetpack_post_was_ever_published":false,"_jetpack_newsletter_access":"","_jetpack_dont_email_post_to_subs":false,"_jetpack_newsletter_tier_id":0,"_jetpack_memberships_contains_paywalled_content":false,"_jetpack_memberships_contains_paid_content":false,"footnotes":"","jetpack_publicize_message":"","jetpack_publicize_feature_enabled":true,"jetpack_social_post_already_shared":false,"jetpack_social_options":{"image_generator_settings":{"template":"highway","default_image_id":0,"font":"","enabled":false},"version":2}},"categories":[9],"tags":[173,71],"class_list":["post-57970","post","type-post","status-publish","format-standard","has-post-thumbnail","hentry","category-banda","tag-castraciones","tag-municipalidad-de-la-banda"],"aioseo_notices":[],"views":18,"jetpack_publicize_connections":[],"jetpack_featured_media_url":"https:\/\/i0.wp.com\/elterritorialweb.com.ar\/web\/wp-content\/uploads\/2023\/09\/WhatsApp-Image-2023-09-08-at-17.17.15.jpeg?fit=1600%2C1057&ssl=1","jetpack_sharing_enabled":true,"_links":{"self":[{"href":"https:\/\/elterritorialweb.com.ar\/web\/wp-json\/wp\/v2\/posts\/57970","targetHints":{"allow":["GET"]}}],"collection":[{"href":"https:\/\/elterritorialweb.com.ar\/web\/wp-json\/wp\/v2\/posts"}],"about":[{"href":"https:\/\/elterritorialweb.com.ar\/web\/wp-json\/wp\/v2\/types\/post"}],"author":[{"embeddable":true,"href":"https:\/\/elterritorialweb.com.ar\/web\/wp-json\/wp\/v2\/users\/2"}],"replies":[{"embeddable":true,"href":"https:\/\/elterritorialweb.com.ar\/web\/wp-json\/wp\/v2\/comments?post=57970"}],"version-history":[{"count":1,"href":"https:\/\/elterritorialweb.com.ar\/web\/wp-json\/wp\/v2\/posts\/57970\/revisions"}],"predecessor-version":[{"id":57972,"href":"https:\/\/elterritorialweb.com.ar\/web\/wp-json\/wp\/v2\/posts\/57970\/revisions\/57972"}],"wp:featuredmedia":[{"embeddable":true,"href":"https:\/\/elterritorialweb.com.ar\/web\/wp-json\/wp\/v2\/media\/57971"}],"wp:attachment":[{"href":"https:\/\/elterritorialweb.com.ar\/web\/wp-json\/wp\/v2\/media?parent=57970"}],"wp:term":[{"taxonomy":"category","embeddable":true,"href":"https:\/\/elterritorialweb.com.ar\/web\/wp-json\/wp\/v2\/categories?post=57970"},{"taxonomy":"post_tag","embeddable":true,"href":"https:\/\/elterritorialweb.com.ar\/web\/wp-json\/wp\/v2\/tags?post=57970"}],"curies":[{"name":"wp","href":"https:\/\/api.w.org\/{rel}","templated":true}]}}