{"id":57978,"date":"2023-09-09T06:38:06","date_gmt":"2023-09-09T06:38:06","guid":{"rendered":"http:\/\/elterritorialweb.com.ar\/web\/?p=57978"},"modified":"2023-09-09T07:01:25","modified_gmt":"2023-09-09T07:01:25","slug":"noche-de-accion-en-el-estadio-coliseo","status":"publish","type":"post","link":"https:\/\/elterritorialweb.com.ar\/web\/noche-de-accion-en-el-estadio-coliseo\/","title":{"rendered":"NOCHE DE ACCI\u00d3N EN EL ESTADIO COLISEO"},"content":{"rendered":"\n<p>Ante un gran marco de p\u00fablico presente, este viernes, se realiz\u00f3 una nueva fecha de boxeo en el Coliseo, con nueve peleas en acci\u00f3n.<\/p>\n\n\n\n<p>En primer termino se desarrollaron las seis peleas amateurs, donde se pudieron destacar el gran nivel de los pugilistas.<\/p>\n\n\n\n<h3 class=\"wp-block-heading\">Desarrollo de los combates<\/h3>\n\n\n\n<p>En la primera pelea, subieron al ring, Alberto Artaza y Pablo Ju\u00e1rez en la categor\u00eda hasta 75 Kg, con el triunfo del segundo. <\/p>\n\n\n\n<figure class=\"wp-block-image size-large\"><a href=\"https:\/\/i0.wp.com\/elterritorialweb.com.ar\/web\/wp-content\/uploads\/2023\/09\/IMG-20230909-WA0001-scaled.jpeg\"><img data-recalc-dims=\"1\" decoding=\"async\" width=\"640\" height=\"360\" data-src=\"https:\/\/i0.wp.com\/elterritorialweb.com.ar\/web\/wp-content\/uploads\/2023\/09\/IMG-20230909-WA0001.jpeg?resize=640%2C360\" alt=\"\" class=\"wp-image-57981 lazyload\" data-srcset=\"https:\/\/i0.wp.com\/elterritorialweb.com.ar\/web\/wp-content\/uploads\/2023\/09\/IMG-20230909-WA0001-scaled.jpeg?resize=1024%2C576&amp;ssl=1 1024w, https:\/\/i0.wp.com\/elterritorialweb.com.ar\/web\/wp-content\/uploads\/2023\/09\/IMG-20230909-WA0001-scaled.jpeg?resize=300%2C169&amp;ssl=1 300w, https:\/\/i0.wp.com\/elterritorialweb.com.ar\/web\/wp-content\/uploads\/2023\/09\/IMG-20230909-WA0001-scaled.jpeg?resize=768%2C432&amp;ssl=1 768w, https:\/\/i0.wp.com\/elterritorialweb.com.ar\/web\/wp-content\/uploads\/2023\/09\/IMG-20230909-WA0001-scaled.jpeg?resize=1536%2C864&amp;ssl=1 1536w, https:\/\/i0.wp.com\/elterritorialweb.com.ar\/web\/wp-content\/uploads\/2023\/09\/IMG-20230909-WA0001-scaled.jpeg?resize=2048%2C1152&amp;ssl=1 2048w, https:\/\/i0.wp.com\/elterritorialweb.com.ar\/web\/wp-content\/uploads\/2023\/09\/IMG-20230909-WA0001-scaled.jpeg?w=1280 1280w, https:\/\/i0.wp.com\/elterritorialweb.com.ar\/web\/wp-content\/uploads\/2023\/09\/IMG-20230909-WA0001-scaled.jpeg?w=1920 1920w\" data-sizes=\"(max-width: 640px) 100vw, 640px\" src=\"data:image\/svg+xml;base64,PHN2ZyB3aWR0aD0iMSIgaGVpZ2h0PSIxIiB4bWxucz0iaHR0cDovL3d3dy53My5vcmcvMjAwMC9zdmciPjwvc3ZnPg==\" style=\"--smush-placeholder-width: 640px; --smush-placeholder-aspect-ratio: 640\/360;\" \/><\/a><\/figure>\n\n\n\n<p>Luego pasaron en la categor\u00eda hasta 52 Kg, Ezequiel Carabajal y Mart\u00edn Ariste, con el triunfo del primero en fallo un\u00e1nime de los jueces.<\/p>\n\n\n\n<p>En la tercera pelea de la noche, correspondiente a la categor\u00eda hasta 60 Kg, tuvo como ganador por nocaut a Juan Sosa sobre su rival Facundo Moreno.<\/p>\n\n\n\n<figure class=\"wp-block-image size-large\"><a href=\"https:\/\/i0.wp.com\/elterritorialweb.com.ar\/web\/wp-content\/uploads\/2023\/09\/IMG-20230908-WA0071-scaled.jpeg\"><img data-recalc-dims=\"1\" decoding=\"async\" width=\"640\" height=\"360\" data-src=\"https:\/\/i0.wp.com\/elterritorialweb.com.ar\/web\/wp-content\/uploads\/2023\/09\/IMG-20230908-WA0071.jpeg?resize=640%2C360\" alt=\"\" class=\"wp-image-57982 lazyload\" data-srcset=\"https:\/\/i0.wp.com\/elterritorialweb.com.ar\/web\/wp-content\/uploads\/2023\/09\/IMG-20230908-WA0071-scaled.jpeg?resize=1024%2C576&amp;ssl=1 1024w, https:\/\/i0.wp.com\/elterritorialweb.com.ar\/web\/wp-content\/uploads\/2023\/09\/IMG-20230908-WA0071-scaled.jpeg?resize=300%2C169&amp;ssl=1 300w, https:\/\/i0.wp.com\/elterritorialweb.com.ar\/web\/wp-content\/uploads\/2023\/09\/IMG-20230908-WA0071-scaled.jpeg?resize=768%2C432&amp;ssl=1 768w, https:\/\/i0.wp.com\/elterritorialweb.com.ar\/web\/wp-content\/uploads\/2023\/09\/IMG-20230908-WA0071-scaled.jpeg?resize=1536%2C864&amp;ssl=1 1536w, https:\/\/i0.wp.com\/elterritorialweb.com.ar\/web\/wp-content\/uploads\/2023\/09\/IMG-20230908-WA0071-scaled.jpeg?resize=2048%2C1152&amp;ssl=1 2048w, https:\/\/i0.wp.com\/elterritorialweb.com.ar\/web\/wp-content\/uploads\/2023\/09\/IMG-20230908-WA0071-scaled.jpeg?w=1280 1280w, https:\/\/i0.wp.com\/elterritorialweb.com.ar\/web\/wp-content\/uploads\/2023\/09\/IMG-20230908-WA0071-scaled.jpeg?w=1920 1920w\" data-sizes=\"(max-width: 640px) 100vw, 640px\" src=\"data:image\/svg+xml;base64,PHN2ZyB3aWR0aD0iMSIgaGVpZ2h0PSIxIiB4bWxucz0iaHR0cDovL3d3dy53My5vcmcvMjAwMC9zdmciPjwvc3ZnPg==\" style=\"--smush-placeholder-width: 640px; --smush-placeholder-aspect-ratio: 640\/360;\" \/><\/a><\/figure>\n\n\n\n<p>En el cuarto combate tuvo como ganador a Emanuel \u00abEl Principito\u00bb Galeano por fallo un\u00e1nime sobre Cristian Arga\u00f1araz, en la categor\u00eda hasta 60 Kg.<\/p>\n\n\n\n<p>Luego contin\u00fao con dos peleas m\u00e1s, donde tuvo como ganadores a Emanuel \u00abEl Picante\u00bb \u00c1vila y Pedro Abascal, correspondiente a la quinta y sexta pelea, ambas en categor\u00eda hasta 60 Kg <\/p>\n\n\n\n<figure class=\"wp-block-image size-large\"><a href=\"https:\/\/i0.wp.com\/elterritorialweb.com.ar\/web\/wp-content\/uploads\/2023\/09\/IMG-20230908-WA0065-scaled.jpeg\"><img data-recalc-dims=\"1\" decoding=\"async\" width=\"640\" height=\"360\" data-src=\"https:\/\/i0.wp.com\/elterritorialweb.com.ar\/web\/wp-content\/uploads\/2023\/09\/IMG-20230908-WA0065.jpeg?resize=640%2C360\" alt=\"\" class=\"wp-image-57983 lazyload\" data-srcset=\"https:\/\/i0.wp.com\/elterritorialweb.com.ar\/web\/wp-content\/uploads\/2023\/09\/IMG-20230908-WA0065-scaled.jpeg?resize=1024%2C576&amp;ssl=1 1024w, https:\/\/i0.wp.com\/elterritorialweb.com.ar\/web\/wp-content\/uploads\/2023\/09\/IMG-20230908-WA0065-scaled.jpeg?resize=300%2C169&amp;ssl=1 300w, https:\/\/i0.wp.com\/elterritorialweb.com.ar\/web\/wp-content\/uploads\/2023\/09\/IMG-20230908-WA0065-scaled.jpeg?resize=768%2C432&amp;ssl=1 768w, https:\/\/i0.wp.com\/elterritorialweb.com.ar\/web\/wp-content\/uploads\/2023\/09\/IMG-20230908-WA0065-scaled.jpeg?resize=1536%2C864&amp;ssl=1 1536w, https:\/\/i0.wp.com\/elterritorialweb.com.ar\/web\/wp-content\/uploads\/2023\/09\/IMG-20230908-WA0065-scaled.jpeg?resize=2048%2C1152&amp;ssl=1 2048w, https:\/\/i0.wp.com\/elterritorialweb.com.ar\/web\/wp-content\/uploads\/2023\/09\/IMG-20230908-WA0065-scaled.jpeg?w=1280 1280w, https:\/\/i0.wp.com\/elterritorialweb.com.ar\/web\/wp-content\/uploads\/2023\/09\/IMG-20230908-WA0065-scaled.jpeg?w=1920 1920w\" data-sizes=\"(max-width: 640px) 100vw, 640px\" src=\"data:image\/svg+xml;base64,PHN2ZyB3aWR0aD0iMSIgaGVpZ2h0PSIxIiB4bWxucz0iaHR0cDovL3d3dy53My5vcmcvMjAwMC9zdmciPjwvc3ZnPg==\" style=\"--smush-placeholder-width: 640px; --smush-placeholder-aspect-ratio: 640\/360;\" \/><\/a><\/figure>\n\n\n\n<p>Cabe destacar que la \u00faltima pelea amateur, que tuvo como ganador a Pedro Abascal en fallo dividido por puntos, fue clasificatoria para el campeonato regional de Boxeo.<\/p>\n\n\n\n<p>En las peleas profesionales, en primer t\u00e9rmino, se presentaron en el cuadril\u00e1tero, Luis Santillan de Fr\u00edas y Nicol\u00e1s \u00abMojarrita\u00bb Albarenga, en una pelea muy pareja, donde los jueces fallaron con un empate.<\/p>\n\n\n\n<figure class=\"wp-block-image size-large\"><a href=\"https:\/\/i0.wp.com\/elterritorialweb.com.ar\/web\/wp-content\/uploads\/2023\/09\/IMG-20230909-WA0011-scaled.jpeg\"><img data-recalc-dims=\"1\" decoding=\"async\" width=\"640\" height=\"360\" data-src=\"https:\/\/i0.wp.com\/elterritorialweb.com.ar\/web\/wp-content\/uploads\/2023\/09\/IMG-20230909-WA0011.jpeg?resize=640%2C360\" alt=\"\" class=\"wp-image-57984 lazyload\" data-srcset=\"https:\/\/i0.wp.com\/elterritorialweb.com.ar\/web\/wp-content\/uploads\/2023\/09\/IMG-20230909-WA0011-scaled.jpeg?resize=1024%2C576&amp;ssl=1 1024w, https:\/\/i0.wp.com\/elterritorialweb.com.ar\/web\/wp-content\/uploads\/2023\/09\/IMG-20230909-WA0011-scaled.jpeg?resize=300%2C169&amp;ssl=1 300w, https:\/\/i0.wp.com\/elterritorialweb.com.ar\/web\/wp-content\/uploads\/2023\/09\/IMG-20230909-WA0011-scaled.jpeg?resize=768%2C432&amp;ssl=1 768w, https:\/\/i0.wp.com\/elterritorialweb.com.ar\/web\/wp-content\/uploads\/2023\/09\/IMG-20230909-WA0011-scaled.jpeg?resize=1536%2C864&amp;ssl=1 1536w, https:\/\/i0.wp.com\/elterritorialweb.com.ar\/web\/wp-content\/uploads\/2023\/09\/IMG-20230909-WA0011-scaled.jpeg?resize=2048%2C1152&amp;ssl=1 2048w, https:\/\/i0.wp.com\/elterritorialweb.com.ar\/web\/wp-content\/uploads\/2023\/09\/IMG-20230909-WA0011-scaled.jpeg?w=1280 1280w, https:\/\/i0.wp.com\/elterritorialweb.com.ar\/web\/wp-content\/uploads\/2023\/09\/IMG-20230909-WA0011-scaled.jpeg?w=1920 1920w\" data-sizes=\"(max-width: 640px) 100vw, 640px\" src=\"data:image\/svg+xml;base64,PHN2ZyB3aWR0aD0iMSIgaGVpZ2h0PSIxIiB4bWxucz0iaHR0cDovL3d3dy53My5vcmcvMjAwMC9zdmciPjwvc3ZnPg==\" style=\"--smush-placeholder-width: 640px; --smush-placeholder-aspect-ratio: 640\/360;\" \/><\/a><\/figure>\n\n\n\n<p>En la Segunda pelea profesional se midieron Iv\u00e1n \u00abEl Terrible\u00bb Cisneros y el cordob\u00e9s Mariano \u00abEl \u00c1ngel\u00bb Gudi\u00f1o, con triunfo de este \u00faltimo por fallo   un\u00e1nime de los jueces.<\/p>\n\n\n\n<p>En la \u00faltima pelea de la noche, pactada a seis round, la disputaron el santiague\u00f1o Daniel \u00abLa Cobrita\u00bb Rosales y Maximiliano \u00abTenaza\u00bb Su\u00e1rez de la ciudad de C\u00f3rdoba, con triunfo de Rosales por fallo un\u00e1nime. <\/p>\n","protected":false},"excerpt":{"rendered":"<p>Con seis peleas amateur y tres profesionales, se realiz\u00f3 una nueva velada box\u00edstica en el Estadio Coliseo de la ciudad de La Banda <\/p>\n","protected":false},"author":2,"featured_media":57979,"comment_status":"open","ping_status":"open","sticky":false,"template":"","format":"standard","meta":{"om_disable_all_campaigns":false,"_monsterinsights_skip_tracking":false,"_monsterinsights_sitenote_active":false,"_monsterinsights_sitenote_note":"","_monsterinsights_sitenote_category":0,"_uf_show_specific_survey":0,"_uf_disable_surveys":false,"jetpack_post_was_ever_published":false,"_jetpack_newsletter_access":"","_jetpack_dont_email_post_to_subs":false,"_jetpack_newsletter_tier_id":0,"_jetpack_memberships_contains_paywalled_content":false,"_jetpack_memberships_contains_paid_content":false,"footnotes":"","jetpack_publicize_message":"","jetpack_publicize_feature_enabled":true,"jetpack_social_post_already_shared":false,"jetpack_social_options":{"image_generator_settings":{"template":"highway","default_image_id":0,"font":"","enabled":false},"version":2}},"categories":[6,4],"tags":[225],"class_list":["post-57978","post","type-post","status-publish","format-standard","has-post-thumbnail","hentry","category-deportes","category-destacadas","tag-estadio-el-coliseo"],"aioseo_notices":[],"views":53,"jetpack_publicize_connections":[],"jetpack_featured_media_url":"https:\/\/i0.wp.com\/elterritorialweb.com.ar\/web\/wp-content\/uploads\/2023\/09\/IMG-20230909-WA0009-scaled.jpeg?fit=2560%2C1440&ssl=1","jetpack_sharing_enabled":true,"_links":{"self":[{"href":"https:\/\/elterritorialweb.com.ar\/web\/wp-json\/wp\/v2\/posts\/57978","targetHints":{"allow":["GET"]}}],"collection":[{"href":"https:\/\/elterritorialweb.com.ar\/web\/wp-json\/wp\/v2\/posts"}],"about":[{"href":"https:\/\/elterritorialweb.com.ar\/web\/wp-json\/wp\/v2\/types\/post"}],"author":[{"embeddable":true,"href":"https:\/\/elterritorialweb.com.ar\/web\/wp-json\/wp\/v2\/users\/2"}],"replies":[{"embeddable":true,"href":"https:\/\/elterritorialweb.com.ar\/web\/wp-json\/wp\/v2\/comments?post=57978"}],"version-history":[{"count":2,"href":"https:\/\/elterritorialweb.com.ar\/web\/wp-json\/wp\/v2\/posts\/57978\/revisions"}],"predecessor-version":[{"id":57988,"href":"https:\/\/elterritorialweb.com.ar\/web\/wp-json\/wp\/v2\/posts\/57978\/revisions\/57988"}],"wp:featuredmedia":[{"embeddable":true,"href":"https:\/\/elterritorialweb.com.ar\/web\/wp-json\/wp\/v2\/media\/57979"}],"wp:attachment":[{"href":"https:\/\/elterritorialweb.com.ar\/web\/wp-json\/wp\/v2\/media?parent=57978"}],"wp:term":[{"taxonomy":"category","embeddable":true,"href":"https:\/\/elterritorialweb.com.ar\/web\/wp-json\/wp\/v2\/categories?post=57978"},{"taxonomy":"post_tag","embeddable":true,"href":"https:\/\/elterritorialweb.com.ar\/web\/wp-json\/wp\/v2\/tags?post=57978"}],"curies":[{"name":"wp","href":"https:\/\/api.w.org\/{rel}","templated":true}]}}