{"id":57989,"date":"2023-09-09T18:19:04","date_gmt":"2023-09-09T18:19:04","guid":{"rendered":"http:\/\/elterritorialweb.com.ar\/web\/?p=57989"},"modified":"2023-09-09T18:19:07","modified_gmt":"2023-09-09T18:19:07","slug":"la-capital-continua-con-su-programa-de-mantenimiento-de-la-red-vial","status":"publish","type":"post","link":"https:\/\/elterritorialweb.com.ar\/web\/la-capital-continua-con-su-programa-de-mantenimiento-de-la-red-vial\/","title":{"rendered":"LA CAPITAL CONTIN\u00daA CON SU PROGRAMA DE MANTENIMIENTO DE LA RED VIAL"},"content":{"rendered":"\n<p>El mantenimiento de la red vial urbana por parte de la Direcci\u00f3n de Obras P\u00fablicas de la Municipalidad de la Capital contin\u00faa con tareas de bacheo en un tramo de la calle 2 de Septiembre y la avenida del Trabajo en el barrio Ej\u00e9rcito Argentino y en la calle Virgen del Carmen casi Islas Malvinas, del barrio Mosconi, donde se hab\u00edan producido hundimientos.<\/p>\n\n\n\n<p>En esta oportunidad, se procedi\u00f3 a la demolici\u00f3n de todas las \u00e1reas da\u00f1adas con hundimientos, el retiro de escombros, la preparaci\u00f3n de la subrasante y el posterior llenado con hormig\u00f3n. De esta manera, se restituy\u00f3 el nivel que permite la normal circulaci\u00f3n de los veh\u00edculos y el adecuado escurrimiento de las aguas de lluvia.<\/p>\n","protected":false},"excerpt":{"rendered":"<p>Los trabajos buscan mejorar la seguridad para el tr\u00e1nsito vehicular, sobre todo teniendo en cuenta que se trata de v\u00edas circulaci\u00f3n importantes para esos sectores de la ciudad.<\/p>\n","protected":false},"author":2,"featured_media":57990,"comment_status":"open","ping_status":"open","sticky":false,"template":"","format":"standard","meta":{"om_disable_all_campaigns":false,"_monsterinsights_skip_tracking":false,"_monsterinsights_sitenote_active":false,"_monsterinsights_sitenote_note":"","_monsterinsights_sitenote_category":0,"_uf_show_specific_survey":0,"_uf_disable_surveys":false,"jetpack_post_was_ever_published":false,"_jetpack_newsletter_access":"","_jetpack_dont_email_post_to_subs":false,"_jetpack_newsletter_tier_id":0,"_jetpack_memberships_contains_paywalled_content":false,"_jetpack_memberships_contains_paid_content":false,"footnotes":"","jetpack_publicize_message":"","jetpack_publicize_feature_enabled":true,"jetpack_social_post_already_shared":false,"jetpack_social_options":{"image_generator_settings":{"template":"highway","default_image_id":0,"font":"","enabled":false},"version":2}},"categories":[21],"tags":[73],"class_list":["post-57989","post","type-post","status-publish","format-standard","has-post-thumbnail","hentry","category-locales","tag-municipalidad-de-la-capital"],"aioseo_notices":[],"views":12,"jetpack_publicize_connections":[],"jetpack_featured_media_url":"https:\/\/i0.wp.com\/elterritorialweb.com.ar\/web\/wp-content\/uploads\/2023\/09\/vial-calles.jpeg?fit=1600%2C1066&ssl=1","jetpack_sharing_enabled":true,"_links":{"self":[{"href":"https:\/\/elterritorialweb.com.ar\/web\/wp-json\/wp\/v2\/posts\/57989","targetHints":{"allow":["GET"]}}],"collection":[{"href":"https:\/\/elterritorialweb.com.ar\/web\/wp-json\/wp\/v2\/posts"}],"about":[{"href":"https:\/\/elterritorialweb.com.ar\/web\/wp-json\/wp\/v2\/types\/post"}],"author":[{"embeddable":true,"href":"https:\/\/elterritorialweb.com.ar\/web\/wp-json\/wp\/v2\/users\/2"}],"replies":[{"embeddable":true,"href":"https:\/\/elterritorialweb.com.ar\/web\/wp-json\/wp\/v2\/comments?post=57989"}],"version-history":[{"count":1,"href":"https:\/\/elterritorialweb.com.ar\/web\/wp-json\/wp\/v2\/posts\/57989\/revisions"}],"predecessor-version":[{"id":57991,"href":"https:\/\/elterritorialweb.com.ar\/web\/wp-json\/wp\/v2\/posts\/57989\/revisions\/57991"}],"wp:featuredmedia":[{"embeddable":true,"href":"https:\/\/elterritorialweb.com.ar\/web\/wp-json\/wp\/v2\/media\/57990"}],"wp:attachment":[{"href":"https:\/\/elterritorialweb.com.ar\/web\/wp-json\/wp\/v2\/media?parent=57989"}],"wp:term":[{"taxonomy":"category","embeddable":true,"href":"https:\/\/elterritorialweb.com.ar\/web\/wp-json\/wp\/v2\/categories?post=57989"},{"taxonomy":"post_tag","embeddable":true,"href":"https:\/\/elterritorialweb.com.ar\/web\/wp-json\/wp\/v2\/tags?post=57989"}],"curies":[{"name":"wp","href":"https:\/\/api.w.org\/{rel}","templated":true}]}}