{"id":57992,"date":"2023-09-09T18:27:31","date_gmt":"2023-09-09T18:27:31","guid":{"rendered":"http:\/\/elterritorialweb.com.ar\/web\/?p=57992"},"modified":"2023-09-09T18:27:35","modified_gmt":"2023-09-09T18:27:35","slug":"nediani-acompano-a-sergio-massa-en-un-acto-de-firmas-de-convenios-en-tucuman","status":"publish","type":"post","link":"https:\/\/elterritorialweb.com.ar\/web\/nediani-acompano-a-sergio-massa-en-un-acto-de-firmas-de-convenios-en-tucuman\/","title":{"rendered":"NEDIANI ACOMPA\u00d1O A SERGIO MASSA EN UN ACTO DE FIRMAS DE CONVENIOS EN TUCUM\u00c1N"},"content":{"rendered":"\n<p>Durante este evento, se llevaron a cabo importantes firmas de convenios en presencia de autoridades nacionales y provinciales, representantes gremiales, concejales, diputados provinciales y una destacada audiencia.<br>Los convenios suscritos abarcan proyectos de electrificaci\u00f3n en \u00e1reas productivas y la ejecuci\u00f3n de iniciativas destinadas al desarrollo de sistemas agroalimentarios clim\u00e1ticamente inteligentes, sostenibles e inclusivos.<br>Nediani expres\u00f3 su entusiasmo por la participaci\u00f3n de numerosos gobernadores, diputados y concejales de diferentes provincias en este relanzamiento. \u00abTenemos grandes expectativas con respecto a este pr\u00f3ximo relanzamiento que llevar\u00e1 a cabo Sergio Massa, seguramente desde el hip\u00f3dromo de Tucum\u00e1n\u00bb, coment\u00f3. Adem\u00e1s, reiter\u00f3 su firme apoyo a la f\u00f3rmula \u00abUni\u00f3n por la Patria\u00bb.<\/p>\n\n\n\n<figure class=\"wp-block-image size-large\"><a href=\"https:\/\/i0.wp.com\/elterritorialweb.com.ar\/web\/wp-content\/uploads\/2023\/09\/WhatsApp-Image-2023-09-09-at-11.55.04.jpeg\"><img data-recalc-dims=\"1\" decoding=\"async\" width=\"640\" height=\"434\" data-src=\"https:\/\/i0.wp.com\/elterritorialweb.com.ar\/web\/wp-content\/uploads\/2023\/09\/WhatsApp-Image-2023-09-09-at-11.55.04.jpeg?resize=640%2C434\" alt=\"\" class=\"wp-image-57994 lazyload\" data-srcset=\"https:\/\/i0.wp.com\/elterritorialweb.com.ar\/web\/wp-content\/uploads\/2023\/09\/WhatsApp-Image-2023-09-09-at-11.55.04.jpeg?resize=1024%2C694&amp;ssl=1 1024w, https:\/\/i0.wp.com\/elterritorialweb.com.ar\/web\/wp-content\/uploads\/2023\/09\/WhatsApp-Image-2023-09-09-at-11.55.04.jpeg?resize=300%2C203&amp;ssl=1 300w, https:\/\/i0.wp.com\/elterritorialweb.com.ar\/web\/wp-content\/uploads\/2023\/09\/WhatsApp-Image-2023-09-09-at-11.55.04.jpeg?resize=768%2C520&amp;ssl=1 768w, https:\/\/i0.wp.com\/elterritorialweb.com.ar\/web\/wp-content\/uploads\/2023\/09\/WhatsApp-Image-2023-09-09-at-11.55.04.jpeg?w=1259&amp;ssl=1 1259w\" data-sizes=\"(max-width: 640px) 100vw, 640px\" src=\"data:image\/svg+xml;base64,PHN2ZyB3aWR0aD0iMSIgaGVpZ2h0PSIxIiB4bWxucz0iaHR0cDovL3d3dy53My5vcmcvMjAwMC9zdmciPjwvc3ZnPg==\" style=\"--smush-placeholder-width: 640px; --smush-placeholder-aspect-ratio: 640\/434;\" \/><\/a><\/figure>\n\n\n\n<p>El intendente destac\u00f3 el papel fundamental que desempe\u00f1an los municipios en el proceso electoral. \u00abLos intendentes somos el primer contacto con los ciudadanos, y es nuestra responsabilidad transmitir la opci\u00f3n de gobierno que deseamos para Argentina. Estamos convencidos de que elegiremos un modelo inclusivo, con educaci\u00f3n p\u00fablica, gratuita y de calidad, y atenci\u00f3n m\u00e9dica p\u00fablica\u00bb, subray\u00f3.<br>\u201cEl compromiso de los municipios en respaldar la f\u00f3rmula encabezada por Sergio Massa como candidato a presidente y Agust\u00edn Rossi como candidato a vicepresidente es innegable, y se espera que desempe\u00f1en un papel significativo en el proceso electoral que se avecina\u201d, finaliz\u00f3 Nediani.<\/p>\n","protected":false},"excerpt":{"rendered":"<p>El intendente de la ciudad de La Banda, Roger Nediani, acompa\u00f1ado del Viceintendente, Gabriel Santill\u00e1n; la diputada provincial, Mariana Morales; el concejal, Miguel Montenegro; parte del gabinete y dirigentes bande\u00f1os, se unieron a la visita del candidato presidencial, Sergio Massa en la ciudad de San Miguel de Tucum\u00e1n, en un acto trascendental que marc\u00f3 el relanzamiento de la campa\u00f1a presidencial.<\/p>\n","protected":false},"author":2,"featured_media":57993,"comment_status":"open","ping_status":"open","sticky":false,"template":"","format":"standard","meta":{"om_disable_all_campaigns":false,"_monsterinsights_skip_tracking":false,"_monsterinsights_sitenote_active":false,"_monsterinsights_sitenote_note":"","_monsterinsights_sitenote_category":0,"_uf_show_specific_survey":0,"_uf_disable_surveys":false,"jetpack_post_was_ever_published":false,"_jetpack_newsletter_access":"","_jetpack_dont_email_post_to_subs":false,"_jetpack_newsletter_tier_id":0,"_jetpack_memberships_contains_paywalled_content":false,"_jetpack_memberships_contains_paid_content":false,"footnotes":"","jetpack_publicize_message":"","jetpack_publicize_feature_enabled":true,"jetpack_social_post_already_shared":false,"jetpack_social_options":{"image_generator_settings":{"template":"highway","default_image_id":0,"font":"","enabled":false},"version":2}},"categories":[9,4],"tags":[71,51,68],"class_list":["post-57992","post","type-post","status-publish","format-standard","has-post-thumbnail","hentry","category-banda","category-destacadas","tag-municipalidad-de-la-banda","tag-roger-nediani","tag-sergio-massa"],"aioseo_notices":[],"views":18,"jetpack_publicize_connections":[],"jetpack_featured_media_url":"https:\/\/i0.wp.com\/elterritorialweb.com.ar\/web\/wp-content\/uploads\/2023\/09\/WhatsApp-Image-2023-09-09-at-14.11.56.jpeg?fit=1280%2C853&ssl=1","jetpack_sharing_enabled":true,"_links":{"self":[{"href":"https:\/\/elterritorialweb.com.ar\/web\/wp-json\/wp\/v2\/posts\/57992","targetHints":{"allow":["GET"]}}],"collection":[{"href":"https:\/\/elterritorialweb.com.ar\/web\/wp-json\/wp\/v2\/posts"}],"about":[{"href":"https:\/\/elterritorialweb.com.ar\/web\/wp-json\/wp\/v2\/types\/post"}],"author":[{"embeddable":true,"href":"https:\/\/elterritorialweb.com.ar\/web\/wp-json\/wp\/v2\/users\/2"}],"replies":[{"embeddable":true,"href":"https:\/\/elterritorialweb.com.ar\/web\/wp-json\/wp\/v2\/comments?post=57992"}],"version-history":[{"count":1,"href":"https:\/\/elterritorialweb.com.ar\/web\/wp-json\/wp\/v2\/posts\/57992\/revisions"}],"predecessor-version":[{"id":57995,"href":"https:\/\/elterritorialweb.com.ar\/web\/wp-json\/wp\/v2\/posts\/57992\/revisions\/57995"}],"wp:featuredmedia":[{"embeddable":true,"href":"https:\/\/elterritorialweb.com.ar\/web\/wp-json\/wp\/v2\/media\/57993"}],"wp:attachment":[{"href":"https:\/\/elterritorialweb.com.ar\/web\/wp-json\/wp\/v2\/media?parent=57992"}],"wp:term":[{"taxonomy":"category","embeddable":true,"href":"https:\/\/elterritorialweb.com.ar\/web\/wp-json\/wp\/v2\/categories?post=57992"},{"taxonomy":"post_tag","embeddable":true,"href":"https:\/\/elterritorialweb.com.ar\/web\/wp-json\/wp\/v2\/tags?post=57992"}],"curies":[{"name":"wp","href":"https:\/\/api.w.org\/{rel}","templated":true}]}}