{"id":57996,"date":"2023-09-09T18:33:36","date_gmt":"2023-09-09T18:33:36","guid":{"rendered":"http:\/\/elterritorialweb.com.ar\/web\/?p=57996"},"modified":"2023-09-09T18:33:40","modified_gmt":"2023-09-09T18:33:40","slug":"gran-apertura-de-los-juegos-evita-2023-para-adultos-mayores-en-las-termas","status":"publish","type":"post","link":"https:\/\/elterritorialweb.com.ar\/web\/gran-apertura-de-los-juegos-evita-2023-para-adultos-mayores-en-las-termas\/","title":{"rendered":"GRAN APERTURA DE LOS JUEGOS EVITA 2023 PARA ADULTOS MAYORES EN LAS TERMAS"},"content":{"rendered":"\n<p>La ceremonia cont\u00f3 con la presencia del jefe de Gabinete de Ministros de la provincia, El\u00edas Su\u00e1rez, y del secretario de Deportes de la Naci\u00f3n, Sergio Palmas, entre otros funcionarios que fueron recibidos por el intendente Jorge Mukdise, con quien asistieron adem\u00e1s a la inauguraci\u00f3n de cuatro canchas de padel en el Polideportivo Municipal; dos tribunas en el Club Herrera El Alto y una ampliaci\u00f3n de las instalaciones de la sede de la Escuela de F\u00fatbol \u201c2 de Abril\u201d del barrio Villa Balnearia Sector B.<br>Tambi\u00e9n fueron parte de la comitiva el director de Competencias Deportivas de la Naci\u00f3n, Emiliano Gordin; el secretario de Deportes de la provincia, Carlos Dapello y el subsecretario de Turismo, Nelson Bravo.<\/p>\n\n\n\n<figure class=\"wp-block-image size-large\"><a href=\"https:\/\/i0.wp.com\/elterritorialweb.com.ar\/web\/wp-content\/uploads\/2023\/09\/WhatsApp-Image-2023-09-08-at-23.54.30.jpeg\"><img data-recalc-dims=\"1\" decoding=\"async\" width=\"640\" height=\"366\" data-src=\"https:\/\/i0.wp.com\/elterritorialweb.com.ar\/web\/wp-content\/uploads\/2023\/09\/WhatsApp-Image-2023-09-08-at-23.54.30.jpeg?resize=640%2C366\" alt=\"\" class=\"wp-image-58000 lazyload\" data-srcset=\"https:\/\/i0.wp.com\/elterritorialweb.com.ar\/web\/wp-content\/uploads\/2023\/09\/WhatsApp-Image-2023-09-08-at-23.54.30.jpeg?resize=1024%2C585&amp;ssl=1 1024w, https:\/\/i0.wp.com\/elterritorialweb.com.ar\/web\/wp-content\/uploads\/2023\/09\/WhatsApp-Image-2023-09-08-at-23.54.30.jpeg?resize=300%2C171&amp;ssl=1 300w, https:\/\/i0.wp.com\/elterritorialweb.com.ar\/web\/wp-content\/uploads\/2023\/09\/WhatsApp-Image-2023-09-08-at-23.54.30.jpeg?resize=768%2C439&amp;ssl=1 768w, https:\/\/i0.wp.com\/elterritorialweb.com.ar\/web\/wp-content\/uploads\/2023\/09\/WhatsApp-Image-2023-09-08-at-23.54.30.jpeg?w=1280&amp;ssl=1 1280w\" data-sizes=\"(max-width: 640px) 100vw, 640px\" src=\"data:image\/svg+xml;base64,PHN2ZyB3aWR0aD0iMSIgaGVpZ2h0PSIxIiB4bWxucz0iaHR0cDovL3d3dy53My5vcmcvMjAwMC9zdmciPjwvc3ZnPg==\" style=\"--smush-placeholder-width: 640px; --smush-placeholder-aspect-ratio: 640\/366;\" \/><\/a><\/figure>\n\n\n\n<p>La actividad oficial comenz\u00f3 en el Polideportivo Municipal, donde fueron habilitadas cuatro canchas de padel, obra financiada con aportes de Naci\u00f3n, provincia y de la comuna. Para luego continuar por el Club Herrera El Alto y la escuela de f\u00fatbol.<br>El recorrido de la comitiva finaliz\u00f3 en la Plaza San Mart\u00edn, donde se mont\u00f3 un gran espect\u00e1culo art\u00edstico para la apertura de los Juegos Evita para Personas Mayores.<br>En este marco, el jefe de Gabinete se\u00f1al\u00f3: \u201cEs un honor y un orgullo estar aqu\u00ed en la ciudad de Las Termas, gracias a quienes nos visitan de diferentes provincias, y le transmito el saludo cordial del gobernador Gerardo Zamora en la apertura de los Juegos Nacionales Evita y que cumplen 75 a\u00f1os y que fue obra de un santiague\u00f1o, el Dr. Ram\u00f3n Carrillo\u201d.<\/p>\n\n\n\n<figure class=\"wp-block-image size-large\"><a href=\"https:\/\/i0.wp.com\/elterritorialweb.com.ar\/web\/wp-content\/uploads\/2023\/09\/WhatsApp-Image-2023-09-08-at-23.54.31.jpeg\"><img data-recalc-dims=\"1\" decoding=\"async\" width=\"640\" height=\"426\" data-src=\"https:\/\/i0.wp.com\/elterritorialweb.com.ar\/web\/wp-content\/uploads\/2023\/09\/WhatsApp-Image-2023-09-08-at-23.54.31.jpeg?resize=640%2C426\" alt=\"\" class=\"wp-image-57999 lazyload\" data-srcset=\"https:\/\/i0.wp.com\/elterritorialweb.com.ar\/web\/wp-content\/uploads\/2023\/09\/WhatsApp-Image-2023-09-08-at-23.54.31.jpeg?resize=1024%2C682&amp;ssl=1 1024w, https:\/\/i0.wp.com\/elterritorialweb.com.ar\/web\/wp-content\/uploads\/2023\/09\/WhatsApp-Image-2023-09-08-at-23.54.31.jpeg?resize=300%2C200&amp;ssl=1 300w, https:\/\/i0.wp.com\/elterritorialweb.com.ar\/web\/wp-content\/uploads\/2023\/09\/WhatsApp-Image-2023-09-08-at-23.54.31.jpeg?resize=768%2C512&amp;ssl=1 768w, https:\/\/i0.wp.com\/elterritorialweb.com.ar\/web\/wp-content\/uploads\/2023\/09\/WhatsApp-Image-2023-09-08-at-23.54.31.jpeg?w=1280&amp;ssl=1 1280w\" data-sizes=\"(max-width: 640px) 100vw, 640px\" src=\"data:image\/svg+xml;base64,PHN2ZyB3aWR0aD0iMSIgaGVpZ2h0PSIxIiB4bWxucz0iaHR0cDovL3d3dy53My5vcmcvMjAwMC9zdmciPjwvc3ZnPg==\" style=\"--smush-placeholder-width: 640px; --smush-placeholder-aspect-ratio: 640\/426;\" \/><\/a><\/figure>\n\n\n\n<p>Tambi\u00e9n hizo un reconocimiento al Ministerio de Deportes y Turismo de la Naci\u00f3n por su permanente acompa\u00f1amiento para llevar adelante iniciativas que generan un importante impacto en la econom\u00eda de la provincia, y en particular de Las Termas.<br>Precisamente, dijo que es fundamental el compromiso de Naci\u00f3n y provincia para establecer al \u201cdeporte, la cultura y el turismo como una pol\u00edtica de Estado porque generan inclusi\u00f3n y participaci\u00f3n social\u201d, al hacer referencia a las obras inauguradas este viernes, dos de ellas ubicadas en sectores populares con una activa participaci\u00f3n de las familias.<br>Por su parte, Sergio Palmas dijo: \u201cComo Ministerio de Deporte y Turismo de la Naci\u00f3n festejamos los Juegos Nacionales de Personas Mayores, agradecido al gobierno provincial por poner a disposici\u00f3n todo su equipo de trabajo\u201d.<br>\u201cEstamos trabajando cada d\u00eda m\u00e1s con una pol\u00edtica de Estado que crece y se fortalece para que sea m\u00e1s federal, m\u00e1s importante a\u00fan y que no ser\u00eda posible sin el trabajo en conjunto. Llegar a cada rinc\u00f3n de la Argentina, es nuestro gran desaf\u00edo\u201d, resalt\u00f3.<\/p>\n\n\n\n<figure class=\"wp-block-image size-large\"><a href=\"https:\/\/i0.wp.com\/elterritorialweb.com.ar\/web\/wp-content\/uploads\/2023\/09\/WhatsApp-Image-2023-09-09-at-00.07.12.jpeg\"><img data-recalc-dims=\"1\" decoding=\"async\" width=\"640\" height=\"295\" data-src=\"https:\/\/i0.wp.com\/elterritorialweb.com.ar\/web\/wp-content\/uploads\/2023\/09\/WhatsApp-Image-2023-09-09-at-00.07.12.jpeg?resize=640%2C295\" alt=\"\" class=\"wp-image-57997 lazyload\" data-srcset=\"https:\/\/i0.wp.com\/elterritorialweb.com.ar\/web\/wp-content\/uploads\/2023\/09\/WhatsApp-Image-2023-09-09-at-00.07.12.jpeg?resize=1024%2C472&amp;ssl=1 1024w, https:\/\/i0.wp.com\/elterritorialweb.com.ar\/web\/wp-content\/uploads\/2023\/09\/WhatsApp-Image-2023-09-09-at-00.07.12.jpeg?resize=300%2C138&amp;ssl=1 300w, https:\/\/i0.wp.com\/elterritorialweb.com.ar\/web\/wp-content\/uploads\/2023\/09\/WhatsApp-Image-2023-09-09-at-00.07.12.jpeg?resize=768%2C354&amp;ssl=1 768w, https:\/\/i0.wp.com\/elterritorialweb.com.ar\/web\/wp-content\/uploads\/2023\/09\/WhatsApp-Image-2023-09-09-at-00.07.12.jpeg?w=1280&amp;ssl=1 1280w\" data-sizes=\"(max-width: 640px) 100vw, 640px\" src=\"data:image\/svg+xml;base64,PHN2ZyB3aWR0aD0iMSIgaGVpZ2h0PSIxIiB4bWxucz0iaHR0cDovL3d3dy53My5vcmcvMjAwMC9zdmciPjwvc3ZnPg==\" style=\"--smush-placeholder-width: 640px; --smush-placeholder-aspect-ratio: 640\/295;\" \/><\/a><\/figure>\n\n\n\n<p>Por su parte, el intendente Mukdise expres\u00f3 su alegr\u00eda porque Las Termas es sede de este evento y agradeci\u00f3 el apoyo de Naci\u00f3n y de provincia para el crecimiento de la industria del turismo a trav\u00e9s de la promoci\u00f3n del deporte.<\/p>\n","protected":false},"excerpt":{"rendered":"<p>En el marco de los festejos por los 69 a\u00f1os de la ciudad de Las Termas de R\u00edo Hondo, este viernes por la noche se realiz\u00f3 la apertura oficial de Los Juegos Evita 2023 para Personas Mayores, en los que participar\u00e1n hasta el martes pr\u00f3ximo m\u00e1s de 1.500 deportistas de m\u00e1s de 60 a\u00f1os, representantes de todas las provincias en diferentes disciplinas.<\/p>\n","protected":false},"author":2,"featured_media":57998,"comment_status":"open","ping_status":"open","sticky":false,"template":"","format":"standard","meta":{"om_disable_all_campaigns":false,"_monsterinsights_skip_tracking":false,"_monsterinsights_sitenote_active":false,"_monsterinsights_sitenote_note":"","_monsterinsights_sitenote_category":0,"_uf_show_specific_survey":0,"_uf_disable_surveys":false,"jetpack_post_was_ever_published":false,"_jetpack_newsletter_access":"","_jetpack_dont_email_post_to_subs":false,"_jetpack_newsletter_tier_id":0,"_jetpack_memberships_contains_paywalled_content":false,"_jetpack_memberships_contains_paid_content":false,"footnotes":"","jetpack_publicize_message":"","jetpack_publicize_feature_enabled":true,"jetpack_social_post_already_shared":false,"jetpack_social_options":{"image_generator_settings":{"template":"highway","default_image_id":0,"font":"","enabled":false},"version":2}},"categories":[6,633],"tags":[],"class_list":["post-57996","post","type-post","status-publish","format-standard","has-post-thumbnail","hentry","category-deportes","category-termas-de-rio-hondo"],"aioseo_notices":[],"views":11,"jetpack_publicize_connections":[],"jetpack_featured_media_url":"https:\/\/i0.wp.com\/elterritorialweb.com.ar\/web\/wp-content\/uploads\/2023\/09\/WhatsApp-Image-2023-09-09-at-00.07.11.jpeg?fit=1280%2C853&ssl=1","jetpack_sharing_enabled":true,"_links":{"self":[{"href":"https:\/\/elterritorialweb.com.ar\/web\/wp-json\/wp\/v2\/posts\/57996","targetHints":{"allow":["GET"]}}],"collection":[{"href":"https:\/\/elterritorialweb.com.ar\/web\/wp-json\/wp\/v2\/posts"}],"about":[{"href":"https:\/\/elterritorialweb.com.ar\/web\/wp-json\/wp\/v2\/types\/post"}],"author":[{"embeddable":true,"href":"https:\/\/elterritorialweb.com.ar\/web\/wp-json\/wp\/v2\/users\/2"}],"replies":[{"embeddable":true,"href":"https:\/\/elterritorialweb.com.ar\/web\/wp-json\/wp\/v2\/comments?post=57996"}],"version-history":[{"count":1,"href":"https:\/\/elterritorialweb.com.ar\/web\/wp-json\/wp\/v2\/posts\/57996\/revisions"}],"predecessor-version":[{"id":58001,"href":"https:\/\/elterritorialweb.com.ar\/web\/wp-json\/wp\/v2\/posts\/57996\/revisions\/58001"}],"wp:featuredmedia":[{"embeddable":true,"href":"https:\/\/elterritorialweb.com.ar\/web\/wp-json\/wp\/v2\/media\/57998"}],"wp:attachment":[{"href":"https:\/\/elterritorialweb.com.ar\/web\/wp-json\/wp\/v2\/media?parent=57996"}],"wp:term":[{"taxonomy":"category","embeddable":true,"href":"https:\/\/elterritorialweb.com.ar\/web\/wp-json\/wp\/v2\/categories?post=57996"},{"taxonomy":"post_tag","embeddable":true,"href":"https:\/\/elterritorialweb.com.ar\/web\/wp-json\/wp\/v2\/tags?post=57996"}],"curies":[{"name":"wp","href":"https:\/\/api.w.org\/{rel}","templated":true}]}}