{"id":58002,"date":"2023-09-09T19:01:42","date_gmt":"2023-09-09T19:01:42","guid":{"rendered":"http:\/\/elterritorialweb.com.ar\/web\/?p=58002"},"modified":"2023-09-10T02:54:57","modified_gmt":"2023-09-10T02:54:57","slug":"en-vivo-massa-relanza-su-campana-presidencial-en-tucuman","status":"publish","type":"post","link":"https:\/\/elterritorialweb.com.ar\/web\/en-vivo-massa-relanza-su-campana-presidencial-en-tucuman\/","title":{"rendered":"MASSA RELANZ\u00d3 SU CAMPA\u00d1A PRESIDENCIAL EN TUCUM\u00c1N"},"content":{"rendered":"\n<p>A poco m\u00e1s de un mes para las Elecciones Generales,<strong>\u00a0Sergio Massa relanz\u00f3 su campa\u00f1a esta tarde en Tucum\u00e1n<\/strong>.  Previo al mismo,\u00a0<strong>se llev\u00f3 a cabo una foto de unidad al frente de la Casa Hist\u00f3rica de la provincia que cont\u00f3 con la presencia gobernadores y referentes de Uni\u00f3n por la Patria.<\/strong><\/p>\n\n\n\n<figure class=\"wp-block-embed is-type-video is-provider-youtube wp-block-embed-youtube wp-embed-aspect-16-9 wp-has-aspect-ratio\"><div class=\"wp-block-embed__wrapper\">\n<iframe title=\"Acto en San Miguel\u00a0de\u00a0Tucum\u00e1n\" width=\"640\" height=\"360\" data-src=\"https:\/\/www.youtube.com\/embed\/OjdqOvWYZWM?feature=oembed\" frameborder=\"0\" allow=\"accelerometer; autoplay; clipboard-write; encrypted-media; gyroscope; picture-in-picture; web-share\" referrerpolicy=\"strict-origin-when-cross-origin\" allowfullscreen src=\"data:image\/svg+xml;base64,PHN2ZyB3aWR0aD0iMSIgaGVpZ2h0PSIxIiB4bWxucz0iaHR0cDovL3d3dy53My5vcmcvMjAwMC9zdmciPjwvc3ZnPg==\" class=\"lazyload\" data-load-mode=\"1\"><\/iframe>\n<\/div><\/figure>\n\n\n\n<p>Con una agenda cargada, el candidato presidencial inici\u00f3 su jornada con un desayuno acompa\u00f1ado de trabajadores industriales, para luego mantener una actividad en el teatro Mercedes Sosa, en lo que fue la antesala del evento de la tarde.<\/p>\n\n\n\n<p>Tras la reuni\u00f3n que mantuvo en Sal\u00f3n Blanco de la Casa de Gobierno de Tucum\u00e1n<strong>,<\/strong>&nbsp;donde realiz\u00f3 la firma de acuerdos para el desarrollo econ\u00f3mico de la regi\u00f3n norte del pa\u00eds,&nbsp;<strong>Massa sostuvo que \u00abahora que jugamos por los porotos van a ver al peronismo en la cancha\u00bb.<\/strong>&nbsp;Adem\u00e1s reconoci\u00f3 que algunos&nbsp;<strong>\u00abdurmieron la siesta<\/strong>\u00bb en las PASO, pero que de cara a los comicios generales la situaci\u00f3n va a cambiar.<\/p>\n\n\n\n<p><strong>\u00abSe est\u00e1 armando la foto de unidad del peronismo al frente de la Casa Hist\u00f3rica de Tucum\u00e1n, y hasta aqu\u00ed lleg\u00f3 toda la comitiva que va estar acompa\u00f1ando a Massa en el acto del hip\u00f3dromo\u00bb<\/strong>, describi\u00f3 la periodista de C5N, Paula Marussich, desde el lugar.<\/p>\n\n\n\n<p>\u00abLo tiene a Sergio Massa y por un lado, a su compa\u00f1ero de f\u00f3rmula Agust\u00edn Rossi, al otro est\u00e1 Juan Manzur, Axel Kicillof, Wado de Pedro, M\u00e1ximo Kirchner. Est\u00e1n todos los gobernadores peronistas y aquellos que no han podido venir enviaron a representantes\u00bb, agreg\u00f3.<\/p>\n\n\n\n<p>Luego de retratar el encuentro,&nbsp;<strong>Pablo Moyano,<\/strong>&nbsp;cosecretario de la CGT y l\u00edder de Camioneros, asegur\u00f3 a&nbsp;<strong>C5N&nbsp;<\/strong>en referencia a los dirigentes de la oposici\u00f3n que&nbsp;<strong>\u00abpretenden instalar la bandera de los Estados Unidos en nuestro pa\u00eds<\/strong>. Con el plan de dolarizar, de privatizar empresas del Estado, con el plan de una reforma laboral para sacarle derechos a los trabajadores\u00bb.<\/p>\n\n\n\n<p>En referencia a los actos llevados durante la jornada del s\u00e1bado en Tucum\u00e1n, los calific\u00f3 como<strong>&nbsp;\u00abmuy buenos\u00bb&nbsp;<\/strong>y \u00abde mucha militancia comprometida\u00bb que \u00abes lo que ven\u00edamos pidiendo, que hubiera una reacci\u00f3n de los dirigentes de todo el espacio en el pa\u00eds\u00bb.<\/p>\n\n\n\n<p>Se trat\u00f3 de una semana con iniciativas importantes: tras eliminar las retenciones a las econom\u00edas regionales, Massa tambi\u00e9n revel\u00f3 que analiza suprimir el Impuesto a las Ganancias a trabajadores si es elegido presidente.<\/p>\n\n\n\n<p>En la misma l\u00ednea, el candidato anunci\u00f3 que envi\u00f3 el proyecto de Ley \u00abEmpleo Mipyme\u00bb al Congreso y detall\u00f3 cu\u00e1les ser\u00e1n sus ejes en la pol\u00edtica de seguridad.<\/p>\n\n\n\n<p><\/p>\n","protected":false},"excerpt":{"rendered":"<p>De cara a las elecciones de octubre, el candidato a presidente por Uni\u00f3n por la Patria hablar\u00e1 en el Hip\u00f3dromo de la capital de la provincia cerca de las 16. Recibir\u00e1 el apoyo de gobernadores, sindicalistas y referentes del espacio.<\/p>\n","protected":false},"author":2,"featured_media":58006,"comment_status":"open","ping_status":"open","sticky":false,"template":"","format":"standard","meta":{"om_disable_all_campaigns":false,"_monsterinsights_skip_tracking":false,"_monsterinsights_sitenote_active":false,"_monsterinsights_sitenote_note":"","_monsterinsights_sitenote_category":0,"_uf_show_specific_survey":0,"_uf_disable_surveys":false,"jetpack_post_was_ever_published":false,"_jetpack_newsletter_access":"","_jetpack_dont_email_post_to_subs":false,"_jetpack_newsletter_tier_id":0,"_jetpack_memberships_contains_paywalled_content":false,"_jetpack_memberships_contains_paid_content":false,"footnotes":"","jetpack_publicize_message":"","jetpack_publicize_feature_enabled":true,"jetpack_social_post_already_shared":false,"jetpack_social_options":{"image_generator_settings":{"template":"highway","default_image_id":0,"font":"","enabled":false},"version":2}},"categories":[4,18],"tags":[68],"class_list":["post-58002","post","type-post","status-publish","format-standard","has-post-thumbnail","hentry","category-destacadas","category-politica","tag-sergio-massa"],"aioseo_notices":[],"views":9,"jetpack_publicize_connections":[],"jetpack_featured_media_url":"https:\/\/i0.wp.com\/elterritorialweb.com.ar\/web\/wp-content\/uploads\/2023\/09\/SERGIO-MASSA-EN-TUCUMAN.jpg?fit=1024%2C683&ssl=1","jetpack_sharing_enabled":true,"_links":{"self":[{"href":"https:\/\/elterritorialweb.com.ar\/web\/wp-json\/wp\/v2\/posts\/58002","targetHints":{"allow":["GET"]}}],"collection":[{"href":"https:\/\/elterritorialweb.com.ar\/web\/wp-json\/wp\/v2\/posts"}],"about":[{"href":"https:\/\/elterritorialweb.com.ar\/web\/wp-json\/wp\/v2\/types\/post"}],"author":[{"embeddable":true,"href":"https:\/\/elterritorialweb.com.ar\/web\/wp-json\/wp\/v2\/users\/2"}],"replies":[{"embeddable":true,"href":"https:\/\/elterritorialweb.com.ar\/web\/wp-json\/wp\/v2\/comments?post=58002"}],"version-history":[{"count":2,"href":"https:\/\/elterritorialweb.com.ar\/web\/wp-json\/wp\/v2\/posts\/58002\/revisions"}],"predecessor-version":[{"id":58007,"href":"https:\/\/elterritorialweb.com.ar\/web\/wp-json\/wp\/v2\/posts\/58002\/revisions\/58007"}],"wp:featuredmedia":[{"embeddable":true,"href":"https:\/\/elterritorialweb.com.ar\/web\/wp-json\/wp\/v2\/media\/58006"}],"wp:attachment":[{"href":"https:\/\/elterritorialweb.com.ar\/web\/wp-json\/wp\/v2\/media?parent=58002"}],"wp:term":[{"taxonomy":"category","embeddable":true,"href":"https:\/\/elterritorialweb.com.ar\/web\/wp-json\/wp\/v2\/categories?post=58002"},{"taxonomy":"post_tag","embeddable":true,"href":"https:\/\/elterritorialweb.com.ar\/web\/wp-json\/wp\/v2\/tags?post=58002"}],"curies":[{"name":"wp","href":"https:\/\/api.w.org\/{rel}","templated":true}]}}