{"id":58008,"date":"2023-09-10T03:55:15","date_gmt":"2023-09-10T03:55:15","guid":{"rendered":"http:\/\/elterritorialweb.com.ar\/web\/?p=58008"},"modified":"2023-09-10T04:03:14","modified_gmt":"2023-09-10T04:03:14","slug":"emotiva-presentacion-de-la-obra-de-amores-absurdos-no-tan-fugaces-en-adatise","status":"publish","type":"post","link":"https:\/\/elterritorialweb.com.ar\/web\/emotiva-presentacion-de-la-obra-de-amores-absurdos-no-tan-fugaces-en-adatise\/","title":{"rendered":"EMOTIVA PRESENTACI\u00d3N DE LA OBRA \u00abDE AMORES ABSURDOS, NO TAN FUGACES\u00bb EN ADATISE"},"content":{"rendered":"\n<p>Este s\u00e1bado por la noche se present\u00f3 en Adatise, la <strong>obra \u00abDe amores absurdos, no tan fugaces\u00bb<\/strong>, que se trata de\u00a0una puesta en escena que combina, <strong>el teatro con el lenguaje del jazz contempor\u00e1neo<\/strong>, interpretado de manera profesional por integrantes de la <strong>Compa\u00f1ia Enraizada<\/strong>.<\/p>\n\n\n\n<figure class=\"wp-block-image size-large\"><a href=\"https:\/\/i0.wp.com\/elterritorialweb.com.ar\/web\/wp-content\/uploads\/2023\/09\/WhatsApp-Image-2023-09-09-at-21.39.01.jpeg\"><img data-recalc-dims=\"1\" decoding=\"async\" width=\"640\" height=\"360\" data-src=\"https:\/\/i0.wp.com\/elterritorialweb.com.ar\/web\/wp-content\/uploads\/2023\/09\/WhatsApp-Image-2023-09-09-at-21.39.01.jpeg?resize=640%2C360\" alt=\"\" class=\"wp-image-58009 lazyload\" data-srcset=\"https:\/\/i0.wp.com\/elterritorialweb.com.ar\/web\/wp-content\/uploads\/2023\/09\/WhatsApp-Image-2023-09-09-at-21.39.01.jpeg?resize=1024%2C576&amp;ssl=1 1024w, https:\/\/i0.wp.com\/elterritorialweb.com.ar\/web\/wp-content\/uploads\/2023\/09\/WhatsApp-Image-2023-09-09-at-21.39.01.jpeg?resize=300%2C169&amp;ssl=1 300w, https:\/\/i0.wp.com\/elterritorialweb.com.ar\/web\/wp-content\/uploads\/2023\/09\/WhatsApp-Image-2023-09-09-at-21.39.01.jpeg?resize=768%2C432&amp;ssl=1 768w, https:\/\/i0.wp.com\/elterritorialweb.com.ar\/web\/wp-content\/uploads\/2023\/09\/WhatsApp-Image-2023-09-09-at-21.39.01.jpeg?resize=1536%2C864&amp;ssl=1 1536w, https:\/\/i0.wp.com\/elterritorialweb.com.ar\/web\/wp-content\/uploads\/2023\/09\/WhatsApp-Image-2023-09-09-at-21.39.01.jpeg?w=1599&amp;ssl=1 1599w, https:\/\/i0.wp.com\/elterritorialweb.com.ar\/web\/wp-content\/uploads\/2023\/09\/WhatsApp-Image-2023-09-09-at-21.39.01.jpeg?w=1280 1280w\" data-sizes=\"(max-width: 640px) 100vw, 640px\" src=\"data:image\/svg+xml;base64,PHN2ZyB3aWR0aD0iMSIgaGVpZ2h0PSIxIiB4bWxucz0iaHR0cDovL3d3dy53My5vcmcvMjAwMC9zdmciPjwvc3ZnPg==\" style=\"--smush-placeholder-width: 640px; --smush-placeholder-aspect-ratio: 640\/360;\" \/><\/a><\/figure>\n\n\n\n<p>La magistral actuaci\u00f3n de los bailarines de esta obra, que se inspira en cartas y textos de amor de Frida Kahlo, invita a reflexionar como el amor inquieta a los seres humanos, centrandose en el aspecto emocional e intimo de los mismos.<\/p>\n\n\n\n<figure class=\"wp-block-image size-large\"><a href=\"https:\/\/i0.wp.com\/elterritorialweb.com.ar\/web\/wp-content\/uploads\/2023\/09\/WhatsApp-Image-2023-09-09-at-21.18.03.jpeg\"><img data-recalc-dims=\"1\" decoding=\"async\" width=\"640\" height=\"360\" data-src=\"https:\/\/i0.wp.com\/elterritorialweb.com.ar\/web\/wp-content\/uploads\/2023\/09\/WhatsApp-Image-2023-09-09-at-21.18.03.jpeg?resize=640%2C360\" alt=\"\" class=\"wp-image-58012 lazyload\" data-srcset=\"https:\/\/i0.wp.com\/elterritorialweb.com.ar\/web\/wp-content\/uploads\/2023\/09\/WhatsApp-Image-2023-09-09-at-21.18.03.jpeg?resize=1024%2C576&amp;ssl=1 1024w, https:\/\/i0.wp.com\/elterritorialweb.com.ar\/web\/wp-content\/uploads\/2023\/09\/WhatsApp-Image-2023-09-09-at-21.18.03.jpeg?resize=300%2C169&amp;ssl=1 300w, https:\/\/i0.wp.com\/elterritorialweb.com.ar\/web\/wp-content\/uploads\/2023\/09\/WhatsApp-Image-2023-09-09-at-21.18.03.jpeg?resize=768%2C432&amp;ssl=1 768w, https:\/\/i0.wp.com\/elterritorialweb.com.ar\/web\/wp-content\/uploads\/2023\/09\/WhatsApp-Image-2023-09-09-at-21.18.03.jpeg?resize=1536%2C864&amp;ssl=1 1536w, https:\/\/i0.wp.com\/elterritorialweb.com.ar\/web\/wp-content\/uploads\/2023\/09\/WhatsApp-Image-2023-09-09-at-21.18.03.jpeg?w=1599&amp;ssl=1 1599w, https:\/\/i0.wp.com\/elterritorialweb.com.ar\/web\/wp-content\/uploads\/2023\/09\/WhatsApp-Image-2023-09-09-at-21.18.03.jpeg?w=1280 1280w\" data-sizes=\"(max-width: 640px) 100vw, 640px\" src=\"data:image\/svg+xml;base64,PHN2ZyB3aWR0aD0iMSIgaGVpZ2h0PSIxIiB4bWxucz0iaHR0cDovL3d3dy53My5vcmcvMjAwMC9zdmciPjwvc3ZnPg==\" style=\"--smush-placeholder-width: 640px; --smush-placeholder-aspect-ratio: 640\/360;\" \/><\/a><\/figure>\n\n\n\n<h3 class=\"wp-block-heading\">Compa\u00f1\u00eda Enraizada<\/h3>\n\n\n\n<p>Se trata de una compa\u00f1\u00eda independiente de danza que fusiona el lenguaje del jazz contempor\u00e1neo con elementos de teatro, y est\u00e1 integrada por 11 int\u00e9rpretes en su mayor\u00eda oriundos de la provincia de Santiago del Estero: Agustina Suarez, Lourdes Torrez, Milagros Zerda, Carolina Encina, Nicol\u00e1s D\u00edaz, An\u00edbal Rojas Veigas, Ivan Collado, Mar\u00eda Virginia Paz, Agustina Bustos, Osiris Aguayo, Marianela C\u00f3rdoba (Chubut) y se encuentra bajo la direcci\u00f3n de la Licenciada Yanina Caceres, (C.A.B.A)<\/p>\n\n\n\n<figure class=\"wp-block-gallery has-nested-images columns-default is-cropped wp-block-gallery-1 is-layout-flex wp-block-gallery-is-layout-flex\">\n<figure class=\"wp-block-image size-large\"><a href=\"https:\/\/i0.wp.com\/elterritorialweb.com.ar\/web\/wp-content\/uploads\/2023\/09\/WhatsApp-Image-2023-09-10-at-00.54.31.jpeg\"><img data-recalc-dims=\"1\" decoding=\"async\" width=\"640\" height=\"480\" data-id=\"58017\" data-src=\"https:\/\/i0.wp.com\/elterritorialweb.com.ar\/web\/wp-content\/uploads\/2023\/09\/WhatsApp-Image-2023-09-10-at-00.54.31.jpeg?resize=640%2C480\" alt=\"\" class=\"wp-image-58017 lazyload\" data-srcset=\"https:\/\/i0.wp.com\/elterritorialweb.com.ar\/web\/wp-content\/uploads\/2023\/09\/WhatsApp-Image-2023-09-10-at-00.54.31.jpeg?resize=1024%2C768&amp;ssl=1 1024w, https:\/\/i0.wp.com\/elterritorialweb.com.ar\/web\/wp-content\/uploads\/2023\/09\/WhatsApp-Image-2023-09-10-at-00.54.31.jpeg?resize=300%2C225&amp;ssl=1 300w, https:\/\/i0.wp.com\/elterritorialweb.com.ar\/web\/wp-content\/uploads\/2023\/09\/WhatsApp-Image-2023-09-10-at-00.54.31.jpeg?resize=768%2C576&amp;ssl=1 768w, https:\/\/i0.wp.com\/elterritorialweb.com.ar\/web\/wp-content\/uploads\/2023\/09\/WhatsApp-Image-2023-09-10-at-00.54.31.jpeg?w=1280&amp;ssl=1 1280w\" data-sizes=\"(max-width: 640px) 100vw, 640px\" src=\"data:image\/svg+xml;base64,PHN2ZyB3aWR0aD0iMSIgaGVpZ2h0PSIxIiB4bWxucz0iaHR0cDovL3d3dy53My5vcmcvMjAwMC9zdmciPjwvc3ZnPg==\" style=\"--smush-placeholder-width: 640px; --smush-placeholder-aspect-ratio: 640\/480;\" \/><\/a><\/figure>\n<\/figure>\n\n\n\n<figure class=\"wp-block-embed is-type-video is-provider-tiktok wp-block-embed-tiktok\"><div class=\"wp-block-embed__wrapper\">\n<blockquote class=\"tiktok-embed\" cite=\"https:\/\/www.tiktok.com\/@elterritorialweb\/video\/7276998666429156614\" data-video-id=\"7276998666429156614\" data-embed-from=\"oembed\" style=\"max-width:605px; min-width:325px;\"> <section> <a target=\"_blank\" title=\"@elterritorialweb\" href=\"https:\/\/www.tiktok.com\/@elterritorialweb?refer=embed\">@elterritorialweb<\/a> <p>\ud83d\udfe5 Obra\u00a0teatral musical \u00abDe amores absurdos, no tan Fugaces\u00bb <a title=\"obra\" target=\"_blank\" href=\"https:\/\/www.tiktok.com\/tag\/obra?refer=embed\">#Obra<\/a> <a title=\"teatro\" target=\"_blank\" href=\"https:\/\/www.tiktok.com\/tag\/teatro?refer=embed\">#teatro<\/a> <a title=\"obramusical\" target=\"_blank\" href=\"https:\/\/www.tiktok.com\/tag\/obramusical?refer=embed\">#obramusical<\/a> <a title=\"adatise\" target=\"_blank\" href=\"https:\/\/www.tiktok.com\/tag\/adatise?refer=embed\">#adatise<\/a> <a title=\"santiagodelestero\" target=\"_blank\" href=\"https:\/\/www.tiktok.com\/tag\/santiagodelestero?refer=embed\">#santiagodelestero<\/a> <\/p> <a target=\"_blank\" title=\"\u266c sonido original - El Territorial Web\" href=\"https:\/\/www.tiktok.com\/music\/sonido-original-7276998683740441350?refer=embed\">\u266c sonido original &#8211; El Territorial Web<\/a> <\/section> <\/blockquote> <script async src=\"https:\/\/www.tiktok.com\/embed.js\"><\/script>\n<\/div><\/figure>\n","protected":false},"excerpt":{"rendered":"<p>A sala llena, se present\u00f3 la obra de teatro danza, a cargo de la compa\u00f1ia Enraizada.<\/p>\n","protected":false},"author":2,"featured_media":58010,"comment_status":"open","ping_status":"open","sticky":false,"template":"","format":"standard","meta":{"om_disable_all_campaigns":false,"_monsterinsights_skip_tracking":false,"_monsterinsights_sitenote_active":false,"_monsterinsights_sitenote_note":"","_monsterinsights_sitenote_category":0,"_uf_show_specific_survey":0,"_uf_disable_surveys":false,"jetpack_post_was_ever_published":false,"_jetpack_newsletter_access":"","_jetpack_dont_email_post_to_subs":false,"_jetpack_newsletter_tier_id":0,"_jetpack_memberships_contains_paywalled_content":false,"_jetpack_memberships_contains_paid_content":false,"footnotes":"","jetpack_publicize_message":"","jetpack_publicize_feature_enabled":true,"jetpack_social_post_already_shared":false,"jetpack_social_options":{"image_generator_settings":{"template":"highway","default_image_id":0,"font":"","enabled":false},"version":2}},"categories":[4,20],"tags":[],"class_list":["post-58008","post","type-post","status-publish","format-standard","has-post-thumbnail","hentry","category-destacadas","category-especysociales"],"aioseo_notices":[],"views":62,"jetpack_publicize_connections":[],"jetpack_featured_media_url":"https:\/\/i0.wp.com\/elterritorialweb.com.ar\/web\/wp-content\/uploads\/2023\/09\/WhatsApp-Image-2023-09-09-at-21.30.07.jpeg?fit=1599%2C899&ssl=1","jetpack_sharing_enabled":true,"_links":{"self":[{"href":"https:\/\/elterritorialweb.com.ar\/web\/wp-json\/wp\/v2\/posts\/58008","targetHints":{"allow":["GET"]}}],"collection":[{"href":"https:\/\/elterritorialweb.com.ar\/web\/wp-json\/wp\/v2\/posts"}],"about":[{"href":"https:\/\/elterritorialweb.com.ar\/web\/wp-json\/wp\/v2\/types\/post"}],"author":[{"embeddable":true,"href":"https:\/\/elterritorialweb.com.ar\/web\/wp-json\/wp\/v2\/users\/2"}],"replies":[{"embeddable":true,"href":"https:\/\/elterritorialweb.com.ar\/web\/wp-json\/wp\/v2\/comments?post=58008"}],"version-history":[{"count":2,"href":"https:\/\/elterritorialweb.com.ar\/web\/wp-json\/wp\/v2\/posts\/58008\/revisions"}],"predecessor-version":[{"id":58020,"href":"https:\/\/elterritorialweb.com.ar\/web\/wp-json\/wp\/v2\/posts\/58008\/revisions\/58020"}],"wp:featuredmedia":[{"embeddable":true,"href":"https:\/\/elterritorialweb.com.ar\/web\/wp-json\/wp\/v2\/media\/58010"}],"wp:attachment":[{"href":"https:\/\/elterritorialweb.com.ar\/web\/wp-json\/wp\/v2\/media?parent=58008"}],"wp:term":[{"taxonomy":"category","embeddable":true,"href":"https:\/\/elterritorialweb.com.ar\/web\/wp-json\/wp\/v2\/categories?post=58008"},{"taxonomy":"post_tag","embeddable":true,"href":"https:\/\/elterritorialweb.com.ar\/web\/wp-json\/wp\/v2\/tags?post=58008"}],"curies":[{"name":"wp","href":"https:\/\/api.w.org\/{rel}","templated":true}]}}