{"id":58021,"date":"2023-09-10T04:34:23","date_gmt":"2023-09-10T04:34:23","guid":{"rendered":"http:\/\/elterritorialweb.com.ar\/web\/?p=58021"},"modified":"2023-09-10T04:34:26","modified_gmt":"2023-09-10T04:34:26","slug":"nueva-muestra-de-arte-en-la-casa-arganaraz-alcorta-3","status":"publish","type":"post","link":"https:\/\/elterritorialweb.com.ar\/web\/nueva-muestra-de-arte-en-la-casa-arganaraz-alcorta-3\/","title":{"rendered":"NUEVA MUESTRA DE ARTE EN LA CASA ARGA\u00d1ARAZ ALCORTA"},"content":{"rendered":"\n<p>En el espacio cultural del municipio, se exhibir\u00e1n pinturas, esculturas, dibujos, entre otros, de lunes a viernes de 7.30 a 13 y de 16.30 a 22 horas. La muestra de la C\u00e1mara de Arte La Bohardilla, una instituci\u00f3n cultural sin fines de lucro con m\u00e1s de 25 a\u00f1os de trayectoria, que re\u00fane a artistas de diferentes disciplinas visuales y tiene como fin primordial potenciar y fomentar las actividades art\u00edsticas y gestionar proyectos de forma grupal, exposiciones, conversatorios, etc.<\/p>\n\n\n\n<p>La muestra tiene producciones de Sonia Salazar, Lele Trabb, Estela Albarrac\u00edn, Susana Carol, Gabriela Soria, Olga Correa, Lucas R\u00f3binson, Silvina Moreta, Adriana Alegre, Sonia Silva, Hugo Arga\u00f1aras, Martha Zovich, Graciela Bola\u00f1ez, Ana Mar\u00eda Ruffinazzi, Gladys Pedruzco, Daiana Montiel, Sonia Palma, Carolina Chacana, Melina Toscano, Antonella Zucal y Patricia C\u00e1rdenas.<\/p>\n","protected":false},"excerpt":{"rendered":"<p>La Subsecretar\u00eda de Cultura y Turismo de la Municipalidad de la Capital invit\u00f3 a visitar la muestra colectiva \u00abLa Bohardilla al rojo vivo\u00bb que qued\u00f3 inaugurada en la Casa de la Cultura Arga\u00f1araz Alcorta, donde se puede apreciar el trabajo de artistas santiague\u00f1os a trav\u00e9s de 40 obras.<\/p>\n","protected":false},"author":2,"featured_media":58022,"comment_status":"open","ping_status":"open","sticky":false,"template":"","format":"standard","meta":{"om_disable_all_campaigns":false,"_monsterinsights_skip_tracking":false,"_monsterinsights_sitenote_active":false,"_monsterinsights_sitenote_note":"","_monsterinsights_sitenote_category":0,"_uf_show_specific_survey":0,"_uf_disable_surveys":false,"jetpack_post_was_ever_published":false,"_jetpack_newsletter_access":"","_jetpack_dont_email_post_to_subs":false,"_jetpack_newsletter_tier_id":0,"_jetpack_memberships_contains_paywalled_content":false,"_jetpack_memberships_contains_paid_content":false,"footnotes":"","jetpack_publicize_message":"","jetpack_publicize_feature_enabled":true,"jetpack_social_post_already_shared":false,"jetpack_social_options":{"image_generator_settings":{"template":"highway","default_image_id":0,"font":"","enabled":false},"version":2}},"categories":[34,21],"tags":[156,73],"class_list":["post-58021","post","type-post","status-publish","format-standard","has-post-thumbnail","hentry","category-cultura","category-locales","tag-casa-arganaraz-alcorta","tag-municipalidad-de-la-capital"],"aioseo_notices":[],"views":13,"jetpack_publicize_connections":[],"jetpack_featured_media_url":"https:\/\/i0.wp.com\/elterritorialweb.com.ar\/web\/wp-content\/uploads\/2023\/09\/muestra1.jpeg?fit=1080%2C810&ssl=1","jetpack_sharing_enabled":true,"_links":{"self":[{"href":"https:\/\/elterritorialweb.com.ar\/web\/wp-json\/wp\/v2\/posts\/58021","targetHints":{"allow":["GET"]}}],"collection":[{"href":"https:\/\/elterritorialweb.com.ar\/web\/wp-json\/wp\/v2\/posts"}],"about":[{"href":"https:\/\/elterritorialweb.com.ar\/web\/wp-json\/wp\/v2\/types\/post"}],"author":[{"embeddable":true,"href":"https:\/\/elterritorialweb.com.ar\/web\/wp-json\/wp\/v2\/users\/2"}],"replies":[{"embeddable":true,"href":"https:\/\/elterritorialweb.com.ar\/web\/wp-json\/wp\/v2\/comments?post=58021"}],"version-history":[{"count":1,"href":"https:\/\/elterritorialweb.com.ar\/web\/wp-json\/wp\/v2\/posts\/58021\/revisions"}],"predecessor-version":[{"id":58023,"href":"https:\/\/elterritorialweb.com.ar\/web\/wp-json\/wp\/v2\/posts\/58021\/revisions\/58023"}],"wp:featuredmedia":[{"embeddable":true,"href":"https:\/\/elterritorialweb.com.ar\/web\/wp-json\/wp\/v2\/media\/58022"}],"wp:attachment":[{"href":"https:\/\/elterritorialweb.com.ar\/web\/wp-json\/wp\/v2\/media?parent=58021"}],"wp:term":[{"taxonomy":"category","embeddable":true,"href":"https:\/\/elterritorialweb.com.ar\/web\/wp-json\/wp\/v2\/categories?post=58021"},{"taxonomy":"post_tag","embeddable":true,"href":"https:\/\/elterritorialweb.com.ar\/web\/wp-json\/wp\/v2\/tags?post=58021"}],"curies":[{"name":"wp","href":"https:\/\/api.w.org\/{rel}","templated":true}]}}