{"id":58024,"date":"2023-09-10T05:03:25","date_gmt":"2023-09-10T05:03:25","guid":{"rendered":"http:\/\/elterritorialweb.com.ar\/web\/?p=58024"},"modified":"2023-09-10T05:03:28","modified_gmt":"2023-09-10T05:03:28","slug":"comenzaron-las-presentaciones-en-el-escenario-alternativo-por-el-aniversario-de-la-banda","status":"publish","type":"post","link":"https:\/\/elterritorialweb.com.ar\/web\/comenzaron-las-presentaciones-en-el-escenario-alternativo-por-el-aniversario-de-la-banda\/","title":{"rendered":"COMENZARON LAS PRESENTACIONES EN EL ESCENARIO ALTERNATIVO POR EL ANIVERSARIO DE LA BANDA"},"content":{"rendered":"\n<p>Los artistas que actuaron en la primera velada del escenario alternativo fueron Mart\u00edn G\u00f3mez, Jovita Subire, Las voces de hoy, Elisa, Sopera y Los iluminados.<br>El encargado de abrir el espect\u00e1culo fue Mart\u00edn G\u00f3mez que declar\u00f3: \u00abPara m\u00ed es un placer tocar en mi ciudad y realizar la apertura del escenario alternativo de los festejos de los 111 A\u00f1os de La Banda\u201d.<br>\u201cMe acompa\u00f1aron dos amigos, Andr\u00e9s Lescano en la percusi\u00f3n y \u00abFacha\u00bb Villalba en el viol\u00edn e interpretaremos tres temas cl\u00e1sicos y uno propio, una zamba\u201d.<br>\u201cAgradecer la convocatoria y destacar el espacio que el municipio le brinda a los m\u00fasicos locales que tienen muchas cosas para mostrar, cosas que uno va cultivando desde chico en el \u00e1mbito del folclore\u00bb, destac\u00f3 G\u00f3mez.<\/p>\n\n\n\n<figure class=\"wp-block-image size-large\"><a href=\"https:\/\/i0.wp.com\/elterritorialweb.com.ar\/web\/wp-content\/uploads\/2023\/09\/WhatsApp-Image-2023-09-09-at-16.22.31-1.jpeg\"><img data-recalc-dims=\"1\" decoding=\"async\" width=\"640\" height=\"431\" data-src=\"https:\/\/i0.wp.com\/elterritorialweb.com.ar\/web\/wp-content\/uploads\/2023\/09\/WhatsApp-Image-2023-09-09-at-16.22.31-1.jpeg?resize=640%2C431\" alt=\"\" class=\"wp-image-58025 lazyload\" data-srcset=\"https:\/\/i0.wp.com\/elterritorialweb.com.ar\/web\/wp-content\/uploads\/2023\/09\/WhatsApp-Image-2023-09-09-at-16.22.31-1.jpeg?resize=1024%2C690&amp;ssl=1 1024w, https:\/\/i0.wp.com\/elterritorialweb.com.ar\/web\/wp-content\/uploads\/2023\/09\/WhatsApp-Image-2023-09-09-at-16.22.31-1.jpeg?resize=300%2C202&amp;ssl=1 300w, https:\/\/i0.wp.com\/elterritorialweb.com.ar\/web\/wp-content\/uploads\/2023\/09\/WhatsApp-Image-2023-09-09-at-16.22.31-1.jpeg?resize=768%2C517&amp;ssl=1 768w, https:\/\/i0.wp.com\/elterritorialweb.com.ar\/web\/wp-content\/uploads\/2023\/09\/WhatsApp-Image-2023-09-09-at-16.22.31-1.jpeg?w=1404&amp;ssl=1 1404w, https:\/\/i0.wp.com\/elterritorialweb.com.ar\/web\/wp-content\/uploads\/2023\/09\/WhatsApp-Image-2023-09-09-at-16.22.31-1.jpeg?w=1280 1280w\" data-sizes=\"(max-width: 640px) 100vw, 640px\" src=\"data:image\/svg+xml;base64,PHN2ZyB3aWR0aD0iMSIgaGVpZ2h0PSIxIiB4bWxucz0iaHR0cDovL3d3dy53My5vcmcvMjAwMC9zdmciPjwvc3ZnPg==\" style=\"--smush-placeholder-width: 640px; --smush-placeholder-aspect-ratio: 640\/431;\" \/><\/a><\/figure>\n\n\n\n<p>Por su parte, la reconocida cantante bande\u00f1a, Jovita Subire, destac\u00f3: \u00abestoy muy contenta de poder participar un a\u00f1o m\u00e1s en los festejos por el cumplea\u00f1os de mi ciudad. Agradecer al intendente Roger Nediani y a las autoridades por la invitaci\u00f3n\u201d.<br>\u201cEn esta oportunidad me acompa\u00f1aron Pablo Melian, Fernando Bravo y Andres Lescano, interpretaremos temas populares y espero que el p\u00fablico se sume a estos festejos que hoy comienzan\u00bb.<br>Finalmente, los integrantes del grupo Las Voces de Hoy, Miguel \u00c1ngel Dom\u00ednguez, Franco Bravo, Facundo Dom\u00ednguez y Guillermo Dom\u00ednguez, destacaron que prepararon temas propios y temas tradicionales para esta ocasi\u00f3n especial.<br>En cuanto a las letras de sus canciones explicaron que \u00e9stas hacen referencia a diferentes temas como el amor, las ra\u00edces bande\u00f1as y la cultura santiague\u00f1a, letras que podr\u00e1n ser apreciadas en detalle en su nuevo disco \u00abAunque me cueste la vida\u00bb que est\u00e1 en pleno proceso de grabaci\u00f3n.<\/p>\n","protected":false},"excerpt":{"rendered":"<p>El viernes a la tarde comenzaron las actuaciones y homenajes a artistas de diferentes g\u00e9neros musicales en el Escenario Alternativo \u00abBlanca Irurzun\u00bb de la plaza Educativa y Cultural \u00abMauricio Rojas\u00bb, en el marco de los festejos del 111\u00b0 Aniversario de la ciudad de La Banda.<\/p>\n","protected":false},"author":2,"featured_media":58027,"comment_status":"open","ping_status":"open","sticky":false,"template":"","format":"standard","meta":{"om_disable_all_campaigns":false,"_monsterinsights_skip_tracking":false,"_monsterinsights_sitenote_active":false,"_monsterinsights_sitenote_note":"","_monsterinsights_sitenote_category":0,"_uf_show_specific_survey":0,"_uf_disable_surveys":false,"jetpack_post_was_ever_published":false,"_jetpack_newsletter_access":"","_jetpack_dont_email_post_to_subs":false,"_jetpack_newsletter_tier_id":0,"_jetpack_memberships_contains_paywalled_content":false,"_jetpack_memberships_contains_paid_content":false,"footnotes":"","jetpack_publicize_message":"","jetpack_publicize_feature_enabled":true,"jetpack_social_post_already_shared":false,"jetpack_social_options":{"image_generator_settings":{"template":"highway","default_image_id":0,"font":"","enabled":false},"version":2}},"categories":[1],"tags":[646,71],"class_list":["post-58024","post","type-post","status-publish","format-standard","has-post-thumbnail","hentry","category-sin-categoria","tag-111-aniversario-de-la-ciudad-de-la-banda","tag-municipalidad-de-la-banda"],"aioseo_notices":[],"views":14,"jetpack_publicize_connections":[],"jetpack_featured_media_url":"https:\/\/i0.wp.com\/elterritorialweb.com.ar\/web\/wp-content\/uploads\/2023\/09\/WhatsApp-Image-2023-09-09-at-16.22.30.jpeg?fit=1599%2C1066&ssl=1","jetpack_sharing_enabled":true,"_links":{"self":[{"href":"https:\/\/elterritorialweb.com.ar\/web\/wp-json\/wp\/v2\/posts\/58024","targetHints":{"allow":["GET"]}}],"collection":[{"href":"https:\/\/elterritorialweb.com.ar\/web\/wp-json\/wp\/v2\/posts"}],"about":[{"href":"https:\/\/elterritorialweb.com.ar\/web\/wp-json\/wp\/v2\/types\/post"}],"author":[{"embeddable":true,"href":"https:\/\/elterritorialweb.com.ar\/web\/wp-json\/wp\/v2\/users\/2"}],"replies":[{"embeddable":true,"href":"https:\/\/elterritorialweb.com.ar\/web\/wp-json\/wp\/v2\/comments?post=58024"}],"version-history":[{"count":1,"href":"https:\/\/elterritorialweb.com.ar\/web\/wp-json\/wp\/v2\/posts\/58024\/revisions"}],"predecessor-version":[{"id":58028,"href":"https:\/\/elterritorialweb.com.ar\/web\/wp-json\/wp\/v2\/posts\/58024\/revisions\/58028"}],"wp:featuredmedia":[{"embeddable":true,"href":"https:\/\/elterritorialweb.com.ar\/web\/wp-json\/wp\/v2\/media\/58027"}],"wp:attachment":[{"href":"https:\/\/elterritorialweb.com.ar\/web\/wp-json\/wp\/v2\/media?parent=58024"}],"wp:term":[{"taxonomy":"category","embeddable":true,"href":"https:\/\/elterritorialweb.com.ar\/web\/wp-json\/wp\/v2\/categories?post=58024"},{"taxonomy":"post_tag","embeddable":true,"href":"https:\/\/elterritorialweb.com.ar\/web\/wp-json\/wp\/v2\/tags?post=58024"}],"curies":[{"name":"wp","href":"https:\/\/api.w.org\/{rel}","templated":true}]}}