{"id":58029,"date":"2023-09-10T05:17:22","date_gmt":"2023-09-10T05:17:22","guid":{"rendered":"http:\/\/elterritorialweb.com.ar\/web\/?p=58029"},"modified":"2023-09-10T05:17:25","modified_gmt":"2023-09-10T05:17:25","slug":"la-banda-homenajeo-a-los-maestros-y-profesores-municipales-con-una-gran-fiesta","status":"publish","type":"post","link":"https:\/\/elterritorialweb.com.ar\/web\/la-banda-homenajeo-a-los-maestros-y-profesores-municipales-con-una-gran-fiesta\/","title":{"rendered":"LA BANDA HOMENAJE\u00d3 A LOS MAESTROS Y PROFESORES MUNICIPALES CON UNA GRAN FIESTA"},"content":{"rendered":"\n<p>La velada se desarroll\u00f3 el viernes 8 de septiembre en el Sal\u00f3n de Fiestas \u00abImperio\u00bb donde participaron docentes de las Escuelas Primaria y Secundaria Municipal N\u00b01 \u00abAda Nilda Alderete\u00bb, Escuela Municipal de Programaci\u00f3n y Rob\u00f3tica, Escuela Municipal de Artes Pl\u00e1sticas \u00abJuanita Briones\u00bb y profesores de las Academias de las Escuelas Municipales de Danzas Folcl\u00f3ricas.<\/p>\n\n\n\n<figure class=\"wp-block-image size-large\"><a href=\"https:\/\/i0.wp.com\/elterritorialweb.com.ar\/web\/wp-content\/uploads\/2023\/09\/WhatsApp-Image-2023-09-09-at-16.22.34-1.jpeg\"><img data-recalc-dims=\"1\" decoding=\"async\" width=\"640\" height=\"427\" data-src=\"https:\/\/i0.wp.com\/elterritorialweb.com.ar\/web\/wp-content\/uploads\/2023\/09\/WhatsApp-Image-2023-09-09-at-16.22.34-1.jpeg?resize=640%2C427\" alt=\"\" class=\"wp-image-58032 lazyload\" data-srcset=\"https:\/\/i0.wp.com\/elterritorialweb.com.ar\/web\/wp-content\/uploads\/2023\/09\/WhatsApp-Image-2023-09-09-at-16.22.34-1.jpeg?resize=1024%2C683&amp;ssl=1 1024w, https:\/\/i0.wp.com\/elterritorialweb.com.ar\/web\/wp-content\/uploads\/2023\/09\/WhatsApp-Image-2023-09-09-at-16.22.34-1.jpeg?resize=300%2C200&amp;ssl=1 300w, https:\/\/i0.wp.com\/elterritorialweb.com.ar\/web\/wp-content\/uploads\/2023\/09\/WhatsApp-Image-2023-09-09-at-16.22.34-1.jpeg?resize=768%2C512&amp;ssl=1 768w, https:\/\/i0.wp.com\/elterritorialweb.com.ar\/web\/wp-content\/uploads\/2023\/09\/WhatsApp-Image-2023-09-09-at-16.22.34-1.jpeg?resize=1536%2C1024&amp;ssl=1 1536w, https:\/\/i0.wp.com\/elterritorialweb.com.ar\/web\/wp-content\/uploads\/2023\/09\/WhatsApp-Image-2023-09-09-at-16.22.34-1.jpeg?w=1599&amp;ssl=1 1599w, https:\/\/i0.wp.com\/elterritorialweb.com.ar\/web\/wp-content\/uploads\/2023\/09\/WhatsApp-Image-2023-09-09-at-16.22.34-1.jpeg?w=1280 1280w\" data-sizes=\"(max-width: 640px) 100vw, 640px\" src=\"data:image\/svg+xml;base64,PHN2ZyB3aWR0aD0iMSIgaGVpZ2h0PSIxIiB4bWxucz0iaHR0cDovL3d3dy53My5vcmcvMjAwMC9zdmciPjwvc3ZnPg==\" style=\"--smush-placeholder-width: 640px; --smush-placeholder-aspect-ratio: 640\/427;\" \/><\/a><\/figure>\n\n\n\n<p>El intendente Roger Nediani junto al viceintendente Gabriel Santill\u00e1n; la diputada Provincial Mariana Morales; la secretaria de Gobierno Dra. Victoria Torres; la secretaria de Comunicaci\u00f3n, Fernanda Raschi; el secretario de Ordenamiento Urbano, Joaquin Romano Norris, la subsecretaria de Educaci\u00f3n y Cultura, Alejandra Far\u00edas, la subsecretaria de Ordenamiento Urbano, Carolina Montenegro y la subsecretaria de Desarrollo Urbano, Gabriela Coronel, acompa\u00f1aron a los docentes durante la cena.<\/p>\n\n\n\n<p>El encuentro tuvo un variado men\u00fa, actuaciones en vivo del cantante Charly Latino, las cantantes Bel\u00e9n y Tatiana, y la musicalizaci\u00f3n de Dj Charly. Tambi\u00e9n hubo sorteos de importantes premios como dinero en efectivo, televisores y celulares.<\/p>\n\n\n\n<figure class=\"wp-block-gallery has-nested-images columns-default is-cropped wp-block-gallery-1 is-layout-flex wp-block-gallery-is-layout-flex\">\n<figure class=\"wp-block-image size-large\"><a href=\"https:\/\/i0.wp.com\/elterritorialweb.com.ar\/web\/wp-content\/uploads\/2023\/09\/WhatsApp-Image-2023-09-09-at-16.22.33-1.jpeg\"><img data-recalc-dims=\"1\" decoding=\"async\" width=\"640\" height=\"511\" data-id=\"58034\" data-src=\"https:\/\/i0.wp.com\/elterritorialweb.com.ar\/web\/wp-content\/uploads\/2023\/09\/WhatsApp-Image-2023-09-09-at-16.22.33-1.jpeg?resize=640%2C511\" alt=\"\" class=\"wp-image-58034 lazyload\" data-srcset=\"https:\/\/i0.wp.com\/elterritorialweb.com.ar\/web\/wp-content\/uploads\/2023\/09\/WhatsApp-Image-2023-09-09-at-16.22.33-1.jpeg?resize=1024%2C817&amp;ssl=1 1024w, https:\/\/i0.wp.com\/elterritorialweb.com.ar\/web\/wp-content\/uploads\/2023\/09\/WhatsApp-Image-2023-09-09-at-16.22.33-1.jpeg?resize=300%2C239&amp;ssl=1 300w, https:\/\/i0.wp.com\/elterritorialweb.com.ar\/web\/wp-content\/uploads\/2023\/09\/WhatsApp-Image-2023-09-09-at-16.22.33-1.jpeg?resize=768%2C613&amp;ssl=1 768w, https:\/\/i0.wp.com\/elterritorialweb.com.ar\/web\/wp-content\/uploads\/2023\/09\/WhatsApp-Image-2023-09-09-at-16.22.33-1.jpeg?w=1224&amp;ssl=1 1224w\" data-sizes=\"(max-width: 640px) 100vw, 640px\" src=\"data:image\/svg+xml;base64,PHN2ZyB3aWR0aD0iMSIgaGVpZ2h0PSIxIiB4bWxucz0iaHR0cDovL3d3dy53My5vcmcvMjAwMC9zdmciPjwvc3ZnPg==\" style=\"--smush-placeholder-width: 640px; --smush-placeholder-aspect-ratio: 640\/511;\" \/><\/a><\/figure>\n\n\n\n<figure class=\"wp-block-image size-large\"><a href=\"https:\/\/i0.wp.com\/elterritorialweb.com.ar\/web\/wp-content\/uploads\/2023\/09\/WhatsApp-Image-2023-09-09-at-16.22.34.jpeg\"><img data-recalc-dims=\"1\" decoding=\"async\" width=\"640\" height=\"506\" data-id=\"58033\" data-src=\"https:\/\/i0.wp.com\/elterritorialweb.com.ar\/web\/wp-content\/uploads\/2023\/09\/WhatsApp-Image-2023-09-09-at-16.22.34.jpeg?resize=640%2C506\" alt=\"\" class=\"wp-image-58033 lazyload\" data-srcset=\"https:\/\/i0.wp.com\/elterritorialweb.com.ar\/web\/wp-content\/uploads\/2023\/09\/WhatsApp-Image-2023-09-09-at-16.22.34.jpeg?resize=1024%2C810&amp;ssl=1 1024w, https:\/\/i0.wp.com\/elterritorialweb.com.ar\/web\/wp-content\/uploads\/2023\/09\/WhatsApp-Image-2023-09-09-at-16.22.34.jpeg?resize=300%2C237&amp;ssl=1 300w, https:\/\/i0.wp.com\/elterritorialweb.com.ar\/web\/wp-content\/uploads\/2023\/09\/WhatsApp-Image-2023-09-09-at-16.22.34.jpeg?resize=768%2C607&amp;ssl=1 768w, https:\/\/i0.wp.com\/elterritorialweb.com.ar\/web\/wp-content\/uploads\/2023\/09\/WhatsApp-Image-2023-09-09-at-16.22.34.jpeg?w=1366&amp;ssl=1 1366w, https:\/\/i0.wp.com\/elterritorialweb.com.ar\/web\/wp-content\/uploads\/2023\/09\/WhatsApp-Image-2023-09-09-at-16.22.34.jpeg?w=1280 1280w\" data-sizes=\"(max-width: 640px) 100vw, 640px\" src=\"data:image\/svg+xml;base64,PHN2ZyB3aWR0aD0iMSIgaGVpZ2h0PSIxIiB4bWxucz0iaHR0cDovL3d3dy53My5vcmcvMjAwMC9zdmciPjwvc3ZnPg==\" style=\"--smush-placeholder-width: 640px; --smush-placeholder-aspect-ratio: 640\/506;\" \/><\/a><\/figure>\n<\/figure>\n\n\n\n<p>En la oportunidad, el intendente Roger Nediani, declar\u00f3: \u00abEn este evento quisimos distinguir a nuestros docentes con una gran fiesta por su trabajo, compromiso, responsabilidad y el amor que le ponen a su labor cotidiana\u201d.<br>\u201cTenemos varios ejes de gesti\u00f3n que hemos tomado como pol\u00edtica de estado, la obra p\u00fablica, el servicio p\u00fablico, la salud y seguridad pero sobre todas las cosas para nosotros la educaci\u00f3n y la cultura es fundamental\u201d.<\/p>\n\n\n\n<figure class=\"wp-block-image size-large\"><a href=\"https:\/\/i0.wp.com\/elterritorialweb.com.ar\/web\/wp-content\/uploads\/2023\/09\/WhatsApp-Image-2023-09-09-at-16.22.35.jpeg\"><img data-recalc-dims=\"1\" decoding=\"async\" width=\"640\" height=\"454\" data-src=\"https:\/\/i0.wp.com\/elterritorialweb.com.ar\/web\/wp-content\/uploads\/2023\/09\/WhatsApp-Image-2023-09-09-at-16.22.35.jpeg?resize=640%2C454\" alt=\"\" class=\"wp-image-58030 lazyload\" data-srcset=\"https:\/\/i0.wp.com\/elterritorialweb.com.ar\/web\/wp-content\/uploads\/2023\/09\/WhatsApp-Image-2023-09-09-at-16.22.35.jpeg?resize=1024%2C726&amp;ssl=1 1024w, https:\/\/i0.wp.com\/elterritorialweb.com.ar\/web\/wp-content\/uploads\/2023\/09\/WhatsApp-Image-2023-09-09-at-16.22.35.jpeg?resize=300%2C213&amp;ssl=1 300w, https:\/\/i0.wp.com\/elterritorialweb.com.ar\/web\/wp-content\/uploads\/2023\/09\/WhatsApp-Image-2023-09-09-at-16.22.35.jpeg?resize=768%2C545&amp;ssl=1 768w, https:\/\/i0.wp.com\/elterritorialweb.com.ar\/web\/wp-content\/uploads\/2023\/09\/WhatsApp-Image-2023-09-09-at-16.22.35.jpeg?w=1523&amp;ssl=1 1523w, https:\/\/i0.wp.com\/elterritorialweb.com.ar\/web\/wp-content\/uploads\/2023\/09\/WhatsApp-Image-2023-09-09-at-16.22.35.jpeg?w=1280 1280w\" data-sizes=\"(max-width: 640px) 100vw, 640px\" src=\"data:image\/svg+xml;base64,PHN2ZyB3aWR0aD0iMSIgaGVpZ2h0PSIxIiB4bWxucz0iaHR0cDovL3d3dy53My5vcmcvMjAwMC9zdmciPjwvc3ZnPg==\" style=\"--smush-placeholder-width: 640px; --smush-placeholder-aspect-ratio: 640\/454;\" \/><\/a><\/figure>\n\n\n\n<p><br>Agreg\u00f3: \u201cHace poco tuvimos la primera edici\u00f3n de la Feria del Libro Municipal de La Banda donde los alumnos de los Jardines de Infantes, las escuelas primarias y secundarias, y los docentes y profesores fueron grandes protagonistas\u201d.<br>\u201cVamos a seguir trabajando y fortaleciendo la educaci\u00f3n para que sea una verdadera herramienta de transformaci\u00f3n de nuestra querida ciudad de La Banda\u00bb.<br>Por su parte, la subsecretaria Far\u00edas, se\u00f1al\u00f3: \u00abGracias al apoyo del intendente Roger Nediani preparamos una fiesta para los maestros y profesores que trabajan en las instituciones educativas que dependen de la comuna\u201d.<br>\u201cEl encuentro comprendi\u00f3 una cena, shows en vivo y sorteos de importantes premios. La tarea que realizan d\u00eda a d\u00eda es inigualable e invalorable, pero no quer\u00edamos dejar pasar esta fecha sin brindarles un detalle como una gran fiesta, ya que se la merecen\u00bb, finaliz\u00f3 Far\u00edas.<\/p>\n","protected":false},"excerpt":{"rendered":"<p>El Municipio de La Banda, a trav\u00e9s de la Subsecretar\u00eda de Educaci\u00f3n y Cultura, homenaje\u00f3 a los maestros y profesores municipales con una gran cena con motivo del \u00abD\u00eda del Maestro\u00bb y el \u00abD\u00eda del Profesor\u00bb que se celebrar\u00e1n en los pr\u00f3ximos d\u00edas.<\/p>\n","protected":false},"author":2,"featured_media":58035,"comment_status":"open","ping_status":"open","sticky":false,"template":"","format":"standard","meta":{"om_disable_all_campaigns":false,"_monsterinsights_skip_tracking":false,"_monsterinsights_sitenote_active":false,"_monsterinsights_sitenote_note":"","_monsterinsights_sitenote_category":0,"_uf_show_specific_survey":0,"_uf_disable_surveys":false,"jetpack_post_was_ever_published":false,"_jetpack_newsletter_access":"","_jetpack_dont_email_post_to_subs":false,"_jetpack_newsletter_tier_id":0,"_jetpack_memberships_contains_paywalled_content":false,"_jetpack_memberships_contains_paid_content":false,"footnotes":"","jetpack_publicize_message":"","jetpack_publicize_feature_enabled":true,"jetpack_social_post_already_shared":false,"jetpack_social_options":{"image_generator_settings":{"template":"highway","default_image_id":0,"font":"","enabled":false},"version":2}},"categories":[9],"tags":[71,51],"class_list":["post-58029","post","type-post","status-publish","format-standard","has-post-thumbnail","hentry","category-banda","tag-municipalidad-de-la-banda","tag-roger-nediani"],"aioseo_notices":[],"views":32,"jetpack_publicize_connections":[],"jetpack_featured_media_url":"https:\/\/i0.wp.com\/elterritorialweb.com.ar\/web\/wp-content\/uploads\/2023\/09\/WhatsApp-Image-2023-09-09-at-16.22.33.jpeg?fit=1428%2C1080&ssl=1","jetpack_sharing_enabled":true,"_links":{"self":[{"href":"https:\/\/elterritorialweb.com.ar\/web\/wp-json\/wp\/v2\/posts\/58029","targetHints":{"allow":["GET"]}}],"collection":[{"href":"https:\/\/elterritorialweb.com.ar\/web\/wp-json\/wp\/v2\/posts"}],"about":[{"href":"https:\/\/elterritorialweb.com.ar\/web\/wp-json\/wp\/v2\/types\/post"}],"author":[{"embeddable":true,"href":"https:\/\/elterritorialweb.com.ar\/web\/wp-json\/wp\/v2\/users\/2"}],"replies":[{"embeddable":true,"href":"https:\/\/elterritorialweb.com.ar\/web\/wp-json\/wp\/v2\/comments?post=58029"}],"version-history":[{"count":1,"href":"https:\/\/elterritorialweb.com.ar\/web\/wp-json\/wp\/v2\/posts\/58029\/revisions"}],"predecessor-version":[{"id":58036,"href":"https:\/\/elterritorialweb.com.ar\/web\/wp-json\/wp\/v2\/posts\/58029\/revisions\/58036"}],"wp:featuredmedia":[{"embeddable":true,"href":"https:\/\/elterritorialweb.com.ar\/web\/wp-json\/wp\/v2\/media\/58035"}],"wp:attachment":[{"href":"https:\/\/elterritorialweb.com.ar\/web\/wp-json\/wp\/v2\/media?parent=58029"}],"wp:term":[{"taxonomy":"category","embeddable":true,"href":"https:\/\/elterritorialweb.com.ar\/web\/wp-json\/wp\/v2\/categories?post=58029"},{"taxonomy":"post_tag","embeddable":true,"href":"https:\/\/elterritorialweb.com.ar\/web\/wp-json\/wp\/v2\/tags?post=58029"}],"curies":[{"name":"wp","href":"https:\/\/api.w.org\/{rel}","templated":true}]}}